{"id":3064,"date":"2010-10-05T11:22:50","date_gmt":"2010-10-05T11:22:50","guid":{"rendered":"http:\/\/e-anjelik.sk\/?p=3064"},"modified":"2010-10-05T11:22:50","modified_gmt":"2010-10-05T11:22:50","slug":"prudky-upadok-clenov-cirkvi-v-kodani","status":"publish","type":"post","link":"https:\/\/www.e-anjelik.sk\/index.php\/2010\/10\/05\/prudky-upadok-clenov-cirkvi-v-kodani\/","title":{"rendered":"Prudk\u00fd \u00fapadok \u010dlenov cirkvi v Kodani"},"content":{"rendered":"<p>V niektor&yacute;ch cirkevn&yacute;ch zboroch lut. cirkvi v Kodani u\u017e \u010dlenmi cirkvi nie je ani polovica obyvate\u013eov. K&yacute;m v celom D&aacute;nsku patr&iacute; k cirkvi okolo 80% obyvate\u013eov, v Kodani je zbor ,kde po\u010det tvor&iacute; len 27,1% . Upad&aacute; po\u010det krstov det&iacute; medzi 0-4 rokmi. V jednom zbore z mo\u017en&yacute;ch 584 det&iacute; bolo v cirkvi pokrsten&yacute;ch len 47 det&iacute;. Najnov&scaron;ie &uacute;daje D&aacute;nskeho &scaron;tatistick&eacute;ho &uacute;radu uv&aacute;dzaj&uacute;, \u017ee v troch cirkevn&yacute;ch zboroch Kodane tvor&iacute; \u010dlenstvo cirkvi len menej ako 50% obyvate\u013eov. Celkov&aacute; priemern&aacute; v&yacute;&scaron;ka po\u010dtu \u010dlenov v kodanskej diec&eacute;ze je 64%. Bud&uacute;cnos\u0165 cirkvi je&nbsp; ve\u013emi chm&uacute;rna. Ved&uacute;ci cirkvi sa preto zam&yacute;&scaron;\u013eaj&uacute;, \u010do treba robi\u0165, aby sa tento trend zastavil. Cirkev sa mus&iacute; otvori\u0165 aj etnick&yacute;m skupin&aacute;m a integrova\u0165 ich, intenz&iacute;vnej&scaron;ie sa venova\u0165 rodin&aacute;m s de\u0165mi a&nbsp;ml&aacute;de\u017ei.<\/p>\n<p>(<a href=\"http:\/\/www.interchurch.dk\">www.interchurch.dk<\/a>)<\/p>\n","protected":false},"excerpt":{"rendered":"<p>V niektor&yacute;ch cirkevn&yacute;ch zboroch lut. cirkvi v Kodani u\u017e \u010dlenmi cirkvi nie je ani polovica obyvate\u013eov. K&yacute;m v celom D&aacute;nsku patr&iacute; k cirkvi okolo 80% obyvate\u013eov, v Kodani je zbor ,kde po\u010det tvor&iacute; len 27,1% . Upad&aacute; po\u010det krstov det&iacute; medzi 0-4 rokmi. V jednom zbore z mo\u017en&yacute;ch 584 det&iacute; bolo v cirkvi pokrsten&yacute;ch len &#8230; <a title=\"Prudk\u00fd \u00fapadok \u010dlenov cirkvi v Kodani\" class=\"read-more\" href=\"https:\/\/www.e-anjelik.sk\/index.php\/2010\/10\/05\/prudky-upadok-clenov-cirkvi-v-kodani\/\" aria-label=\"Pre\u010d\u00edtajte si viac o Prudk\u00fd \u00fapadok \u010dlenov cirkvi v Kodani\">\u010c\u00edta\u0165 viac<\/a><\/p>\n","protected":false},"author":22,"featured_media":0,"comment_status":"open","ping_status":"open","sticky":false,"template":"","format":"standard","meta":{"footnotes":""},"categories":[9,10],"tags":[],"class_list":["post-3064","post","type-post","status-publish","format-standard","hentry","category-europa","category-zo-sveta"],"_links":{"self":[{"href":"https:\/\/www.e-anjelik.sk\/index.php\/wp-json\/wp\/v2\/posts\/3064","targetHints":{"allow":["GET"]}}],"collection":[{"href":"https:\/\/www.e-anjelik.sk\/index.php\/wp-json\/wp\/v2\/posts"}],"about":[{"href":"https:\/\/www.e-anjelik.sk\/index.php\/wp-json\/wp\/v2\/types\/post"}],"author":[{"embeddable":true,"href":"https:\/\/www.e-anjelik.sk\/index.php\/wp-json\/wp\/v2\/users\/22"}],"replies":[{"embeddable":true,"href":"https:\/\/www.e-anjelik.sk\/index.php\/wp-json\/wp\/v2\/comments?post=3064"}],"version-history":[{"count":0,"href":"https:\/\/www.e-anjelik.sk\/index.php\/wp-json\/wp\/v2\/posts\/3064\/revisions"}],"wp:attachment":[{"href":"https:\/\/www.e-anjelik.sk\/index.php\/wp-json\/wp\/v2\/media?parent=3064"}],"wp:term":[{"taxonomy":"category","embeddable":true,"href":"https:\/\/www.e-anjelik.sk\/index.php\/wp-json\/wp\/v2\/categories?post=3064"},{"taxonomy":"post_tag","embeddable":true,"href":"https:\/\/www.e-anjelik.sk\/index.php\/wp-json\/wp\/v2\/tags?post=3064"}],"curies":[{"name":"wp","href":"https:\/\/api.w.org\/{rel}","templated":true}]}}