{"id":30640,"date":"2016-07-08T10:08:41","date_gmt":"2016-07-08T08:08:41","guid":{"rendered":"http:\/\/www.evanjelik.sk\/?p=30640"},"modified":"2016-07-08T10:08:41","modified_gmt":"2016-07-08T08:08:41","slug":"posvatili-novy-lut-chram-sv-marka-v-kijeve-ukrajina","status":"publish","type":"post","link":"https:\/\/www.e-anjelik.sk\/index.php\/2016\/07\/08\/posvatili-novy-lut-chram-sv-marka-v-kijeve-ukrajina\/","title":{"rendered":"Posv\u00e4tili nov\u00fd lut.  chr\u00e1m sv. Marka v Kijeve, Ukrajina"},"content":{"rendered":"<p>V nede\u013eu 19. j\u00fana 2016 bola v Kijeve, na ulici Turgenivskij 24, sl\u00e1vnos\u0165 posviacky nov\u00e9ho chr\u00e1mu sv. Marka cirkevn\u00e9ho zboru Vzkriesenia Ukrajinskej luter\u00e1nskej cirkvi. Posviacku vykonal biskup tejto cirkvi Vja\u010deslav Horpyn\u010duk za asistencie po\u010detn\u00e9ho duchovenstva. Pr\u00edtomn\u00fd bol aj prezident WELS &#8211; Wisconsin Evangelical Lutheran Synod &#8211; z USA Rev. Mark Schroeder. T\u00e1to cirkev je partnerskou cirkvou ULC a jej ve\u013ek\u00fdm mecen\u00e1\u0161om. Aj teraz WELS darovala pre nov\u00fd chr\u00e1m farebne vitr\u00e1\u017eovan\u00e9 okn\u00e1.<\/p>\n<p>(wels.net; ukrainske liuteranstvo)<\/p>\n<p><a href=\"https:\/\/2.bp.blogspot.com\/-4F1wAZ43-Hk\/V2urNWXCY6I\/AAAAAAAALEU\/CGb1E5zX4xs9AmRh7m9vsIi1-nIhD_s_QCKgB\/s1600\/%25D0%259E%25D1%2581%25D0%25B2%25D1%258F%25D1%2587%25D0%25B5%25D0%25BD%25D0%25BD%25D1%258F02.jpg\"><img loading=\"lazy\" decoding=\"async\" src=\"https:\/\/2.bp.blogspot.com\/-4F1wAZ43-Hk\/V2urNWXCY6I\/AAAAAAAALEU\/CGb1E5zX4xs9AmRh7m9vsIi1-nIhD_s_QCKgB\/s400\/%25D0%259E%25D1%2581%25D0%25B2%25D1%258F%25D1%2587%25D0%25B5%25D0%25BD%25D0%25BD%25D1%258F02.jpg\" alt=\"\" width=\"400\" height=\"300\" border=\"0\" \/><\/a>\u00a0interi\u00e9r nov\u00e9ho chr\u00e1mu<\/p>\n","protected":false},"excerpt":{"rendered":"<p>V nede\u013eu 19. j\u00fana 2016 bola v Kijeve, na ulici Turgenivskij 24, sl\u00e1vnos\u0165 posviacky nov\u00e9ho chr\u00e1mu sv. Marka cirkevn\u00e9ho zboru Vzkriesenia Ukrajinskej luter\u00e1nskej cirkvi. Posviacku vykonal biskup tejto cirkvi Vja\u010deslav Horpyn\u010duk za asistencie po\u010detn\u00e9ho duchovenstva. Pr\u00edtomn\u00fd bol aj prezident WELS &#8211; Wisconsin Evangelical Lutheran Synod &#8211; z USA Rev. Mark Schroeder. T\u00e1to cirkev je partnerskou &#8230; <a title=\"Posv\u00e4tili nov\u00fd lut.  chr\u00e1m sv. Marka v Kijeve, Ukrajina\" class=\"read-more\" href=\"https:\/\/www.e-anjelik.sk\/index.php\/2016\/07\/08\/posvatili-novy-lut-chram-sv-marka-v-kijeve-ukrajina\/\" aria-label=\"Pre\u010d\u00edtajte si viac o Posv\u00e4tili nov\u00fd lut.  chr\u00e1m sv. Marka v Kijeve, Ukrajina\">\u010c\u00edta\u0165 viac<\/a><\/p>\n","protected":false},"author":2,"featured_media":0,"comment_status":"open","ping_status":"closed","sticky":false,"template":"","format":"standard","meta":{"footnotes":""},"categories":[9,130],"tags":[],"class_list":["post-30640","post","type-post","status-publish","format-standard","hentry","category-europa","category-ukrajinska-luteranska-cirkev"],"_links":{"self":[{"href":"https:\/\/www.e-anjelik.sk\/index.php\/wp-json\/wp\/v2\/posts\/30640","targetHints":{"allow":["GET"]}}],"collection":[{"href":"https:\/\/www.e-anjelik.sk\/index.php\/wp-json\/wp\/v2\/posts"}],"about":[{"href":"https:\/\/www.e-anjelik.sk\/index.php\/wp-json\/wp\/v2\/types\/post"}],"author":[{"embeddable":true,"href":"https:\/\/www.e-anjelik.sk\/index.php\/wp-json\/wp\/v2\/users\/2"}],"replies":[{"embeddable":true,"href":"https:\/\/www.e-anjelik.sk\/index.php\/wp-json\/wp\/v2\/comments?post=30640"}],"version-history":[{"count":0,"href":"https:\/\/www.e-anjelik.sk\/index.php\/wp-json\/wp\/v2\/posts\/30640\/revisions"}],"wp:attachment":[{"href":"https:\/\/www.e-anjelik.sk\/index.php\/wp-json\/wp\/v2\/media?parent=30640"}],"wp:term":[{"taxonomy":"category","embeddable":true,"href":"https:\/\/www.e-anjelik.sk\/index.php\/wp-json\/wp\/v2\/categories?post=30640"},{"taxonomy":"post_tag","embeddable":true,"href":"https:\/\/www.e-anjelik.sk\/index.php\/wp-json\/wp\/v2\/tags?post=30640"}],"curies":[{"name":"wp","href":"https:\/\/api.w.org\/{rel}","templated":true}]}}