{"id":3067,"date":"2010-10-06T08:45:12","date_gmt":"2010-10-06T08:45:12","guid":{"rendered":"http:\/\/e-anjelik.sk\/?p=3067"},"modified":"2010-10-06T08:45:12","modified_gmt":"2010-10-06T08:45:12","slug":"v-rime-maju-v-buducnosti-pomenovat-ulicu-po-m-lutherovi","status":"publish","type":"post","link":"https:\/\/www.e-anjelik.sk\/index.php\/2010\/10\/06\/v-rime-maju-v-buducnosti-pomenovat-ulicu-po-m-lutherovi\/","title":{"rendered":"V R\u00edme maj\u00fa v bud\u00facnosti pomenova\u0165 ulicu po M.Lutherovi"},"content":{"rendered":"<p>V R&iacute;me maj&uacute; v bud&uacute;cnosti pomenova\u0165 ulicu po zn&aacute;mom nemeckom reform&aacute;torovi M.Lutherovi. Otvoren&eacute; je e&scaron;te, ktor&eacute; miesto bude nies\u0165 meno tohto v&yacute;znamn&eacute;ho \u010dloveka. Nebude to v novom s&iacute;dlisku, ale m&aacute; to by\u0165 niekde v Starom meste. Nepomenovan&yacute;ch ul&iacute;c je tam v&scaron;ak m&aacute;lo. Evanjelicko-luter&aacute;nska cirkev v Taliansku chce 11. okt.t.r. pri &scaron;tudijnom dni na r&iacute;mskej radnici verejnos\u0165 upozorni\u0165 na t&uacute;to t&eacute;mu. Po\u010das v&iacute;kendu bude t&aacute;to cirkev prv&yacute; raz v R&iacute;me organizova\u0165 cirkevn&eacute; dni, na ktor&yacute;ch sa bude hovori\u0165 aj o Lutherov&yacute;ch stop&aacute;ch v R&iacute;me.<\/p>\n<p>(<a href=\"http:\/\/www.ekd.de\">www.ekd.de<\/a>)<\/p>\n","protected":false},"excerpt":{"rendered":"<p>V R&iacute;me maj&uacute; v bud&uacute;cnosti pomenova\u0165 ulicu po zn&aacute;mom nemeckom reform&aacute;torovi M.Lutherovi. Otvoren&eacute; je e&scaron;te, ktor&eacute; miesto bude nies\u0165 meno tohto v&yacute;znamn&eacute;ho \u010dloveka. Nebude to v novom s&iacute;dlisku, ale m&aacute; to by\u0165 niekde v Starom meste. Nepomenovan&yacute;ch ul&iacute;c je tam v&scaron;ak m&aacute;lo. Evanjelicko-luter&aacute;nska cirkev v Taliansku chce 11. okt.t.r. pri &scaron;tudijnom dni na r&iacute;mskej radnici &#8230; <a title=\"V R\u00edme maj\u00fa v bud\u00facnosti pomenova\u0165 ulicu po M.Lutherovi\" class=\"read-more\" href=\"https:\/\/www.e-anjelik.sk\/index.php\/2010\/10\/06\/v-rime-maju-v-buducnosti-pomenovat-ulicu-po-m-lutherovi\/\" aria-label=\"Pre\u010d\u00edtajte si viac o V R\u00edme maj\u00fa v bud\u00facnosti pomenova\u0165 ulicu po M.Lutherovi\">\u010c\u00edta\u0165 viac<\/a><\/p>\n","protected":false},"author":22,"featured_media":0,"comment_status":"open","ping_status":"open","sticky":false,"template":"","format":"standard","meta":{"footnotes":""},"categories":[9,10],"tags":[],"class_list":["post-3067","post","type-post","status-publish","format-standard","hentry","category-europa","category-zo-sveta"],"_links":{"self":[{"href":"https:\/\/www.e-anjelik.sk\/index.php\/wp-json\/wp\/v2\/posts\/3067","targetHints":{"allow":["GET"]}}],"collection":[{"href":"https:\/\/www.e-anjelik.sk\/index.php\/wp-json\/wp\/v2\/posts"}],"about":[{"href":"https:\/\/www.e-anjelik.sk\/index.php\/wp-json\/wp\/v2\/types\/post"}],"author":[{"embeddable":true,"href":"https:\/\/www.e-anjelik.sk\/index.php\/wp-json\/wp\/v2\/users\/22"}],"replies":[{"embeddable":true,"href":"https:\/\/www.e-anjelik.sk\/index.php\/wp-json\/wp\/v2\/comments?post=3067"}],"version-history":[{"count":0,"href":"https:\/\/www.e-anjelik.sk\/index.php\/wp-json\/wp\/v2\/posts\/3067\/revisions"}],"wp:attachment":[{"href":"https:\/\/www.e-anjelik.sk\/index.php\/wp-json\/wp\/v2\/media?parent=3067"}],"wp:term":[{"taxonomy":"category","embeddable":true,"href":"https:\/\/www.e-anjelik.sk\/index.php\/wp-json\/wp\/v2\/categories?post=3067"},{"taxonomy":"post_tag","embeddable":true,"href":"https:\/\/www.e-anjelik.sk\/index.php\/wp-json\/wp\/v2\/tags?post=3067"}],"curies":[{"name":"wp","href":"https:\/\/api.w.org\/{rel}","templated":true}]}}