{"id":30679,"date":"2016-07-26T22:33:53","date_gmt":"2016-07-26T20:33:53","guid":{"rendered":"http:\/\/www.evanjelik.sk\/?p=30679"},"modified":"2016-07-26T22:33:53","modified_gmt":"2016-07-26T20:33:53","slug":"cestou-necestou-1","status":"publish","type":"post","link":"https:\/\/www.e-anjelik.sk\/index.php\/2016\/07\/26\/cestou-necestou-1\/","title":{"rendered":"Cestou &#8211; necestou (1)"},"content":{"rendered":"<p>Ako som v \u0160panielsku zatvoril dvere do E\u00da<\/p>\n<p>Za\u010dali sa \u0161kolsk\u00e9 pr\u00e1zdniny, dni dovoleniek a cestovania. Je tu mo\u017enos\u0165 nav\u0161t\u00edvi\u0165 miesta zn\u00e1me, ale aj spozna\u0165 a sk\u00fasi\u0165 nie\u010do nov\u00e9. Z\u00e1\u017eitky pri cest\u00e1ch do zahrani\u010dia s\u00fa \u010dasto v\u00fdnimo\u010dn\u00e9. V\u0161etko sa vopred napl\u00e1nova\u0165 ned\u00e1 a o prekvapenia nie je n\u00fadza. Niektor\u00e9 s\u00fa mil\u00e9 a pr\u00edjemn\u00e9, ale nech\u00fdbaj\u00fa ani menej pr\u00edjemn\u00e9. \u010citate\u013eom EPST \u017eel\u00e1me v\u0161ak len tie najkraj\u0161ie a najpr\u00edjemne\u0161ie. Ak sa aj neudeje na ceste v zahrani\u010d\u00ed nie\u010do mimoriadne, v\u017edy je to sk\u00fasenos\u0165, ktor\u00e1 \u010dloveka obohat\u00ed. Lebo ako sa hovor\u00ed, je lep\u0161ie raz vidie\u0165, ako stokr\u00e1t po\u010du\u0165. S nieko\u013ek\u00fdmi z\u00e1\u017eitkami z mojich ciest sa chcem s \u010ditate\u013emi podeli\u0165. Dnes to bude o tom, ako som v \u0160panielsku Maro\u010danom zatvoril dvere do Eur\u00f3pskej \u00fanie.<\/p>\n<p>T\u00e1to udalos\u0165 sa odohrala na severoafrickom pobre\u017e\u00ed, v exotickom a orient\u00e1lnom \u0161t\u00e1te Maroko, ale napriek tomu na \u00fazem\u00ed E\u00da. Nie v\u0161etk\u00fdm je mo\u017eno zn\u00e1me, \u017ee na \u00fazem\u00ed Maroka s\u00fa tri mest\u00e1, ktor\u00e9 dodnes patria \u0160panielsku, ktor\u00e9 je \u010dlensk\u00fdm \u0161t\u00e1tom EU. Tis\u00edce Maro\u010danov \u017eije, pracuje a b\u00fdva najm\u00e4 v Belgicku a okolit\u00fdch \u0161t\u00e1toch a do Maroka prich\u00e1dzaj\u00fa len na dovolenku k rodin\u00e1m. Na preplnenom trajekte do Maroka st\u00e1l ved\u013ea m\u0148a mu\u017e v strednom veku, s tromi &#8211; \u0161tyrmi ve\u013ek\u00fdmi kuframi. Na jednom z nich mal priviazan\u00fa detsk\u00fa trojkolku. S \u00fasmevom a pochopen\u00edm som mu k\u00fdvol na pozdrav, ktor\u00fd op\u00e4toval. Pripomenulo mi to situ\u00e1ciu, ke\u010f som kedysi aj ja z b\u00fdvalej NDR niesol trojkolku pre svojho najmlad\u0161ieho syna i v\u0161etky peripetie, ktor\u00e9 som mal pri jej k\u00fape. Je to u\u017e d\u00e1vno, hoci aj t\u00e1to sk\u00fasenos\u0165 by mo\u017eno tie\u017e st\u00e1la za spomienku. Ale dnes to bude o inom.<\/p>\n<p>Mesto, ktor\u00e9 sme s na\u0161ou skupinou nav\u0161t\u00edvili sa vol\u00e1 Melilla. Chaos, ktor\u00fd vl\u00e1dol na jeho hraniciach je \u0165a\u017eko op\u00edsate\u013en\u00fd. Aut\u00e1, autobusy, bicyklisti i chodci valiaci sa z oboma smermi sp\u00f4sobovali tu hotov\u00fd Babylon. Obchoduje sa tu doslova so v\u0161etk\u00fdm. Aj s vecami, ktor\u00e9 tvoria u n\u00e1s domov\u00fd odpad, napr\u00edklad pet f\u013ea\u0161e. Pritom Maroko nie je \u017eiaden chudobn\u00fd \u0161t\u00e1t. Naopak, m\u00e1 okrem ropy, mno\u017estvo nerastn\u00fdch surov\u00edn i pomerne rozvinut\u00fd priemysel. Stavia dia\u013enice a m\u00e1 modern\u00fd lietadlov\u00fd park, ktor\u00fd mu m\u00f4\u017eeme z\u00e1vidie\u0165. Rozvinut\u00fa lodn\u00fa dpravu ani nespom\u00ednam.<\/p>\n<p>Melilla je ve\u013emi pekn\u00e9 mesto so zachovan\u00fdmi stredovek\u00fdmi hradbami, bohat\u00fdmi historick\u00fdmi i moder\u00fdmi budovami a luxusn\u00fdmi obchodmi. Dosta\u0165 sa\u00a0 do mesta je cie\u013eom a t\u00fa\u017ebou mnoh\u00fdch Maro\u010danov, ale aj in\u00fdch Afri\u010danov, preto\u017ee t\u00fdm \u010dinom sa dostan\u00fa na v\u00fdsostn\u00e9 \u00fazemie \u0160panielska, krajiny E\u00da. Jednou z leg\u00e1lnych mo\u017enost\u00ed je k\u00fapa domu v Melille. Bohat\u00ed Maro\u010dania ich tu z\u00edskavaj\u00fa st\u00e1le viac a viac a pomaly menia charakter mesta. Pre chudobn\u00fdch tu zost\u00e1va pomerne jednoduch\u00fd sp\u00f4sob ako sa dosta\u0165 do Melilly, ale pr\u00e1ve ten som v spolupr\u00e1ci s ved\u00facim skupiny na\u0161ich turistov potencion\u00e1lnym migrantom aspo\u0148 nakr\u00e1tko znemo\u017enil. Ako sa to ud?<\/p>\n<p>V jednej \u010dasti spom\u00ednan\u00fdch hradieb nech\u00fdba ani stredovek\u00fd hrad. Obyvatelia mesta a obrancovia hradieb za\u017eili v stredoveku naozaj kru\u0161n\u00e9 \u010dasy. Mauri ho chceli dobi\u0165 a z\u00edska\u0165, \u010do so im v\u0161ak zatia\u013e nepodarilo. Dnes je v tomto hrade mestsk\u00e9 m\u00fazeum. P\u00e1r metrov pod hradbami, medzi skalami s\u00fa cesti\u010dky, ktor\u00e9 ved\u00fa od Stredozemn\u00e9ho mora pomedzi skaly priamo k dubov\u00fdm, stredovek\u00fdm dver\u00e1m v spodnej \u010dasti hradieb. Ak sa niekedy stane, \u017ee tieto dvere n\u00e1v\u0161tevn\u00edci m\u00fazea a hradu zabudn\u00fa za sebou zatvori\u0165, v\u017edy sa n\u00e1jdu \u013eudia pripraven\u00ed doplavi\u0165 sa na \u00fazku pl\u00e1\u017e a vst\u00fapi\u0165 v noci dverami do hradn\u00e9ho m\u00fazea. Tam v pokoji vy\u010dkaj\u00fa do r\u00e1na a po otvoren\u00ed m\u00fazea vych\u00e1dzaj\u00fa do mesta medzi ob\u010danov Melilly. Tak sa dost\u00e1vaj\u00fa nielen na \u00fazemie \u0160panielskeho kr\u00e1\u013eovstva, ale aj EU. Po\u017eiada\u0165 o azyl, alebo o n\u00e1v\u0161tevu krajanov v EU je u\u017e potom jednoduch\u00e9.<\/p>\n<p>Ke\u010f\u017ee sme v inkriminovan\u00fd de\u0148 boli poslednou n\u00e1v\u0161tevou v m\u00fazeu, diev\u010diny v pokladnici na n\u00e1\u0161ho ved\u00faceho zakri\u010dali: \u201dNezabudnite zatvori\u0165 dvere!\u201d Tieto dvere s\u00fa star\u00e9, \u0165a\u017ek\u00e9 a rozsu\u0161en\u00e9. Z vn\u00fatra sa zatv\u00e1raj\u00fa iba \u017eeleznou z\u00e1vorou. Podobn\u00e9 existovali kedysi po na\u0161ich dededin\u00e1ch na prasa\u010d\u00edch a in\u00fdch chlievoch. Ved\u00faci pritla\u010dil n\u00edzke dvere a ja som ich \u201czaha\u0161proval\u201d. Zastr\u010den\u00edm z\u00e1vory som celkom regul\u00e9rne zatvoril dvere Maro\u010danom a in\u00fdm Afri\u010danom ved\u00face do Melilly a tak do EU. H\u013ea, ak\u00e9 je jednoduch\u00e9 obmedzi\u0165 po\u010det migrantov. Sta\u010dilo posl\u00fachnu\u0165 diev\u010dat\u00e1 z pokladne. A P\u00edsmo hovor\u00ed: \u201dKto nevch\u00e1dza do ov\u010d\u00ednca dverami, ale inokade prelieza, je zlodej a lotor.\u201d (J 10,1)<\/p>\n<p>Keby takto posl\u00fachli \u013eud\u00ed a urobili aj hlavn\u00ed politici EU, mo\u017eno nemuselo pr\u00eds\u0165 k brexitu a ani k in\u00fdm nerozv\u00e1\u017enym a n\u00e1siln\u00fdm aktom. Pou\u010denie z tejto cesty je nasledovn\u00e9: Dvere do EU m\u00e1me zabezpe\u010den\u00e9 ve\u013emi slabo a trochu silnej\u0161\u00ed n\u00e1por nemusia vydr\u017ea nielen dvere, ale aj cel\u00e1 E\u00da. Osobne sa v\u0161ak di\u0161tancujem od nariadenia Sixta IV., ktor\u00fd schv\u00e1lil \u0161panielsku inkviz\u00edciu a v roku 1480 ju v Seville uviedli do \u017eivota. T\u00e1to 25 rokov pred Lutherovou reform\u00e1ciou vypovedala zo \u0160panielska v\u0161etk\u00fdch \u017didov a mohamed\u00e1nskych Maurov, nesk\u00f4r aj v\u0161etk\u00fdch protestantov. Podobnos\u0165 je preto \u010diste n\u00e1hodn\u00e1.<\/p>\n<p>\u013dubom\u00edr Batka st.<\/p>\n<p>PS:<\/p>\n<p>P\u00edsan\u00e9 pre EPST a <a href=\"http:\/\/www.wvanjelik.sk\">www.wvanjelik.sk<\/a>\u00a0 \u013d.B.st<\/p>\n<p>&nbsp;<\/p>\n","protected":false},"excerpt":{"rendered":"<p>Ako som v \u0160panielsku zatvoril dvere do E\u00da Za\u010dali sa \u0161kolsk\u00e9 pr\u00e1zdniny, dni dovoleniek a cestovania. Je tu mo\u017enos\u0165 nav\u0161t\u00edvi\u0165 miesta zn\u00e1me, ale aj spozna\u0165 a sk\u00fasi\u0165 nie\u010do nov\u00e9. Z\u00e1\u017eitky pri cest\u00e1ch do zahrani\u010dia s\u00fa \u010dasto v\u00fdnimo\u010dn\u00e9. V\u0161etko sa vopred napl\u00e1nova\u0165 ned\u00e1 a o prekvapenia nie je n\u00fadza. Niektor\u00e9 s\u00fa mil\u00e9 a pr\u00edjemn\u00e9, ale nech\u00fdbaj\u00fa &#8230; <a title=\"Cestou &#8211; necestou (1)\" class=\"read-more\" href=\"https:\/\/www.e-anjelik.sk\/index.php\/2016\/07\/26\/cestou-necestou-1\/\" aria-label=\"Pre\u010d\u00edtajte si viac o Cestou &#8211; necestou (1)\">\u010c\u00edta\u0165 viac<\/a><\/p>\n","protected":false},"author":4,"featured_media":0,"comment_status":"open","ping_status":"closed","sticky":false,"template":"","format":"standard","meta":{"footnotes":""},"categories":[1],"tags":[],"class_list":["post-30679","post","type-post","status-publish","format-standard","hentry","category-adventna-modlitba"],"_links":{"self":[{"href":"https:\/\/www.e-anjelik.sk\/index.php\/wp-json\/wp\/v2\/posts\/30679","targetHints":{"allow":["GET"]}}],"collection":[{"href":"https:\/\/www.e-anjelik.sk\/index.php\/wp-json\/wp\/v2\/posts"}],"about":[{"href":"https:\/\/www.e-anjelik.sk\/index.php\/wp-json\/wp\/v2\/types\/post"}],"author":[{"embeddable":true,"href":"https:\/\/www.e-anjelik.sk\/index.php\/wp-json\/wp\/v2\/users\/4"}],"replies":[{"embeddable":true,"href":"https:\/\/www.e-anjelik.sk\/index.php\/wp-json\/wp\/v2\/comments?post=30679"}],"version-history":[{"count":0,"href":"https:\/\/www.e-anjelik.sk\/index.php\/wp-json\/wp\/v2\/posts\/30679\/revisions"}],"wp:attachment":[{"href":"https:\/\/www.e-anjelik.sk\/index.php\/wp-json\/wp\/v2\/media?parent=30679"}],"wp:term":[{"taxonomy":"category","embeddable":true,"href":"https:\/\/www.e-anjelik.sk\/index.php\/wp-json\/wp\/v2\/categories?post=30679"},{"taxonomy":"post_tag","embeddable":true,"href":"https:\/\/www.e-anjelik.sk\/index.php\/wp-json\/wp\/v2\/tags?post=30679"}],"curies":[{"name":"wp","href":"https:\/\/api.w.org\/{rel}","templated":true}]}}