{"id":3068,"date":"2010-10-06T10:17:16","date_gmt":"2010-10-06T10:17:16","guid":{"rendered":"http:\/\/e-anjelik.sk\/?p=3068"},"modified":"2010-10-06T10:17:16","modified_gmt":"2010-10-06T10:17:16","slug":"zomrel-th-b-pavel-uhorskai-emeritny-gen-biskup-ecav","status":"publish","type":"post","link":"https:\/\/www.e-anjelik.sk\/index.php\/2010\/10\/06\/zomrel-th-b-pavel-uhorskai-emeritny-gen-biskup-ecav\/","title":{"rendered":"Zomrel Th.B. Pavel Uhorskai, emeritn\u00fd gen. biskup ECAV"},"content":{"rendered":"<p>V utorok 5. okt. 2010 zomrel vo veku 91 rokov emeritn&yacute; gen. biskup ThB Pavel Uhorskai. Pohreb bude v sobotu 9. okt. 2010 o 14.30 hodine v ev. chr&aacute;me v Tom&aacute;&scaron;ovciach pri Lu\u010denci. Slovo Bo\u017eie bude zvestova\u0165 gen. biskup Milo&scaron; Kl&aacute;tik.<\/p>\n<p>P.Uhorskai sa narodil 2. marca 1919 v Tom&aacute;&scaron;ovciach. Po &scaron;t&uacute;di&aacute;ch sa stal&nbsp; k\u0148azom, ale pre pastora\u010dn&uacute; \u010dinnos\u0165 s ml&aacute;de\u017eou a kritiku komunistick&eacute;ho re\u017eimu ho r. 1950 zatkli, ods&uacute;dili a uv&auml;znili. R. 1953 ho prepustili z v&auml;zenia, no ani potom nemohol vykon&aacute;va\u0165 slu\u017ebu duchovn&eacute;ho pastiera. Bol drevoruba\u010dom a robotn&iacute;kom a\u017e do odchodu do d&ocirc;chodku r. 1979. Po politickej zmene si ho evanjelici na Slovensku r. 1990 zvolili za gen. biskupa . V &uacute;rade sl&uacute;\u017eil do roku 1994, kedy odi&scaron;iel do d&ocirc;chodku. R. 1995 ho prezident SR vyznamenal Radom \u013dudov&iacute;ta &Scaron;t&uacute;ra 1. triedy. P. Uhorskai nap&iacute;sal memo&aacute;rov&uacute; knihu na roky v&auml;znenia, ktor&aacute; bola prelo\u017een&aacute; tie\u017e do nem\u010diny a angli\u010dtiny. S kolekt&iacute;vom pracovn&iacute;kov vydal trojzv&auml;zkov&eacute; dielo Evanjelici v dejin&aacute;ch slovenskej kult&uacute;ry.Dielo vy&scaron;lo v Tranosciu. Jeho teol&oacute;giou bol Je\u017ei&scaron; Kristus a Jeho vykupite\u013esk&aacute; smr\u0165. Anga\u017eoval sa a podporoval misijn&eacute; a evanjeliza\u010dn&eacute; podujatia. Roky 1990 a\u017e 1994 v &uacute;rade gen. biskupa boli ve\u013emi \u0165a\u017ek&eacute; a zlo\u017eit&eacute;. S Bo\u017eou pomocou viedol svoju cirkev spr&aacute;vnym smerom ku Kristovi. O tom sved\u010dia jeho pr&iacute;hovory, k&aacute;zne i odpovede na ot&aacute;zky novin&aacute;rov. Vyzn&aacute;val P&aacute;na neohrozene a dr\u017eal sa verne P&iacute;sma, \u017ee viacej treba posl&uacute;cha\u0165 Boha ako \u013eud&iacute;. Posledn&eacute; roky pre\u017eil vo svojom rodinnom dome v Tom&aacute;&scaron;ovciach. &quot;Smie\u0165 \u017ei\u0165 pre Krista, k&yacute;m trv&aacute; de\u0148, no, i ke\u010f \u017eia\u013eny zapadol tie\u0148, v\u017edy smie\u0165 Mu sl&uacute;\u017ei\u0165 a neochabn&uacute;\u0165, t&uacute; milos\u0165 vern&yacute;m Boh d&aacute;va len. &quot; ES 475, 3.<\/p>\n<p>S &uacute;ctou mu venuje tento nekrol&oacute;g jeho spolupracovn&iacute;k na GB&Uacute; V.L&aacute;ska, emeritn&yacute; tla\u010dov&yacute; tajomn&iacute;k ECAV<\/p>\n","protected":false},"excerpt":{"rendered":"<p>V utorok 5. okt. 2010 zomrel vo veku 91 rokov emeritn&yacute; gen. biskup ThB Pavel Uhorskai. Pohreb bude v sobotu 9. okt. 2010 o 14.30 hodine v ev. chr&aacute;me v Tom&aacute;&scaron;ovciach pri Lu\u010denci. Slovo Bo\u017eie bude zvestova\u0165 gen. biskup Milo&scaron; Kl&aacute;tik. P.Uhorskai sa narodil 2. marca 1919 v Tom&aacute;&scaron;ovciach. Po &scaron;t&uacute;di&aacute;ch sa stal&nbsp; k\u0148azom, ale &#8230; <a title=\"Zomrel Th.B. Pavel Uhorskai, emeritn\u00fd gen. biskup ECAV\" class=\"read-more\" href=\"https:\/\/www.e-anjelik.sk\/index.php\/2010\/10\/06\/zomrel-th-b-pavel-uhorskai-emeritny-gen-biskup-ecav\/\" aria-label=\"Pre\u010d\u00edtajte si viac o Zomrel Th.B. Pavel Uhorskai, emeritn\u00fd gen. biskup ECAV\">\u010c\u00edta\u0165 viac<\/a><\/p>\n","protected":false},"author":22,"featured_media":0,"comment_status":"open","ping_status":"open","sticky":false,"template":"","format":"standard","meta":{"footnotes":""},"categories":[1,14],"tags":[],"class_list":["post-3068","post","type-post","status-publish","format-standard","hentry","category-adventna-modlitba","category-osobnosti"],"_links":{"self":[{"href":"https:\/\/www.e-anjelik.sk\/index.php\/wp-json\/wp\/v2\/posts\/3068","targetHints":{"allow":["GET"]}}],"collection":[{"href":"https:\/\/www.e-anjelik.sk\/index.php\/wp-json\/wp\/v2\/posts"}],"about":[{"href":"https:\/\/www.e-anjelik.sk\/index.php\/wp-json\/wp\/v2\/types\/post"}],"author":[{"embeddable":true,"href":"https:\/\/www.e-anjelik.sk\/index.php\/wp-json\/wp\/v2\/users\/22"}],"replies":[{"embeddable":true,"href":"https:\/\/www.e-anjelik.sk\/index.php\/wp-json\/wp\/v2\/comments?post=3068"}],"version-history":[{"count":0,"href":"https:\/\/www.e-anjelik.sk\/index.php\/wp-json\/wp\/v2\/posts\/3068\/revisions"}],"wp:attachment":[{"href":"https:\/\/www.e-anjelik.sk\/index.php\/wp-json\/wp\/v2\/media?parent=3068"}],"wp:term":[{"taxonomy":"category","embeddable":true,"href":"https:\/\/www.e-anjelik.sk\/index.php\/wp-json\/wp\/v2\/categories?post=3068"},{"taxonomy":"post_tag","embeddable":true,"href":"https:\/\/www.e-anjelik.sk\/index.php\/wp-json\/wp\/v2\/tags?post=3068"}],"curies":[{"name":"wp","href":"https:\/\/api.w.org\/{rel}","templated":true}]}}