{"id":30684,"date":"2016-07-30T22:03:13","date_gmt":"2016-07-30T20:03:13","guid":{"rendered":"http:\/\/www.evanjelik.sk\/?p=30684"},"modified":"2016-07-30T22:03:13","modified_gmt":"2016-07-30T20:03:13","slug":"cestou-necestou-2","status":"publish","type":"post","link":"https:\/\/www.e-anjelik.sk\/index.php\/2016\/07\/30\/cestou-necestou-2\/","title":{"rendered":"Cestou &#8211; necestou (2)"},"content":{"rendered":"<p><b>N\u00e1vrat v \u010dase \u00a0<\/b><\/p>\n<p>Cestovanie v \u010dase bud\u00facom patr\u00ed jednozna\u010dne do oblasti sciense fikction. Do zna\u010dnej miery to plat\u00ed aj o cestovan\u00ed v \u010dase minulom. A to sa mi v jednom pr\u00edpade podarilo. Udialo sa vtedy, sme sa s man\u017eelkou vybrali na dovolenku do Maroka. Jedn\u00fdm z na\u0161ich cie\u013eov bola n\u00e1v\u0161teva mesta Fes.<\/p>\n<p>Je to b\u00fdval\u00e9 hlavn\u00e9 mesto stredovek\u00fdch marock\u00fdch kr\u00e1\u013eov. Je svetozn\u00e1me najm\u00e4 v\u010faka zachovanej medine, \u010di\u017ee p\u00f4vodn\u00e9mu mestsk\u00e9mu centru s asi 200 tis\u00edc obyvate\u013emi. Samotn\u00e9 mesto zaznamenalo v poslednom \u010dase b\u00farliv\u00fd rozvoj, ke\u010f po\u010det obyvate\u013eov z 250 0000 z roku 1972 st\u00fapol na\u00a0 vy\u0161e mili\u00f3na obyvate\u013eov v roku 2014 a st\u00e1le rastie. Do Fesu dnes vedie\u00a0 dia\u013enica. Na \u00faprav\u00e1ch jej okolia v pomerne zlo\u017eitom ter\u00e9ne pracuj\u00fa tis\u00edcky robotn\u00edkov ru\u010dne, motykami a lopatami, \u010do \u0161t\u00e1tu umo\u017e\u0148uje zamestna\u0165 \u013eud\u00ed, ktor\u00ed by sa tu inak sotva u\u017eivili. \u010eal\u0161ia \u010das\u0165 pracuje v tradi\u010dnom po\u013enohospod\u00e1rstve a \u010das\u0165 v rozv\u00edjaj\u00facom sa turizme.<\/p>\n<p>Ke\u010f\u017ee bol september a e\u0161te neza\u010dalo obdobie da\u017e\u010fov, \u0165a\u017eko bolo na\u0161incovi pochopi\u0165, ak\u00e9 po\u013enohospod\u00e1rstvo m\u00f4\u017ee existova\u0165 v polopustej a v slnkom \u00faplne sp\u00e1lenej krajine. Ale zdanie klame. Da\u017e\u010fov\u00e1 voda aj tu rob\u00ed z\u00e1zraky. Ale nie o tom chcem p\u00edsa\u0165. Ani nie o tom, ako som temer znesv\u00e4til me\u0161itu pri dialnici. Zastavili sme na odpo\u010d\u00edvadle pri motoreste a \u0161ipky ukazovali smer WC smerom za hlavn\u00fa budovu. Vykro\u010dil som k pr\u00edzemnej budove a vo\u0161iel dnu. Bolo tam ticho a pr\u00edtmie. Zaujali ma po\u010detn\u00e9 odkladacie priestory na \u0161atstvo a obuv, i sprchy, ale zna\u010dka hygienick\u00e9ho zariadenie &#8211; nikde. I\u0161iel som \u010falej a pochopil som, \u017ee som v me\u0161ite. Me\u0161ity nech\u00fdbaj\u00fa ani na mal\u00fdch odpo\u010d\u00edvadl\u00e1ch a sl\u00fa\u017eia dom\u00e1cim moslimsk\u00fdm cestuj\u00facim. V\u010das som vyc\u00faval, ke\u010f\u017ee sem vch\u00e1dzala skupinka mu\u017eov a \u0165a\u017eko by mi bolo vysvet\u013eova\u0165, \u010do tam asi h\u013ead\u00e1m.<\/p>\n<p>Pr\u00edchod do mesta Fes bol pre n\u00e1s neskuto\u010dn\u00fd z\u00e1\u017eitok. Zozn\u00e1mili sa so star\u00fdm i nov\u00fdm mestom najsk\u00f4r z v\u00fdhladky z pevnosti na n\u00e1vr\u0161\u00ed. Potom sme pre\u0161li zop\u00e1r ulicami a parkami a okolo kr\u00e1\u013eovsk\u00e9ho pal\u00e1ca s n\u00e1dherne zdobenou Modrou br\u00e1nou. Arabsk\u00e9 mozaiky som u\u017e videl a poznal aj predt\u00fdm, ale nevidel som ich v\u00fdrobu. Pr\u00e1ve t\u00e1 sa d\u00e1 dodnes vidie\u0165 v starom Fese. Sledova\u0165 celkom zbl\u00edzka ru\u010dn\u00fa v\u00fdrobu mal\u00fdch \u010dast\u00ed mozaiky z ploch\u00fdch tabuliek vyp\u00e1len\u00fdch z hliny o ve\u013ekosti asi 10 x 10 cm bol n\u00e1vrat v \u010dase. V starej, otvorenej dielni skupina mu\u017eov k\u013ea\u010dala, alebo sedela so skr\u00ed\u017een\u00fdmi nohami v hrubej vrstve prachu. Ostr\u00fdmi sek\u00e1\u010dmi dr\u017eali medzi prstami tabu\u013eky, pokryt\u00e9 z jednej strany farebn\u00fdm emailom a vysek\u00e1vali r\u00f4zne mali\u010dk\u00e9 tvary bud\u00facej mozaiky. \u0160tvor\u010deky, trojuholn\u00ed\u010dky, koso\u0161tvor\u010deky, mesia\u010diky a hviezdi\u010dky s presnos\u0165ou, akoby ich robil nejak\u00fd stroj. Neveril som vlastn\u00fdm o\u010diam: v\u0161etci mu\u017ei mali prsty nepo\u0161koden\u00e9. Vrcholom tvorby mozaikov\u00fdch tab\u00fa\u013e bola pr\u00e1ca mu\u017ea, ktor\u00fd do foriem neomylne, priam automaticky ukladal zo s\u00e1\u010dkov tie vysekan\u00e9 k\u00faso\u010dky, z ktor\u00fdch vytv\u00e1ral ornamenty r\u00f4znych tvarov a farieb. Ukladaj\u00fa sa l\u00edcnou \u010das\u0165ou dole. Po polo\u017een\u00ed fragmentov na miesto vidie\u0165 u\u017e iba ich chrbtov\u00fa \u010das\u0165, rovnakej tehlovej farby. Pri r\u00fdchlom tempe kladenia sa nikdy nem\u00fdlil. V\u00fdsledkom s\u00fa kr\u00e1sne mozaiky s abstraktn\u00fdmi tvarmi a farebn\u00fdmi odtie\u0148mi v peknej harm\u00f3nii. Takto sa tu, a zrejme aj na in\u00fdch miestach, vyr\u00e1baj\u00fa v\u00e4\u010d\u0161ie, \u010di men\u0161ie tabule so zn\u00e1mymi arabsk\u00fdmi vzormi. Za p\u00e1r tis\u00edc dol\u00e1rov sa dala k\u00fapi\u0165 priamo na mieste.<\/p>\n<p>N\u00e1vrat v \u010dase sme za\u017eili aj pri n\u00e1v\u0161teve v berberskej dielni, v ktorej ma\u013eovali tradi\u010dn\u00e9 ornamenty tmavook\u00e9 Berberky. Aj tieto pekn\u00e9,\u00a0 ornamentami z henny zdoben\u00e9 \u017eeny pracovali v \u00fabohom prostred\u00ed a ma\u013eovali tradi\u010dn\u00fa keramiku. T\u00e1to sa dodnes hojne pou\u017e\u00edva v dom\u00e1cnostiach i v re\u0161taur\u00e1ciach.<\/p>\n<p>Nevystala ani n\u00e1v\u0161teva jedn\u00e9ho z najfotografovanej\u0161\u00edch miest sveta, starej garbiarne a pri\u013eahl\u00fdch mal\u00fdch ko\u017eiarskych dieln\u00ed. Netu\u0161ili sme, pre\u010do n\u00e1m usmievav\u00fd star\u010dek pri vchode do budovy nad n\u00e1dvor\u00edm strkal do ruky zv\u00e4zo\u010dek vo\u0148av\u00fdch byliniek. Ke\u010f sme vy\u0161li na druh\u00e9 poschodie domu z ktor\u00e9ho bolo vidie\u0165 tradi\u010dn\u00fa v\u00fdrobu a farbenie ko\u017e\u00ed v sudoch na hor\u00facom slnku, bolo n\u00e1m v\u0161etko jasn\u00e9. Pozorovanie tejto v\u00fdroby sa dalo pre\u017ei\u0165 iba s vo\u0148av\u00fdmi bylinkami pod nosom. Na znak obdivu som si k\u00fapil opasok v\u00fdbornej kvality.<\/p>\n<p>Star\u00e9 mesto n\u00e1m pripravilo aj \u010fal\u0161ie prekvapenia. V labyrinte \u00fazkych uli\u010diek, kde sa d\u00e1 oprotiid\u00facemu \u010dloveku sotva vyhn\u00fa\u0165, tovar mo\u017eno nosi\u0165 iba v ruk\u00e1ch. V\u00e4\u010d\u0161ie kusy sa vozia na som\u00e1rovi, pred ktor\u00fdm ide pohoni\u010d a hlasno kri\u010d\u00ed: som\u00e1r! V\u0161etci vedia \u017ee nenad\u00e1va, ale \u017ee sa protiid\u00faci musia zav\u010dasu vr\u00e1ti\u0165. V uli\u010dk\u00e1ch boli n\u00edzke vchody do pr\u00edbytkov, kde \u017eij\u00fa mnoh\u00e9 rodiny ako v 16. storo\u010d\u00ed. Strati\u0165 sa zo skupiny a zabl\u00fadi\u0165 v tomto labyrinte by pre na\u0161inca znamenalo za\u010da\u0165 z\u00e1pas o hol\u00e9 pre\u017eitie. To v\u0161etko spolu tvor\u00ed re\u00e1lny n\u00e1vrat v \u010dase, ke\u010f\u017ee star\u00e9 mesto Fes \u017eije nezmenen\u00fdm sp\u00f4sobom od 15. -16. storo\u010dia a\u017e dodnes. Tak\u00fdch miest na svete je naozaj ve\u013emi m\u00e1lo.<\/p>\n<p>\u010c\u00edm sa v\u0161ak Maro\u010dania nezabudli pochv\u00e1li\u0165, je svetov\u00e9 prvenstvo Fesu v oblasti vzdelania. Pr\u00e1ve tu vznikla u\u017e v roku 859 prv\u00e1 univerzita na svete. Samozrejme s vyu\u010dovan\u00edm islamsk\u00e9ho n\u00e1bo\u017eenstva, matematiky a in\u00fdch vtedaj\u0161\u00edch odborov. Sprievodcovia duplikovali: My sme mali univerzitu sk\u00f4r ako Eur\u00f3pa! Prizn\u00e1m sa, t\u00e1to inform\u00e1cia ma zasko\u010dila. Po n\u00e1vrate domov som si ju chcel e\u0161te preveri\u0165. Je pravdiv\u00e1. Samozrejme, nebola to e\u0161te univerzita klasick\u00e9ho eur\u00f3pskeho typu. Nie\u010do v\u0161ak napoved\u00e1 fakt, \u017ee koncom desiateho storo\u010dia na nej \u0161tudoval aj mu\u017e menom Gerbert z Aurillacu a Reme\u0161a. Bol to neskor\u0161\u00ed r\u00edmsky p\u00e1pe\u017e Silvester II. v rokoch 999-1003.<\/p>\n<p>Cestovanie v \u010dase minulom zakon\u010d\u00edm pozn\u00e1mkou, \u017ee Silvester II. bol prv\u00fdm franc\u00fazkym p\u00e1pe\u017eom, ktor\u00fd obdivoval arabsk\u00fa matematiku a vyznal sa aj v astron\u00f3mii, filozofii a in\u00fdch ved\u00e1ch. Okrem slne\u010dn\u00fdch hod\u00edn zostrojil v r. 996 mechanick\u00e9 hodiny pre Magdeburg &#8211; prv\u00fd pr\u00edstroj tohoto typu. Pripisuje sa mu zavedenie arabsk\u00fdch \u010d\u00edslic v Eur\u00f3pe. V\u0161eli\u010do sa nau\u010dil aj z vyspel\u00e9ho arabsk\u00e9ho hvezd\u00e1rstva a preto ho s\u00fa\u010dasn\u00edci naz\u00fdvali aj \u201c\u010darodejn\u00edk\u201d. Gerbertova znalos\u0165 magick\u00fdch umen\u00ed bola nesk\u00f4r zdrojom legiend, ktor\u00e9 ho upodozrievali so spojenia s diablom. Ako ka\u017ed\u00fd stredovek\u00fd p\u00e1pe\u017e sa zapojil aj do politiky a s cis\u00e1rom Ottom III. spriadal pl\u00e1ny na obnovenie r\u00edmskej r\u00ed\u0161e (<i>renovatio imperii Romanorum),<\/i> ktor\u00e1 mala by\u0165 riaden\u00e1 dvojou mocou: svetskou &#8211; cis\u00e1rom a duchovnou &#8211; p\u00e1pe\u017eom.<\/p>\n<p>V tomto duchu Silvester v roku 1000 vykonal dva d\u00f4le\u017eit\u00e9 akty. Po\u013esk\u00e9mu knie\u017ea\u0165u Boleslavovi Chrabr\u00e9mu potvrdil zriadenie arcibiskupstva v Hniezdne a knie\u017ea\u0165u \u0160tefanovi Uhorsk\u00e9mu poslal kr\u00e1\u013eovsk\u00fa korunu, p\u00f4vodne ur\u010den\u00fa pre Po\u013esko, \u010d\u00edm pov\u00fd\u0161il Uhorsko na kr\u00e1\u013eovstvo. Z\u00e1rove\u0148 Uhorsku potvrdil tie\u017e zriadenie arcibiskupstva v Ostrihome.<\/p>\n<p>Takto sme sa, tro\u0161ku ok\u013eukou, vr\u00e1tili z Fesu domov, do \u201cHorn\u00e9ho Uhorska\u201d, kde mnoh\u00ed st\u00e1le sn\u00edvaj\u00fa svoj stredovek\u00fd sen o \u201cregnum Marianum\u201d.\u00a0\u00a0Pri slu\u017eb\u00e1ch Bo\u017e\u00edch na Zvierku ob\u010dianskeho roku si aj my evanjelici, kto vie pre\u010do, pripom\u00edname pamiatku tohoto u\u010den\u00e9ho p\u00e1pe\u017ea, ktor\u00fd okrem \u0160panielska \u0161tudoval aj v marockom Fese a v na\u0161ej Chr\u00e1movej agende dodnes \u201csvieti \u201c v tento de\u0148 meno: Silvester. Tak na prelome rokov vykon\u00e1me n\u00e1vrat v \u010dase v\u0161etci.<\/p>\n<p>\u013dubom\u00edr Batka st.<\/p>\n","protected":false},"excerpt":{"rendered":"<p>N\u00e1vrat v \u010dase \u00a0 Cestovanie v \u010dase bud\u00facom patr\u00ed jednozna\u010dne do oblasti sciense fikction. Do zna\u010dnej miery to plat\u00ed aj o cestovan\u00ed v \u010dase minulom. A to sa mi v jednom pr\u00edpade podarilo. Udialo sa vtedy, sme sa s man\u017eelkou vybrali na dovolenku do Maroka. Jedn\u00fdm z na\u0161ich cie\u013eov bola n\u00e1v\u0161teva mesta Fes. Je to &#8230; <a title=\"Cestou &#8211; necestou (2)\" class=\"read-more\" href=\"https:\/\/www.e-anjelik.sk\/index.php\/2016\/07\/30\/cestou-necestou-2\/\" aria-label=\"Pre\u010d\u00edtajte si viac o Cestou &#8211; necestou (2)\">\u010c\u00edta\u0165 viac<\/a><\/p>\n","protected":false},"author":4,"featured_media":0,"comment_status":"open","ping_status":"closed","sticky":false,"template":"","format":"standard","meta":{"footnotes":""},"categories":[1],"tags":[],"class_list":["post-30684","post","type-post","status-publish","format-standard","hentry","category-adventna-modlitba"],"_links":{"self":[{"href":"https:\/\/www.e-anjelik.sk\/index.php\/wp-json\/wp\/v2\/posts\/30684","targetHints":{"allow":["GET"]}}],"collection":[{"href":"https:\/\/www.e-anjelik.sk\/index.php\/wp-json\/wp\/v2\/posts"}],"about":[{"href":"https:\/\/www.e-anjelik.sk\/index.php\/wp-json\/wp\/v2\/types\/post"}],"author":[{"embeddable":true,"href":"https:\/\/www.e-anjelik.sk\/index.php\/wp-json\/wp\/v2\/users\/4"}],"replies":[{"embeddable":true,"href":"https:\/\/www.e-anjelik.sk\/index.php\/wp-json\/wp\/v2\/comments?post=30684"}],"version-history":[{"count":0,"href":"https:\/\/www.e-anjelik.sk\/index.php\/wp-json\/wp\/v2\/posts\/30684\/revisions"}],"wp:attachment":[{"href":"https:\/\/www.e-anjelik.sk\/index.php\/wp-json\/wp\/v2\/media?parent=30684"}],"wp:term":[{"taxonomy":"category","embeddable":true,"href":"https:\/\/www.e-anjelik.sk\/index.php\/wp-json\/wp\/v2\/categories?post=30684"},{"taxonomy":"post_tag","embeddable":true,"href":"https:\/\/www.e-anjelik.sk\/index.php\/wp-json\/wp\/v2\/tags?post=30684"}],"curies":[{"name":"wp","href":"https:\/\/api.w.org\/{rel}","templated":true}]}}