{"id":30687,"date":"2016-08-04T14:28:46","date_gmt":"2016-08-04T12:28:46","guid":{"rendered":"http:\/\/www.evanjelik.sk\/?p=30687"},"modified":"2016-08-04T14:28:46","modified_gmt":"2016-08-04T12:28:46","slug":"cestou-necestou-3","status":"publish","type":"post","link":"https:\/\/www.e-anjelik.sk\/index.php\/2016\/08\/04\/cestou-necestou-3\/","title":{"rendered":"Cestou &#8211; necestou (3)"},"content":{"rendered":"<p>&nbsp;<\/p>\n<p><b>\u00a0 \u00a0 \u00a0 \u00a0 \u00a0 \u00a0 \u00a0 \u00a0 \u00a0 \u00a0 \u00a0 \u00a0 \u00a0 \u00a0 \u00a0 \u00a0 \u00a0 \u00a0 \u00a0 \u00a0 \u00a0 \u00a0 \u00a0Ako som sa v Sarajeve stal neveriaci<\/b><\/p>\n<p>Tie zlat\u00e9 \u010dasy, ke\u010f cesta do \u201eJuho\u0161ky\u201c k\u00a0Jadranu bola udalos\u0165 v\u00fdnimo\u010dn\u00e1, s\u00fa d\u00e1vno pre\u010d. \u010clovek v\u0161ak musel ma\u0165 nieko\u013ekon\u00e1sobn\u00e9 \u0161\u0165astie. Najprv ho potreboval na to, aby dostal dev\u00edzov\u00fd pr\u00eds\u013eub, potom na hraniciach, aby mu nezobrali skryt\u00e9 valuty a\u00a0nevr\u00e1tili ho s\u00a0pokutou domov a\u00a0napokon, aby sa naj\u010dastej\u0161ie kupovan\u00fd suven\u00edr, <i>\u201eIli Caesar, ili ni\u0161ta\u201c,<\/i> cestou nerozbil a\u00a0\u0161\u0165astne priviezol domov.<\/p>\n<p>O\u00a0pobyte na Jadrane sa rozpisova\u0165 nechcem. Spoznalo ho mnoho Slov\u00e1kov na vlastnej ko\u017ei. Auto sa napakovalo instantn\u00fdmi polievkami, konzervami, r\u00f4znymi potravinami a\u00a0pivom a\u00a0vyr\u00e1\u017ealo sa \u201ehranice v\u0161edn\u00fdch dn\u00ed\u201c. \u010cast\u00fdm cie\u013eom \u010cechov a\u00a0Slov\u00e1kov bola Makarsk\u00e1 riviera. S\u00a0rodinou a priate\u013emi, ktor\u00ed i\u0161li s nami v\u00a0dvoch \u010fal\u0161\u00edch aut\u00e1ch sme sa na spiato\u010dnej ceste zastavili v\u00a0hlavnom meste Bosny Hercegoviny, <b>v\u00a0Sarajeve. <\/b>Pri prehliadke star\u00e9ho mesta som sa\u00a0na chodn\u00edku s\u00a0rozochven\u00edm postavil do odtla\u010dkov top\u00e1nok Gavrila Principa, ktor\u00fd tu sp\u00e1chal atent\u00e1t na n\u00e1sledn\u00edka tr\u00f3nu Franti\u0161ka Ferdinanda d\u00b4Este a\u00a0jeho man\u017eelku. Gavrilo bol pova\u017eovan\u00fd za hrdinu, len\u017ee tento \u010din rozp\u00fatal prv\u00fa svetov\u00fa vojnu. Dnes by som sa zrejme tejto nerozv\u00e1\u017enosti vyhol, aby som nebol obvinen\u00fd zo sympati\u00ed z\u00a0teroristami.<\/p>\n<p>Na\u0161\u00edm hlavn\u00fdm cie\u013eom v\u0161ak bola n\u00e1v\u0161teva <b>ba\u0161\u010dar\u0161ie<\/b>, star\u00e9ho trhu a\u00a0najzn\u00e1mej\u0161ej Sarajevskej d\u017eamie, me\u0161ity Gasi Musrev postavenej u\u017e za\u010diatkom 16.storo\u010dia. Je to honosn\u00e1 stavba, ktor\u00e1 bola aj v\u00a0\u010dasoch socializmu nielen kult\u00farnou pamiatkou, ale \u017eivou a\u00a0funk\u010dnou islamskou me\u0161itou. Titova Juhosl\u00e1via bola ateistick\u00fdm \u0161t\u00e1tom v\u00a0ktorom sa uskuto\u010dnila odluka cirkvi od \u0161t\u00e1tu. Napriek tomu, \u010di pr\u00e1ve preto to znamenalo viac slobody pre cirkvi a\u00a0n\u00e1bo\u017eensk\u00e9 skupiny ako u\u00a0n\u00e1s, kde sa\u00a0odluka neuskuto\u010dnila. U\u017e pri ceste naprie\u010d Bosnou sme si v\u0161\u00edmali v\u00a0meste\u010dk\u00e1ch a\u00a0dedin\u00e1ch moslimsk\u00e9 \u017eeny v \u0161irok\u00fdch nohaviciach a v\u00a0ich typick\u00fdch \u0161atk\u00e1ch. N\u00e1v\u0161teva sarajevskej d\u017eamije v\u0161ak znamenala m\u00f4j prv\u00fd bezprostredn\u00fd kontakt a\u00a0stretnutie s\u00a0islamom a\u00a0s \u013eu\u010fmi, ktor\u00ed boli praktizuj\u00facimi moslimami. Ako far\u00e1ra ma zauj\u00edmala nielen architekt\u00fara a\u00a0v\u00fdzdoba d\u017eamije, ale aj sp\u00f4sob ich bohoslu\u017eby. Na fotografi\u00e1ch som v\u00eddaval z\u00e1bery z\u00a0Mekky a in\u00fdch moslimsk\u00fdch centier, ale bezprostredn\u00fa sk\u00fasenos\u0165 s\u00a0moslimami som nemal. T\u00e1to sa mi naskytla pr\u00e1ve pri n\u00e1v\u0161teve d\u017eamije <strong>v Sarajeve.\u00a0<\/strong><\/p>\n<p>Bol pracovn\u00fd de\u0148. O\u00a0tretej popoludn\u00ed sa ozval z\u00a0minaretu hlas muez\u00edna\u00a0 a\u00a0za\u010dali sa\u00a0dia\u0165 ne\u010dakan\u00e9 veci. Z\u00a0miestnych \u00faradov, kaviarn\u00ed a\u00a0\u0161tudentsk\u00fdch bytov za\u010dali do me\u0161ity v\u00a0hojnom po\u010dte prich\u00e1dza\u0165 mu\u017ei v\u0161etk\u00fdch gener\u00e1ci\u00ed. V\u00a0predsieni si vyzuli top\u00e1nky, stiahli si pono\u017eky, ktor\u00e9 si str\u010dili do vrecka nohav\u00edc a\u00a0vst\u00fapili na perzsk\u00e9 koberce ulo\u017een\u00e9 v\u00a0nieko\u013ek\u00fdch vrstv\u00e1ch po celej me\u0161ite. Ka\u017ed\u00fd s\u00e1m za\u010dal svoje modlitby pripom\u00ednaj\u00face gymnastick\u00fa rozcvi\u010dku. Pri\u0161lo aj nieko\u013eko \u017eien, ktor\u00e9 zost\u00e1vali v\u00a0predsieni. Bol som zvedav\u00fd, \u010di pri kla\u0148an\u00ed sa smerom k\u00a0Mekke aj nie\u010do hovoria a\u00a0chcel som pod\u00eds\u0165 bli\u017e\u0161ie. Ale pr\u00e1ve vtedy nekompromisne zasiahol miestny \u201ekostoln\u00edk\u201c. M\u0148a i\u00a0ostatn\u00fdch turistov z\u00a0me\u0161ity vyk\u00e1zal von slovami: <i>\u201cVrjeme molitve! Nevjerujuti van! \u2013 Je \u010das modlitby! Neveriaci von!\u201c <\/i>V\u00a0prvej chv\u00edli som si myslel, \u017ee sa jeho pokyn t\u00fdka iba t\u00fdch, ktor\u00ed sa deklaruj\u00fa ako ateisti. Tieto vety d\u00f4razne opakoval a\u00a0sprev\u00e1dzal ich jasn\u00fdmi posunkami. Bolo jasn\u00e9, \u017ee t\u00fdmi neveriacim mysl\u00ed ka\u017ed\u00e9ho, kto sa neklania Alahovi. Teda aj ka\u017ed\u00e9ho kres\u0165ana. Pochopil som, \u017ee pre moslimov som pohan a\u00a0neveriaci.<\/p>\n<p>Kedysi moslimovia hovorili o\u00a0kres\u0165anoch ako o neveriacich psoch, tak\u017ee som bol r\u00e1d, \u017ee za prezidenta Tita v Sarajeve vl\u00e1dla tolerancia. Prirodzene, o\u00a0nejakej ekum\u00e9ne, alebo o spolo\u010dn\u00fdch modlitb\u00e1ch nemohlo by\u0165 ani\u00a0 re\u010di. Islam bol a\u00a0je sebavedom\u00fd a\u00a0jeho kr\u00e9do je jednoduch\u00e9: <i>\u201eAlah je jedin\u00fd boh a\u00a0Mohamed je jeho prorok!\u201c<\/i> \u00a0Je\u017ei\u0161a ako proroka, i\u00a0prorokov SZ islam s\u00edce pozn\u00e1, ale pod\u013ea nich, Mohamedovi nesiahaj\u00fa ani po \u010dlenky. Museli sme me\u0161itu opusti\u0165. Situ\u00e1ciu by bolo iba zhor\u0161ilo, ak by som za\u010dal argumentova\u0165, \u017ee aj ja som veriaci a dokonca far\u00e1r. Tak som sa v\u00a0Sarajeve stal proti svoje v\u00f4li\u00a0 neveriaci.<\/p>\n<p>Mus\u00edme po\u010d\u00edta\u0165 s\u00a0t\u00fdm, \u017ee\u00a0takto sme vn\u00edman\u00ed v\u00a0o\u010diach moslimov aj dnes. Aj po rokoch mysl\u00edm na t\u00fato moju prv\u00fa bezprostredn\u00fa sk\u00fasenos\u0165 zo stretnutia s\u00a0islamom. Moslimovia n\u00e1m t\u00fa ist\u00fa ot\u00e1zku klad\u00fa aj dnes: Si veriaci? Alebo ak nie, tak z\u00a0ich strany plat\u00ed: neveriaci von. Pr\u00e1ve to sa stalo vlani t\u00fdm kres\u0165ansk\u00fdm migrantom, ktor\u00fdch pa\u0161er\u00e1ci povyhadzovali z\u00a0\u010dlnov do Stredozemn\u00e9ho mora, ke\u010f\u017ee sa nekla\u0148ali Alahovi. Ktovie, ako to skon\u010dilo s\u00a0t\u00fdmito pris\u0165ahovalcami a islamsk\u00fdmi k\u00e1drov\u010d\u00edkmi v\u00a0Eur\u00f3pe? To sa mi u\u017e zisti\u0165, \u017eia\u013e, nepodarilo. Obdiv v\u0161ak patr\u00ed aj\u00a0mnoh\u00fdm \u010fal\u0161\u00edm kres\u0165anom, ktor\u00ed pri\u0161li v\u00a0S\u00fdrii, Iraku, a\u00a0v in\u00fdch \u0161t\u00e1toch o\u00a0majetok, o kostoly, ba aj o\u00a0hol\u00fd \u017eivot. Patr\u00ed i\u00a0t\u00fdm kres\u0165anom, ktor\u00ed zost\u00e1vaj\u00fa doma a\u00a0rad\u0161ej zaplatia povinn\u00fa vysok\u00fa da\u0148 za to, \u017ee s\u00fa kres\u0165ania, ne\u017e by sa vzdali svojej viery.<\/p>\n<p>Pokia\u013e ide o\u00a0spolo\u010dn\u00e9 modlitby s\u00a0veriacimi v\u00a0Alaha, Budhu a\u00a0r\u00f4znych in\u00fdch bohov, nie obdiv, ale \u00fadiv patr\u00ed t\u00fdm hlav\u00e1m r\u00edmsko-katol\u00edckej cirkvi, ktor\u00e9 poz\u00fdvaj\u00fa pohanov do Asisi k\u00a0spolo\u010dn\u00fdm modlitb\u00e1m. R\u00e1d by som chcel t\u00fdchto modlitebn\u00edkov nielen vidie\u0165, ale aj po\u010du\u0165, \u010do tie pomazan\u00e9 hlavy hovoria a\u00a0komu sa vlastne kla\u0148aj\u00fa? T\u00fdm nechcem poveda\u0165, \u017ee by som sa tak\u00fdch modlitieb chcel aj z\u00fa\u010dastni\u0165. Moja chrbtica by iste na moslimsk\u00fa gymnastiku povedala: ned\u00e1 sa! Rad\u0161ej zostanem v\u00a0ich o\u010diach neveriaci.<\/p>\n<p>\u013dubom\u00edr Batka st.<\/p>\n","protected":false},"excerpt":{"rendered":"<p>&nbsp; \u00a0 \u00a0 \u00a0 \u00a0 \u00a0 \u00a0 \u00a0 \u00a0 \u00a0 \u00a0 \u00a0 \u00a0 \u00a0 \u00a0 \u00a0 \u00a0 \u00a0 \u00a0 \u00a0 \u00a0 \u00a0 \u00a0 \u00a0Ako som sa v Sarajeve stal neveriaci Tie zlat\u00e9 \u010dasy, ke\u010f cesta do \u201eJuho\u0161ky\u201c k\u00a0Jadranu bola udalos\u0165 v\u00fdnimo\u010dn\u00e1, s\u00fa d\u00e1vno pre\u010d. \u010clovek v\u0161ak musel ma\u0165 nieko\u013ekon\u00e1sobn\u00e9 \u0161\u0165astie. Najprv ho potreboval na to, &#8230; <a title=\"Cestou &#8211; necestou (3)\" class=\"read-more\" href=\"https:\/\/www.e-anjelik.sk\/index.php\/2016\/08\/04\/cestou-necestou-3\/\" aria-label=\"Pre\u010d\u00edtajte si viac o Cestou &#8211; necestou (3)\">\u010c\u00edta\u0165 viac<\/a><\/p>\n","protected":false},"author":4,"featured_media":0,"comment_status":"open","ping_status":"closed","sticky":false,"template":"","format":"standard","meta":{"footnotes":""},"categories":[1],"tags":[],"class_list":["post-30687","post","type-post","status-publish","format-standard","hentry","category-adventna-modlitba"],"_links":{"self":[{"href":"https:\/\/www.e-anjelik.sk\/index.php\/wp-json\/wp\/v2\/posts\/30687","targetHints":{"allow":["GET"]}}],"collection":[{"href":"https:\/\/www.e-anjelik.sk\/index.php\/wp-json\/wp\/v2\/posts"}],"about":[{"href":"https:\/\/www.e-anjelik.sk\/index.php\/wp-json\/wp\/v2\/types\/post"}],"author":[{"embeddable":true,"href":"https:\/\/www.e-anjelik.sk\/index.php\/wp-json\/wp\/v2\/users\/4"}],"replies":[{"embeddable":true,"href":"https:\/\/www.e-anjelik.sk\/index.php\/wp-json\/wp\/v2\/comments?post=30687"}],"version-history":[{"count":0,"href":"https:\/\/www.e-anjelik.sk\/index.php\/wp-json\/wp\/v2\/posts\/30687\/revisions"}],"wp:attachment":[{"href":"https:\/\/www.e-anjelik.sk\/index.php\/wp-json\/wp\/v2\/media?parent=30687"}],"wp:term":[{"taxonomy":"category","embeddable":true,"href":"https:\/\/www.e-anjelik.sk\/index.php\/wp-json\/wp\/v2\/categories?post=30687"},{"taxonomy":"post_tag","embeddable":true,"href":"https:\/\/www.e-anjelik.sk\/index.php\/wp-json\/wp\/v2\/tags?post=30687"}],"curies":[{"name":"wp","href":"https:\/\/api.w.org\/{rel}","templated":true}]}}