{"id":3070,"date":"2010-10-09T09:59:23","date_gmt":"2010-10-09T09:59:23","guid":{"rendered":"http:\/\/e-anjelik.sk\/?p=3070"},"modified":"2010-10-09T09:59:23","modified_gmt":"2010-10-09T09:59:23","slug":"vysiel-tlacovy-organ-madarskej-reformovanej-cirkvi","status":"publish","type":"post","link":"https:\/\/www.e-anjelik.sk\/index.php\/2010\/10\/09\/vysiel-tlacovy-organ-madarskej-reformovanej-cirkvi\/","title":{"rendered":"Vy\u0161iel tla\u010dov\u00fd org\u00e1n Ma\u010farskej reformovanej cirkvi"},"content":{"rendered":"<p>Ma\u010farsk&aacute; reformovan&aacute; cirkev je zdu\u017eenie v&scaron;etk&yacute;ch reformovan&yacute;ch cirkv&iacute; v Karpatskom obl&uacute;ku a na celom svete s ma\u010farsk&yacute;ch jazykom. Vznikla v Debrec&iacute;ne v&nbsp;m&aacute;ji 2009 na zasadnut&iacute; z&aacute;konodarnej synody. T&aacute;to jednotn&aacute; ma\u010farsk&aacute; reformovan&aacute; cirkev teraz vydala ofici&aacute;lny tla\u010dov&yacute; org&aacute;n s n&aacute;zvom &quot; Kalv&iacute;nova hviezda&quot;. Tla\u010dovina m&aacute; 136 str&aacute;n a vych&aacute;dza v n&aacute;klade 35 tis&iacute;c kusov. Vych&aacute;dza\u0165 bude raz ro\u010dne. Redakcia s&iacute;dli v Budape&scaron;ti. Obsahom je vzdel&aacute;vanie, ml&aacute;de\u017e, dedi\u010dstvo reform&aacute;torov, cirkevn&aacute; hudba, misijn&aacute; pr&aacute;ca.Toto \u010d&iacute;slo je sk&uacute;&scaron;obn&eacute;. O jeho pokra\u010dovan&iacute; rozhodne predsedn&iacute;ctvo gener&aacute;lneho konventu v novembri t.r.<\/p>\n<p>(<a href=\"http:\/\/www.reformata.sk\">www.reformata.sk<\/a>)<\/p>\n","protected":false},"excerpt":{"rendered":"<p>Ma\u010farsk&aacute; reformovan&aacute; cirkev je zdu\u017eenie v&scaron;etk&yacute;ch reformovan&yacute;ch cirkv&iacute; v Karpatskom obl&uacute;ku a na celom svete s ma\u010farsk&yacute;ch jazykom. Vznikla v Debrec&iacute;ne v&nbsp;m&aacute;ji 2009 na zasadnut&iacute; z&aacute;konodarnej synody. T&aacute;to jednotn&aacute; ma\u010farsk&aacute; reformovan&aacute; cirkev teraz vydala ofici&aacute;lny tla\u010dov&yacute; org&aacute;n s n&aacute;zvom &quot; Kalv&iacute;nova hviezda&quot;. Tla\u010dovina m&aacute; 136 str&aacute;n a vych&aacute;dza v n&aacute;klade 35 tis&iacute;c kusov. Vych&aacute;dza\u0165 bude &#8230; <a title=\"Vy\u0161iel tla\u010dov\u00fd org\u00e1n Ma\u010farskej reformovanej cirkvi\" class=\"read-more\" href=\"https:\/\/www.e-anjelik.sk\/index.php\/2010\/10\/09\/vysiel-tlacovy-organ-madarskej-reformovanej-cirkvi\/\" aria-label=\"Pre\u010d\u00edtajte si viac o Vy\u0161iel tla\u010dov\u00fd org\u00e1n Ma\u010farskej reformovanej cirkvi\">\u010c\u00edta\u0165 viac<\/a><\/p>\n","protected":false},"author":22,"featured_media":0,"comment_status":"open","ping_status":"open","sticky":false,"template":"","format":"standard","meta":{"footnotes":""},"categories":[2],"tags":[],"class_list":["post-3070","post","type-post","status-publish","format-standard","hentry","category-ekumena"],"_links":{"self":[{"href":"https:\/\/www.e-anjelik.sk\/index.php\/wp-json\/wp\/v2\/posts\/3070","targetHints":{"allow":["GET"]}}],"collection":[{"href":"https:\/\/www.e-anjelik.sk\/index.php\/wp-json\/wp\/v2\/posts"}],"about":[{"href":"https:\/\/www.e-anjelik.sk\/index.php\/wp-json\/wp\/v2\/types\/post"}],"author":[{"embeddable":true,"href":"https:\/\/www.e-anjelik.sk\/index.php\/wp-json\/wp\/v2\/users\/22"}],"replies":[{"embeddable":true,"href":"https:\/\/www.e-anjelik.sk\/index.php\/wp-json\/wp\/v2\/comments?post=3070"}],"version-history":[{"count":0,"href":"https:\/\/www.e-anjelik.sk\/index.php\/wp-json\/wp\/v2\/posts\/3070\/revisions"}],"wp:attachment":[{"href":"https:\/\/www.e-anjelik.sk\/index.php\/wp-json\/wp\/v2\/media?parent=3070"}],"wp:term":[{"taxonomy":"category","embeddable":true,"href":"https:\/\/www.e-anjelik.sk\/index.php\/wp-json\/wp\/v2\/categories?post=3070"},{"taxonomy":"post_tag","embeddable":true,"href":"https:\/\/www.e-anjelik.sk\/index.php\/wp-json\/wp\/v2\/tags?post=3070"}],"curies":[{"name":"wp","href":"https:\/\/api.w.org\/{rel}","templated":true}]}}