{"id":30721,"date":"2016-08-29T10:42:49","date_gmt":"2016-08-29T08:42:49","guid":{"rendered":"http:\/\/www.evanjelik.sk\/?p=30721"},"modified":"2016-08-29T10:42:49","modified_gmt":"2016-08-29T08:42:49","slug":"pripomienka-umrtia-narodovca-a-evanjelickeho-knaza-k-l-semiana","status":"publish","type":"post","link":"https:\/\/www.e-anjelik.sk\/index.php\/2016\/08\/29\/pripomienka-umrtia-narodovca-a-evanjelickeho-knaza-k-l-semiana\/","title":{"rendered":"Pripomienka \u00famrtia n\u00e1rodovca a evanjelick\u00e9ho k\u0148aza  K. \u013d.  Semiana"},"content":{"rendered":"<p align=\"justify\"><span style=\"font-family: Century Schoolbook L,serif;\"><span style=\"font-size: medium;\">V sobotu 13. augusta 2016 uplynulo 125 rokov od smrti evanjelick\u00e9ho k\u0148aza, n\u00e1rodovca a \u0161kolsk\u00e9ho dekana <\/span><span style=\"font-size: medium;\">(dozorcu nad \u0161kolsk\u00fdm vyu\u010dovan\u00edm) <\/span><span style=\"font-size: medium;\">Karola<\/span> <span style=\"font-size: medium;\">\u013dudov\u00edt<\/span><span style=\"font-size: medium;\">a<\/span><span style=\"font-size: medium;\"> Semian<\/span><span style=\"font-size: medium;\">a, ktor\u00fd p\u00f4sobil v Turej L\u00fake takmer 39 rokov. Na tunaj\u0161om cintor\u00edne je i miesto jeho posledn\u00e9ho odpo\u010dinku. <\/span><span style=\"font-size: medium;\">Jeho pamiatku sme si v cirkevnom zbore <\/span><span style=\"font-size: medium;\">ECAV v Turej L\u00fake <\/span><span style=\"font-size: medium;\">pripomenuli v nede\u013eu 21. augusta na slu\u017eb\u00e1ch Bo\u017e\u00edch a potom polo\u017een\u00edm venca pri jeho obnovenom pomn\u00edku na cintor\u00edne. <\/span><span style=\"font-size: medium;\">Pomn\u00edk sa podarilo obnovi\u0165 v\u010faka iniciat\u00edve <\/span><span style=\"font-size: medium;\">presbyterstva a <\/span><span style=\"font-size: medium;\">predsedn\u00edctva cirkevn\u00e9ho zboru v spolupr\u00e1ci s <\/span><span style=\"font-size: medium;\">M<\/span><span style=\"font-size: medium;\">estom Myjava a Kamen\u00e1rstvom <\/span><span style=\"font-size: medium;\">Vladim\u00edr <\/span><span style=\"font-size: medium;\">Paracka.<\/span><\/span><\/p>\n<p align=\"justify\"><span style=\"font-family: Century Schoolbook L,serif;\"><span style=\"font-size: medium;\">I tak\u00fdmto sp\u00f4sobom chceme zachova\u0165 pamiatku horliv\u00e9ho Bo\u017eieho slu\u017eobn\u00edka a n\u00e1rodovca \u0161t\u00farovskej gener\u00e1cie. <\/span><span style=\"font-size: medium;\">N<\/span><span style=\"font-size: medium;\">arodil <\/span><span style=\"font-size: medium;\">sa <\/span><span style=\"font-size: medium;\">v Hlbokom tamoj\u0161iemu evanjelick\u00e9mu <\/span><span style=\"font-size: medium;\">far\u00e1rovi<\/span><span style=\"font-size: medium;\"> Tom\u00e1\u0161ovi Matejovi Semianovi a Jozef\u00edne rodenej M<\/span><span style=\"font-size: medium;\">u<\/span><span style=\"font-size: medium;\">hrovej 21. marca 1817. Vzdelanos\u0165 patrila k rodu Semianovcov, u\u017e jeho star\u00fd otec Michal Semian <\/span><span style=\"font-size: medium;\">(evanjelick\u00fd far\u00e1r v Pezinku a rod\u00e1k z Vr\u00e1di\u0161\u0165a)<\/span><span style=\"font-size: medium;\"> patril k osvieten<\/span><span style=\"font-size: medium;\">sk\u00fdm<\/span><span style=\"font-size: medium;\"> vzdelancom. Karol \u013dudov\u00edt \u0161tudoval v Modre , Mez\u00f6-Ber\u00e9ne a Pre\u0161porku.<\/span><\/span><\/p>\n<p align=\"justify\"><span style=\"font-family: Century Schoolbook L,serif;\"><span style=\"font-size: medium;\">Po\u010das svojho \u017eivota bol akt\u00edvny n\u00e1rodovec a horliv\u00fd budovate\u013e cirk<\/span><span style=\"font-size: medium;\">vi<\/span><span style=\"font-size: medium;\">. Ako bl\u00edzky spolupracovn\u00edk J. M. Hurbana sa akt\u00edvne zapojil do povstania v roku 1848 v Myjave <\/span><span style=\"font-size: medium;\">(b<\/span><span style=\"font-size: medium;\">olo mu zveren\u00e9 vedenie pos\u00e1dky asi 1000 dobrovo\u013en\u00edkov<\/span><span style=\"font-size: medium;\">).<\/span> <span style=\"font-size: medium;\">Tu<\/span><span style=\"font-size: medium;\"> p\u00f4sobil od svojej ordin\u00e1cie za k\u0148aza <\/span><span style=\"font-size: medium;\">(24. j\u00fana 1841) <\/span><span style=\"font-size: medium;\">na mieste kapl\u00e1na pri far\u00e1rovi <\/span><span style=\"font-size: medium;\">J\u00e1novi <\/span><span style=\"font-size: medium;\">\u0160ulcovi a\u017e do jesene <\/span><span style=\"font-size: medium;\">1848<\/span><span style=\"font-size: medium;\">. Za \u00fa\u010das\u0165 na povstan\u00ed mu hrozilo v\u00e4zenie, preto odch\u00e1dza z Myjavy do Pe\u0161ti, kde p\u00f4sobil ako kapl\u00e1n. <\/span><span style=\"font-size: medium;\">V rodnom Hlbokom p\u00f4sobil pri J. M. Hurbanovi od m\u00e1ja 1850 a\u017e do okt\u00f3bra<\/span><span style=\"font-size: medium;\"> 1852, <\/span><span style=\"font-size: medium;\">kedy <\/span><span style=\"font-size: medium;\">bol povolan\u00fd na Tur\u00fa L\u00fak<\/span><span style=\"font-size: medium;\">u<\/span> <span style=\"font-size: medium;\">cirkevn\u00fdm zborom. Sem prich\u00e1dza <\/span><span style=\"font-size: medium;\">ako kapl\u00e1n k far\u00e1rovi Martinovi \u0160kod\u00e1\u010dkovi, ktor\u00e9ho o dva roky vystriedal na mieste far\u00e1ra.<\/span><\/span><\/p>\n<p align=\"justify\"><span style=\"font-family: Century Schoolbook L,serif;\"><span style=\"font-size: medium;\">Za man\u017eelku si vzal Annu Marte\u0161\u00edkov\u00fa, dc\u00e9ru myjavsk\u00e9ho u\u010dite\u013ea a n\u00e1rodovca J\u00e1na Marte\u0161\u00edka v roku 1855. I <\/span><span style=\"font-size: medium;\">v Turej L\u00fake<\/span><span style=\"font-size: medium;\"> sa anga\u017eoval n\u00e1rodne. Spolu s katol\u00edckym <\/span><span style=\"font-size: medium;\">k\u0148azom<\/span><span style=\"font-size: medium;\"> Martinom \u010cunderl\u00edkom, turol\u00fackym richt\u00e1rom Tom\u00e1\u0161om F\u00faskom, not\u00e1rom a \u010fal\u0161\u00edmi ob\u010danmi v mene 2 637 ob\u010danov Turej L\u00faky vyslovili d\u00f4veru slovensk\u00e9mu n\u00e1rodn\u00e9mu zhroma\u017edeniu v Martine <\/span><span style=\"font-size: medium;\">(1861)<\/span><span style=\"font-size: medium;\"> a \u017eiadali uznanie slovensk\u00e9ho n\u00e1roda a pou\u017e\u00edvanie sloven\u010diny vo verejnom \u017eivote a v \u0161kol\u00e1ch. <\/span><span style=\"font-size: medium;\">P<\/span><span style=\"font-size: medium;\">ri svojom n\u00e1stupe do turol\u00fackeho cirkevn\u00e9ho zboru dbal nielen o materi\u00e1lne, ale <\/span><span style=\"font-size: medium;\">najm\u00e4 o<\/span><span style=\"font-size: medium;\"> duchovn\u00e9 pozdvihnutie obce, ke\u010f takto k turol\u00fa\u010danom prehovoril 10. <\/span><span style=\"font-size: medium;\">okt\u00f3bra <\/span><span style=\"font-size: medium;\">1852 <\/span><span style=\"font-size: medium;\">(18. nede\u013eu po sv. Trojici) <\/span><span style=\"font-size: medium;\">z kazate\u013enice evanjelick\u00e9ho Bo\u017eieho chr\u00e1mu: <\/span><span style=\"font-size: medium;\"><b>\u201e<\/b><\/span><span style=\"font-size: medium;\"><b> \u2026 <\/b><\/span><span style=\"font-size: medium;\"><b>lebo<\/b><\/span><span style=\"font-size: medium;\"><b> c<\/b><\/span><span style=\"font-size: medium;\"><b>i<\/b><\/span><span style=\"font-size: medium;\"><b>rkev je du\u0161<\/b><\/span><span style=\"font-size: medium;\"><b>ou<\/b><\/span><span style=\"font-size: medium;\"><b> obce, kde pustne chr\u00e1m &#8211; pustne c<\/b><\/span><span style=\"font-size: medium;\"><b>i<\/b><\/span><span style=\"font-size: medium;\"><b>rkev, kde pustne c<\/b><\/span><span style=\"font-size: medium;\"><b>i<\/b><\/span><span style=\"font-size: medium;\"><b>rkev &#8211; pustne obec, pustn\u00fa domy a rodiny &#8230;\u201c<\/b><\/span> <\/span><\/p>\n<p align=\"justify\"><span style=\"font-family: Century Schoolbook L,serif;\"><span style=\"font-size: medium;\">Cel\u00fd svoj \u017eivot venoval <\/span><span style=\"font-size: medium;\">slu\u017ebe Trojjedin\u00e9mu P\u00e1nu Bohu &#8211; <\/span><span style=\"font-size: medium;\">pr\u00e1ci pre obec, cirkev a \u013eud mu zveren\u00fd. <\/span><span style=\"font-size: medium;\">Svoju pr\u00e1cu vykon\u00e1v<\/span><span style=\"font-size: medium;\">al <\/span><span style=\"font-size: medium;\">horlivo,<\/span><span style=\"font-size: medium;\"> svedomito <\/span><span style=\"font-size: medium;\">a \u010destne. Zomrel<\/span> <span style=\"font-size: medium;\">13<\/span><span style=\"font-size: medium;\">.<\/span><span style=\"font-size: medium;\"> augusta <\/span><span style=\"font-size: medium;\">1891.<\/span> <span style=\"font-size: medium;\">Pohrebn\u00e1 po\u010destnos\u0165 sa konala 15. augusta a vykonal ju senior J\u00e1n Le\u0161ka.<\/span> <span style=\"font-size: medium;\">V jeho \u0161\u013eapajach <\/span><span style=\"font-size: medium;\">a k\u0148azskej slu\u017ebe <\/span><span style=\"font-size: medium;\">pokra\u010doval<\/span><span style=\"font-size: medium;\">i<\/span><span style=\"font-size: medium;\"> syn \u013dudov\u00edt Mojm\u00edr Semian, <\/span><span style=\"font-size: medium;\">evanjelick\u00fd k\u0148az a obecn\u00fd kronik\u00e1r Turej L\u00faky <\/span><span style=\"font-size: medium;\">i vnuk J\u00e1n Pavol Drobn\u00fd<\/span><span style=\"font-size: medium;\">.<\/span> <\/span><\/p>\n<p>&nbsp;<\/p>\n","protected":false},"excerpt":{"rendered":"<p>V sobotu 13. augusta 2016 uplynulo 125 rokov od smrti evanjelick\u00e9ho k\u0148aza, n\u00e1rodovca a \u0161kolsk\u00e9ho dekana (dozorcu nad \u0161kolsk\u00fdm vyu\u010dovan\u00edm) Karola \u013dudov\u00edta Semiana, ktor\u00fd p\u00f4sobil v Turej L\u00fake takmer 39 rokov. Na tunaj\u0161om cintor\u00edne je i miesto jeho posledn\u00e9ho odpo\u010dinku. Jeho pamiatku sme si v cirkevnom zbore ECAV v Turej L\u00fake pripomenuli v nede\u013eu 21. &#8230; <a title=\"Pripomienka \u00famrtia n\u00e1rodovca a evanjelick\u00e9ho k\u0148aza  K. \u013d.  Semiana\" class=\"read-more\" href=\"https:\/\/www.e-anjelik.sk\/index.php\/2016\/08\/29\/pripomienka-umrtia-narodovca-a-evanjelickeho-knaza-k-l-semiana\/\" aria-label=\"Pre\u010d\u00edtajte si viac o Pripomienka \u00famrtia n\u00e1rodovca a evanjelick\u00e9ho k\u0148aza  K. \u013d.  Semiana\">\u010c\u00edta\u0165 viac<\/a><\/p>\n","protected":false},"author":9,"featured_media":0,"comment_status":"open","ping_status":"closed","sticky":false,"template":"","format":"standard","meta":{"footnotes":""},"categories":[145],"tags":[],"class_list":["post-30721","post","type-post","status-publish","format-standard","hentry","category-tura-luka"],"_links":{"self":[{"href":"https:\/\/www.e-anjelik.sk\/index.php\/wp-json\/wp\/v2\/posts\/30721","targetHints":{"allow":["GET"]}}],"collection":[{"href":"https:\/\/www.e-anjelik.sk\/index.php\/wp-json\/wp\/v2\/posts"}],"about":[{"href":"https:\/\/www.e-anjelik.sk\/index.php\/wp-json\/wp\/v2\/types\/post"}],"author":[{"embeddable":true,"href":"https:\/\/www.e-anjelik.sk\/index.php\/wp-json\/wp\/v2\/users\/9"}],"replies":[{"embeddable":true,"href":"https:\/\/www.e-anjelik.sk\/index.php\/wp-json\/wp\/v2\/comments?post=30721"}],"version-history":[{"count":0,"href":"https:\/\/www.e-anjelik.sk\/index.php\/wp-json\/wp\/v2\/posts\/30721\/revisions"}],"wp:attachment":[{"href":"https:\/\/www.e-anjelik.sk\/index.php\/wp-json\/wp\/v2\/media?parent=30721"}],"wp:term":[{"taxonomy":"category","embeddable":true,"href":"https:\/\/www.e-anjelik.sk\/index.php\/wp-json\/wp\/v2\/categories?post=30721"},{"taxonomy":"post_tag","embeddable":true,"href":"https:\/\/www.e-anjelik.sk\/index.php\/wp-json\/wp\/v2\/tags?post=30721"}],"curies":[{"name":"wp","href":"https:\/\/api.w.org\/{rel}","templated":true}]}}