{"id":30729,"date":"2016-09-01T15:45:00","date_gmt":"2016-09-01T13:45:00","guid":{"rendered":"http:\/\/www.evanjelik.sk\/?p=30729"},"modified":"2016-09-01T15:45:00","modified_gmt":"2016-09-01T13:45:00","slug":"evanjelium-na-pohrebe","status":"publish","type":"post","link":"https:\/\/www.e-anjelik.sk\/index.php\/2016\/09\/01\/evanjelium-na-pohrebe\/","title":{"rendered":"Evanjelium na pohrebe"},"content":{"rendered":"<p>\u0160pecifick\u00fdm pr\u00edpadom zvesti evanjelia je zves\u0165 evanjelia v pohrebnej k\u00e1zni. Na jednej strane je tu skuto\u010dnos\u0165 smrti, ktor\u00e1 je pod\u013ea P\u00edsma sv\u00e4t\u00e9ho <i>\u201codmenou za hriech\u201d( R 6,23), <\/i>ale to nie je jedin\u00e9, ani posledn\u00e9 slovo \u017eiv\u00e9ho Boha svetu a \u010dloveku. Lebo<i> \u201cBo\u017e\u00edm darom milosti je ve\u010dn\u00fd \u017eivot v Kristu Je\u017ei\u0161i, P\u00e1novi na\u0161om\u201d.<\/i> (v.23 b) Evanjelium m\u00e1 opr\u00e1vnene znie\u0165 v\u0161ade a v ka\u017edej situ\u00e1cii, lebo je a zost\u00e1va<i> \u201cmocou Bo\u017eou na spasenie ka\u017ed\u00e9mu veriacemu\u201d. (R 1,16)<\/i> Aj ke\u010f je ovzdu\u0161ie na pohrebe pln\u00e9 em\u00f3ci\u00ed a skuto\u010dnos\u0165 utrpenia \u010dloveka b\u00fdva neraz d\u00f4vodom najtvrd\u0161ieho odporu \u010dloveka vo\u010di Bohu, v\u00fdchodiskom a rie\u0161en\u00edm je zves\u0165 o Bo\u017eej milosti svetu.<\/p>\n<p>&nbsp;<\/p>\n<p>Nasleduj\u00faca k\u00e1ze\u0148 odznela v lete v roku 2000 pri pohrebe 38 ro\u010dn\u00e9ho mu\u017ea, slobodn\u00e9ho, ktor\u00fd sp\u00e1chal samovra\u017edu skokom z 10 poschodia. Rodi\u010dia sa rozviedli u\u017e d\u00e1vnej\u0161ie. P\u00f4vodne \u017eil s otcom, potom posledn\u00e9 \u0161tyri roky s\u00e1m.<\/p>\n<p><b>J\u00f3b 17, 11 &#8211; 16:<\/b><\/p>\n<p><i>\u201dMoje dni uplynuli; zni\u010den\u00e9 s\u00fa moje pl\u00e1ny, n\u00e1deje m\u00f4jho srdca.\u00a0<\/i><\/p>\n<p><i>(12) Obracaj\u00fa mi noc na de\u0148: svetlo je vraj bli\u017e\u0161ie ako tma.\u00a0<\/i><\/p>\n<p><i>(13) \u010ci m\u00f4\u017eem d\u00fafa\u0165? Podsvetie mi bude domom; vo tme usteliem si l\u00f4\u017eko; (14) hrobovej jame poviem: Ty si m\u00f4j otec! a \u010dervom: Matka a sestra moja! (15) Kde je teda moja n\u00e1dej? Kto uzrie splnenie mojej n\u00e1deje?<\/i><\/p>\n<p><i>(16) Zost\u00fapia so mnou do podsvetia, ak spolu klesnemu do prachu.\u201d Amen\u00a0<\/i><\/p>\n<p>&nbsp;<\/p>\n<p>Sm\u00fato\u010dn\u00e9 pohrebn\u00e9 zhroma\u017edenie, zarm\u00faten\u00e1 rodina, bratia a sestry!<\/p>\n<p><i>\u201cNepri\u0161li sme s\u00fadi\u0165, ale pochov\u00e1va\u0165\u201d<\/i>, povedal kedysi r\u00edmsky cis\u00e1r nad rakvou bl\u00ed\u017eneho. Hoci tieto slov\u00e1 vyslovil pohan, s jeho v\u00fdrokom sa m\u00f4\u017eeme stoto\u017eni\u0165 aj my dnes, ke\u010f sme sa zi\u0161li na smutnom pohrebe zosnul\u00e9ho spolubrata XY.<\/p>\n<p>S b\u00f4\u013eom a ve\u013ekou \u0165archou v srdci sa l\u00fa\u010dime s va\u0161\u00edm synom, bratom, pr\u00edbuzn\u00fdm, ale aj priate\u013eom a b\u00fdval\u00fdm spolupracovn\u00edkom. Ne\u0161\u0165astn\u00fd okamih<\/p>\n<p>duchovn\u00e9ho skratu sp\u00f4sobil, \u017ee mus\u00edme dnes \u017ealosti\u0165 v hlbokom ustrnut\u00ed slovami biblick\u00e9ho J\u00f3ba:<i> \u201cMoje dni uplynuli; zni\u010den\u00e9 s\u00fa moje pl\u00e1ny, n\u00e1deje m\u00f4jho srdca..\u201d ( v.11 \u00a0 \u00a0 \u00a0 \u00a0 \u00a0 \u00a0 \u00a0 \u00a0 \u00a0 \u00a0 \u00a0 \u00a0 \u00a0 \u00a0 )\u00a0<\/i><\/p>\n<p><i>\u00a0 \u00a0 <\/i>Mlad\u00fd, sotva 38 ro\u010dn\u00fd \u010dlovek si e\u0161te m\u00f4\u017ee opr\u00e1vnene pl\u00e1nova\u0165 mnoh\u00e9 veci a osobn\u00e9 ciele. M\u00f4\u017ee si pl\u00e1nova\u0165 cesty, pracovn\u00e9 \u00fapechy a in\u00e9 ciele, ale ni\u010d z toho sa u\u017e net\u00fdka n\u00e1\u0161ho ne\u0161\u0165astn\u00e9ho brata. Jeho pl\u00e1ny s\u00fa zni\u010den\u00e9, jeho n\u00e1deje zomreli s n\u00edm. Mo\u017eno, \u017ee to bolo aj naopak. \u017de zomreli najsk\u00f4r jeho pl\u00e1ny a n\u00e1deje. A ak zomreli jeho pl\u00e1ny a n\u00e1deje, privodilo to psychick\u00fa traumu, pr\u00e1zdnotu a nezvl\u00e1dnute\u013en\u00fa situ\u00e1ciu, ktor\u00e1 bola silnej\u0161ia ako on.<\/p>\n<p>Nie je na\u0161ou \u00falohou toto sk\u00fama\u0165, alebo o pr\u00ed\u010din\u00e1ch jeho kroku rozhodova\u0165. T\u00fdm menej ho s\u00fadi\u0165, alebo posudzova\u0165. M\u00f4\u017eeme len v pokore poveda\u0165: nevieme! A zrejme o jeho posledn\u00fdch pohn\u00fatkach ani nebudeme vedie\u0165 viac. Nevieme, ak\u00e1 boles\u0165, alebo ak\u00e9 sklamanie sa skr\u00fdvalo v jeho srdci.<\/p>\n<p>Nepri\u0161li sme s\u00fadi\u0165 aj preto, lebo ani my e\u0161te nevieme, ako svoj \u017eivot ukon\u010d\u00edme. Nepri\u0161li sme s\u00fadi\u0165, ale pochov\u00e1va\u0165. Pochov\u00e1va\u0165 &#8211; znamen\u00e1 pre n\u00e1s rozl\u00fa\u010di\u0165 sa a odovzda\u0165 bezduch\u00e9 telo zemi. To je sama osobe ve\u013emi bo\u013eav\u00e1 skuto\u010dnos\u0165. Starozmluvn\u00fd mu\u017e J\u00f3b o skuto\u010dnosti smrti hovor\u00ed ve\u013emi otvorene a tvrdo.<i>\u201d Podsvetie mi bude domom; vo tme usteliem si l\u00f4\u017eko; hrobovej jame poviem: Ty si m\u00f4j otec! a \u010dervom: Matka a sestra moja! Kde je teda moja n\u00e1dej?\u2026Zost\u00fapia so mnou do podsvetia a spolu klesneme do prachu\u201d.( v.13- 16)<\/i><\/p>\n<p>Mil\u00ed priatelia,<\/p>\n<p>aj tak\u00fato podobu m\u00e1 to neosobn\u00e9, navonok ve\u013emi racion\u00e1lne slovo \u201cpochov\u00e1va\u0165\u201d. Iba toto a ni\u010d viac sa deje tam, kde s \u010dlovekom zomrela aj ka\u017ed\u00e1 n\u00e1dej a kde \u017eiadnej n\u00e1deje niet. Kde je definit\u00edvny koniec \u017eivota. Nikto z \u013eud\u00ed to nem\u00f4\u017ee zmeni\u0165. Nikto to nem\u00f4\u017ee ani zakry\u0165, alebo zamaskova\u0165 in\u00fdmi, m\u00e4k\u0161\u00edmi slovami ako s\u00fa tie J\u00f3bove. Ani krasore\u010dnen\u00edm o smrti, alebo nariekan\u00edm.<\/p>\n<p>&nbsp;<\/p>\n<p>Predsa v\u0161ak je tu jeden v\u00fdznamn\u00fd a d\u00f4le\u017eit\u00fd rozdiel medzi v\u00fdrokom pohansk\u00e9ho filozofa s na\u0161\u00edm postojom kres\u0165anskej viery. Zhodneme sa s n\u00edm v tom, \u017ee sme nepri\u0161li, aby sme s\u00fadili in\u00fdch. Tak hovor\u00ed aj Je\u017ei\u0161. ( Mt 7,1 ) Nepri\u0161li sme, aby sme podrobne op\u00edsali \u017eivot, pr\u00e1cu, alebo duchovn\u00fd stav a osobn\u00e9 t\u00fa\u017eby jedn\u00e9ho z n\u00e1s, vr\u00e1tane jeho ve\u013ekej t\u00fa\u017eby po l\u00e1ske. V strede J\u00f3bovho v\u00fdroku zost\u00e1va ot\u00e1zka, na ktor\u00fa sa nevera nikdy nezm\u00f4\u017ee. J\u00f3b tu vyslovuje naliehav\u00fa ot\u00e1zku o n\u00e1deji zo\u010di-vo\u010di smrti a umieraniu: <i>\u201c\u010ci m\u00f4\u017eem d\u00fafa\u0165?\u201d( v.13 )\u00a0 <\/i>A potom znovu hovor\u00ed podobne:<i>\u201d Kde je teda moja n\u00e1dej? Kto uzrie splnenie mojej n\u00e1deje?\u201d. ( v.15 )<\/i><\/p>\n<p><i>\u00a0 <\/i>C\u00edtime, \u017ee tu je z\u00e1pas o n\u00e1dej. Z\u00e1pas nielen samotn\u00e9ho J\u00f3ba, ale \u010dloveka v\u00f4bec. J\u00f3b z\u00e1pas\u00ed s cel\u00fdm nasaden\u00edm o pravdivos\u0165 a opr\u00e1vnenos\u0165 n\u00e1deje v utrpen\u00ed a smrti. To sa dialo v cel\u00fdch gener\u00e1ciach \u013eudu SZ, ale aj \u013eudu NZ. \u00c1no, J\u00f3bova ot\u00e1zka je aj na\u0161a ot\u00e1zka. Je tu dnes nejak\u00e1 n\u00e1dej? Je tu dnes nejak\u00e1 potecha a zmyslupln\u00fd cie\u013e pre toho, ktor\u00fd kles\u00e1 do prachu, ale aj pre n\u00e1s, ktor\u00ed tu e\u0161te na kr\u00e1tky \u010das zost\u00e1vame?<\/p>\n<p>J\u00f3ba sa sna\u017eili jeho priatelia pote\u0161i\u0165 najlep\u0161ie ako vedeli. Viac, alebo menej presne ukazuj\u00fa na \u017eivot ako na dar, ktor\u00fd m\u00e1 svoj po\u010diatok i svoje pokra\u010dovanie a je naplno v ruk\u00e1ch Bo\u017e\u00edch.<\/p>\n<p>J\u00f3b s\u00e1m je v\u0161ak pred nami ako mu\u017e trpite\u013e, pln\u00fd pochybnost\u00ed. Na jednej strane to bola smr\u0165 jeho det\u00ed, strata majetku, postavenia a cti u \u013eud\u00ed i strata zdravia. V jeho slov\u00e1ch je vyjadren\u00fd z\u00e1pas o n\u00e1dej, ktor\u00e1 nie je ni\u010d\u00edm zaisten\u00e1 a ned\u00e1 sa \u010dloveku ni\u010d\u00edm, \u017eiadnym \u00fasil\u00edm, \u010di z\u00e1sluhami z\u00edska\u0165. Tak\u00e1to n\u00e1dej je sama darom. Je ne\u017en\u00fdm pohladen\u00edm, l\u00e1skou, v ktor\u00fa m\u00e1 uveri\u0165 aj v bezmocnom utrpen\u00ed. Ide pravda o Bo\u017eiu l\u00e1sku. A o cie\u013e, ku ktor\u00e9mu n\u00e1s chce Boh pozva\u0165 a privies\u0165.<\/p>\n<p>&nbsp;<\/p>\n<p>V J\u00f3bov\u00fdch rozhovoroch s priate\u013emi ide aj o obr\u00e1tenie n\u00e1zorov, my\u0161lienok a predst\u00e1v o P\u00e1nu Bohu. Podobn\u00e9 predstavy m\u00e1 aj dne\u0161n\u00fd \u010dlovek, ktor\u00fd Boha vn\u00edma najm\u00e4 ako pr\u00edsneho sudcu, ale aj ako h\u013eada\u010da hriechov, podozrievav\u00e9ho prokur\u00e1tora a nemilosrdn\u00e9ho \u017eal\u00e1rnika. Trpiaci J\u00f3b hovor\u00ed o svojich priate\u013eoch a ich rie\u0161eniach: <i>\u201dObracaj\u00fa mi noc na de\u0148; svetlo je vraj bli\u017e\u0161ie ako tma\u201d. <\/i>\u013dudia sa sna\u017eia trpiaceho pochopi\u0165, vysvetli\u0165, alebo da\u0165 radu tomu, kto trp\u00ed a prekon\u00e1va chv\u00edle bezmocnosti. Ale m\u00f4\u017ee \u010dlovek \u010dloveku obr\u00e1ti\u0165 noc na de\u0148? Je mo\u017en\u00e9 obr\u00e1ti\u0165 aj dne\u0161n\u00fa tmu a \u0165archu, ktor\u00fa pre\u017e\u00edvate vy, ktor\u00ed ste zosnul\u00e9ho najviac milovali, na <i>\u201cde\u0148 a svetlo\u201d?<\/i><\/p>\n<p>Odpove\u010f a rie\u0161enie ot\u00e1zok ktor\u00e9 sa tu vyn\u00e1raj\u00fa, nie je mo\u017en\u00e9 docieli\u0165 z n\u00e1\u0161ho rozumu, z na\u0161ich mo\u017enost\u00ed. Ani z poh\u013eadu a poz\u00edcie iba tejto \u010dasnosti. Odpove\u010fou je iba \u201crozmer ve\u010dnosti\u201d. Je tam, kde \u010dlovek vyst\u00fapi z r\u00e1mca svojich obmedzen\u00fdch mo\u017enost\u00ed a spo\u013eahne sa na mo\u017enosti Toho, ktor\u00fd n\u00e1s vo v\u0161etkom prevy\u0161uje. Na \u017eiv\u00e9ho P\u00e1na Boha a na Jeho milos\u0165. J\u00f3b n\u00e1m ukazuje cestu, ke\u010f nesk\u00f4r vyzn\u00e1va:<i> \u201d Ja viem, \u017ee m\u00f4j Vykupite\u013e \u017eije a nakoniec sa postav\u00ed nad nad prachom\u201d ( J\u00f3b 19, 25 )\u00a0<\/i><\/p>\n<p>Chceme sa teda ja my povzbudi\u0165 v tom, \u017ee je na\u0161ou \u00falohou dnes nielen pochov\u00e1va\u0165, ale aj po\u010du\u0165 a prij\u00edma\u0165 Bo\u017eie slovo. My m\u00f4\u017eeme nielen odovzda\u0165 telo zemi a polo\u017ei\u0165 ho do prachu, ale aj prosi\u0165 o sp\u00e1su du\u0161e i tela n\u00e1\u0161ho zosnul\u00e9ho, tu na zemi ve\u013emi sklaman\u00e9ho a ne\u0161\u0165astn\u00e9ho. Prosi\u0165 o to, aby uzrel svetlo, o ktorom iste po\u010dul, ale mo\u017eno pochyboval, ako mnoh\u00ed in\u00ed. O ktorom si mo\u017eno myslel, \u017ee toto Svetlo sveta ani nie je.<\/p>\n<p>&nbsp;<\/p>\n<p>Pri\u0161li sme nielen pochov\u00e1va\u0165, ale aj vypo\u010du\u0165 svedectvo o tom, \u017ee Boh nechce smr\u0165 hrie\u0161neho \u010dloveka. Boh chce, aby sme sa k Nemu vr\u00e1tili a \u017eili s N\u00edm \u010dasne i ve\u010dne. Nechce n\u00e1\u0161 z\u00e1nik, ale chce n\u00e1s vzkriesi\u0165 a dr\u017ea\u0165 vo svojom otcovskom, l\u00e1skavom n\u00e1ru\u010d\u00ed.<\/p>\n<p>Ak sa teda p\u00fdtame, \u010di smieme d\u00fafa\u0165, \u010di smieme by\u0165 \u013eudia n\u00e1deje, odpove\u010f n\u00e1jdeme v jasnom Bo\u017eom slove. V \u0147om m\u00e1me n\u00e1dej v\u017edy, aj ke\u010f telo spo\u010dinie v prachu a du\u0161a zost\u00fapi do podsvetia. T\u00fato n\u00e1dej n\u00e1m Otec pon\u00fakol v dare Jeho Syna, v Je\u017ei\u0161ovi Kristovi, v Jeho smrti za n\u00e1s a v Jeho sl\u00e1vnom vzkriesen\u00ed.<\/p>\n<p><i>\u201c\u010ci m\u00f4\u017eem d\u00fafa\u0165?\u201d- <\/i>p\u00fdta sa odv\u00e1\u017ene aj za n\u00e1s J\u00f3b. A ukazuje na cestu z bezv\u00fdchodiskovej situ\u00e1cie. Boh s\u00e1m je a m\u00e1 v\u00fdchodisko zo smrti. (\u017d 68,1) V plnosti \u010dasu ho pre n\u00e1s pripravil a n\u00e1m daroval.(J 3,16) N\u00e1\u0161 Vykupite\u013e \u017eije a zo svoje milosti sa postav\u00ed aj nad na\u0161\u00edm prachom. Jemu preto zverme v \u00faprimnej modlitbe aj n\u00e1\u0161ho spolubrata. Nie ni\u010dote, nie hrobovej jame, ale vlo\u017eme ho do l\u00e1skav\u00fdch r\u00fak mocn\u00e9ho Stvorite\u013ea a l\u00e1skav\u00e9ho Otca nebesk\u00e9ho. Jemu zverme aj na\u0161e srdcia, sam\u00fdch seba. (Oz 6,1) On je mocnej\u0161\u00ed ako smr\u0165! Urobme tak, ako n\u00e1s vyz\u00fdva aj na\u0161a n\u00e1bo\u017en\u00e1 piese\u0148:<\/p>\n<blockquote>\n<pre><i>\u201cKe\u010f slnka jas a svetlo hviezd<\/i>\n<i>hasne n\u00e1m, hanse n\u00e1m,\u00a0<\/i>\n<i>mil\u00e9 je vtedy ducha vznies\u0165<\/i>\n<i>k nebes\u00e1m, k nebes\u00e1m.<\/i>\n\n<i>Kde temn\u00e1 noc u\u017e neb\u00fdva,<\/i>\n<i>jasn\u00fd de\u0148 tam sa rozlieva,<\/i>\n<i>t\u00e1 zhviezda ve\u010dne \u017eiariv\u00e1,<\/i>\n<i>Je\u017ei\u0161 s\u00e1m, Je\u017ei\u0161 s\u00e1m!\u201d (ES 663,1, EF\u00a0 149,1<\/i> ) \n\nAmen.<\/pre>\n<\/blockquote>\n<p>\u013dubom\u00edr Batka st.<\/p>\n","protected":false},"excerpt":{"rendered":"<p>\u0160pecifick\u00fdm pr\u00edpadom zvesti evanjelia je zves\u0165 evanjelia v pohrebnej k\u00e1zni. Na jednej strane je tu skuto\u010dnos\u0165 smrti, ktor\u00e1 je pod\u013ea P\u00edsma sv\u00e4t\u00e9ho \u201codmenou za hriech\u201d( R 6,23), ale to nie je jedin\u00e9, ani posledn\u00e9 slovo \u017eiv\u00e9ho Boha svetu a \u010dloveku. Lebo \u201cBo\u017e\u00edm darom milosti je ve\u010dn\u00fd \u017eivot v Kristu Je\u017ei\u0161i, P\u00e1novi na\u0161om\u201d. (v.23 b) Evanjelium &#8230; <a title=\"Evanjelium na pohrebe\" class=\"read-more\" href=\"https:\/\/www.e-anjelik.sk\/index.php\/2016\/09\/01\/evanjelium-na-pohrebe\/\" aria-label=\"Pre\u010d\u00edtajte si viac o Evanjelium na pohrebe\">\u010c\u00edta\u0165 viac<\/a><\/p>\n","protected":false},"author":4,"featured_media":0,"comment_status":"open","ping_status":"closed","sticky":false,"template":"","format":"standard","meta":{"footnotes":""},"categories":[1],"tags":[],"class_list":["post-30729","post","type-post","status-publish","format-standard","hentry","category-adventna-modlitba"],"_links":{"self":[{"href":"https:\/\/www.e-anjelik.sk\/index.php\/wp-json\/wp\/v2\/posts\/30729","targetHints":{"allow":["GET"]}}],"collection":[{"href":"https:\/\/www.e-anjelik.sk\/index.php\/wp-json\/wp\/v2\/posts"}],"about":[{"href":"https:\/\/www.e-anjelik.sk\/index.php\/wp-json\/wp\/v2\/types\/post"}],"author":[{"embeddable":true,"href":"https:\/\/www.e-anjelik.sk\/index.php\/wp-json\/wp\/v2\/users\/4"}],"replies":[{"embeddable":true,"href":"https:\/\/www.e-anjelik.sk\/index.php\/wp-json\/wp\/v2\/comments?post=30729"}],"version-history":[{"count":0,"href":"https:\/\/www.e-anjelik.sk\/index.php\/wp-json\/wp\/v2\/posts\/30729\/revisions"}],"wp:attachment":[{"href":"https:\/\/www.e-anjelik.sk\/index.php\/wp-json\/wp\/v2\/media?parent=30729"}],"wp:term":[{"taxonomy":"category","embeddable":true,"href":"https:\/\/www.e-anjelik.sk\/index.php\/wp-json\/wp\/v2\/categories?post=30729"},{"taxonomy":"post_tag","embeddable":true,"href":"https:\/\/www.e-anjelik.sk\/index.php\/wp-json\/wp\/v2\/tags?post=30729"}],"curies":[{"name":"wp","href":"https:\/\/api.w.org\/{rel}","templated":true}]}}