{"id":3075,"date":"2010-10-11T07:23:56","date_gmt":"2010-10-11T07:23:56","guid":{"rendered":"http:\/\/e-anjelik.sk\/?p=3075"},"modified":"2010-10-11T07:23:56","modified_gmt":"2010-10-11T07:23:56","slug":"ku-storocnici-evanjelickeho-posla-spod-tatier","status":"publish","type":"post","link":"https:\/\/www.e-anjelik.sk\/index.php\/2010\/10\/11\/ku-storocnici-evanjelickeho-posla-spod-tatier\/","title":{"rendered":"Ku storo\u010dnici Evanjelick\u00e9ho Posla spod Tatier"},"content":{"rendered":"<p>&nbsp;<\/p>\n<div style=\"text-align: justify; margin: 0cm 0cm 10pt\">V&nbsp;tomto roku si&nbsp;v ECAV pripom&iacute;name <b>100 rokov<\/b> od pravideln&eacute;ho vych&aacute;dzania n&aacute;&scaron;ho periodika &ndash; Evanjelick&eacute;ho posla spod Tatier. \u010eakujeme P&aacute;nu , \u017ee n&aacute;m ho dal a za po\u017eehnan&eacute; dielo, ktor&eacute; pri n&aacute;s za t&yacute;ch sto rokov vykonal.<\/div>\n<div style=\"text-align: justify; margin: 0cm 0cm 10pt\">&nbsp;&nbsp;&nbsp; K&nbsp;Poslu m&aacute;m osobn&yacute; vz\u0165ah. V&nbsp;na&scaron;ej rodine trvale od nepam&auml;ti Posol odober&aacute;me a&nbsp;\u010d&iacute;tame. V&nbsp;rodine som z&iacute;skal z&aacute;ujem o&nbsp;obsah Posla. Hlb&scaron;ie a&nbsp;pravidelne som ho za\u010dal \u010d&iacute;ta\u0165 v&nbsp;pokonfirma\u010dnom veku. Podobne nesk&ocirc;r som pre&scaron;iel aj na mesa\u010dn&iacute;k Cirkevn&eacute; listy. Tie sme v&scaron;ak neodoberali pravidelne. Ak p&iacute;&scaron;em o&nbsp;na&scaron;ej tla\u010di, mus&iacute;m spomen&uacute;\u0165 aj \u010fal&scaron;ie. Z&aacute;ujem o&nbsp;\u017eivot cirkvi po\u010das tvrdej totality ma priviedol k&nbsp;odoberaniu&nbsp;zahrani\u010dnej tla\u010de. Z&nbsp;b&yacute;valej NDR som si objedn&aacute;val <b>Die Kirche<\/b>. Tie mi nemeck&aacute; cirkev posielala bezplatne, podobne ako neskor&scaron;ie <b>Idea-spektrum<\/b>, ktor&eacute; mi chod&iacute; doteraz. Redakcia tohto posledn&eacute;ho v&scaron;ak bola v&nbsp;NSR, a&nbsp;tak pr&iacute;sna cenz&uacute;ra za cel&yacute; rok prepustila z&nbsp;52 \u010d&iacute;sel nejak&yacute;ch 12. Z&nbsp;Ma\u010farska mi chodil t&yacute;\u017edenn&iacute;k <b>Evang&eacute;likus &eacute;let<\/b>, z&nbsp;Po\u013eska Stra\u017enica ewangeliczna, premenovan&aacute; nesk&ocirc;r na <b>Zwiastun<\/b>. Z&nbsp;\u010ceska <b>Kostnick&eacute; jiskry a&nbsp;P\u0159&iacute;tel lidu<\/b> z&nbsp;\u010cesk&eacute;ho T\u011b&scaron;&iacute;na. Niekto sa m&ocirc;\u017ee p&yacute;ta\u0165, ako som to vl&aacute;dal financova\u0165. Ako &scaron;tudent dost&aacute;val som slu&scaron;n&eacute; soci&aacute;lne a&nbsp;aj prospechov&eacute; &scaron;tipendium a&nbsp;v&nbsp;lete som si zarobil na brig&aacute;de. Nie div, \u017ee som nedostatok spr&aacute;v z&nbsp;cirkvi po\u010das totality u&nbsp;n&aacute;s na Slovensku koncom osemdesiatych &nbsp;rokov saturoval vlastn&yacute;m vyd&aacute;van&iacute;m strojom klepan&eacute;ho &nbsp;samizdatu Spektrum. Vy&scaron;lo nieko\u013eko \u010d&iacute;sel v&nbsp;p&aacute;r desiatk&aacute;ch exempl&aacute;rov, ktor&eacute; som rozd&aacute;val pracovn&iacute;kom na&scaron;ej a&nbsp;Sliezskej cirkvi na na&scaron;ich tajn&yacute;ch stretaniach. Potom pri&scaron;la ne\u017en&aacute; revol&uacute;cia, karta sa obr&aacute;tila. Ako tla\u010dov&yacute; tajomn&iacute;k ECAV som bol menovan&yacute; do redakcie Posla, kde som po\u010das nieko\u013ek&yacute;ch rokov mohol prakticky ok&uacute;si\u0165 redaktorsk&yacute; chleb&iacute;\u010dek. Na GB&Uacute; som vyd&aacute;val bulletin <b>V&yacute;ber inform&aacute;ci&iacute; z&nbsp;teol&oacute;gie a&nbsp;cirkv<\/b><strong>&iacute;<\/strong>. Vych&aacute;dzal pravidelne dvojmesa\u010dne. S&aacute;m som ho redigoval, p&iacute;sal, zaria\u010foval tla\u010d, expedoval, administroval objedn&aacute;vky a&nbsp;predplatn&eacute;.<\/div>\n<div style=\"text-align: justify; margin: 0cm 0cm 10pt\"><span>&nbsp;&nbsp;&nbsp; Dnes m&aacute;me na Slovensku mno\u017estvo cirkevnej tla\u010de. Dovol&iacute;m si spomen&uacute;\u0165 okrem u\u017e klasick&yacute;ch dvoch &#8211;&nbsp;<b>EPST a&nbsp;CL &#8211; aj D&uacute;hu, Tvorbu T, Evanjelick&yacute; v&yacute;chod, SEMtext, Cestou svetla.<\/b> Mnoh&eacute; cirkevn&eacute; zbory si vyd&aacute;vaj&uacute; vlastn&eacute; tla\u010doviny. U&nbsp;n&aacute;s vo Sv. Jure s&uacute; to <b>Zvesti z&nbsp;P&aacute;novej vinice.<\/b>&nbsp;Najv&auml;\u010d&scaron;&iacute;m probl&eacute;mom pri vyd&aacute;van&iacute; nov&iacute;n a&nbsp;\u010dasopisov s&uacute; dve veci: predplatitelia &nbsp;a&nbsp;prispievatelia. Ako spom&iacute;nan&yacute; tla\u010dov&yacute; tajomn&iacute;k GB&Uacute; som bol dva razy na zahrani\u010dnom kurze pre novin&aacute;rov, raz vo Viedni a&nbsp;t&yacute;\u017ede\u0148 v&nbsp;\u017deneve. Potom doma som aj ja vypracoval projekty &scaron;kolen&iacute; pre na&scaron;ich duchovn&yacute;ch i&nbsp;laikov v&nbsp;z&aacute;kladoch i&nbsp;nadstavbe \u017eurnalistiky. Lektorov som zabezpe\u010doval z&nbsp;Katedry \u017eurnalistiky FFUK v&nbsp;Bratislave. Celkovo sa konali tri tak&eacute;to kurzy: V&nbsp;Modre &ndash; Harm&oacute;nii, pri Liptovskej Mare a&nbsp;vo Vysok&yacute;ch Tatr&aacute;ch. Finan\u010dne ich pokr&yacute;val SLZ v&nbsp;\u017deneve. S&nbsp;\u013e&uacute;tos\u0165ou mus&iacute;m kon&scaron;tatova\u0165, \u017ee potom v&nbsp;praxi z&nbsp;t&yacute;ch vy&scaron;kolen&yacute;ch &uacute;\u010dastn&iacute;kov v&auml;\u010d&scaron;ina neprispievala do cirkevnej tla\u010de.<\/span><\/div>\n<div style=\"text-align: justify; margin: 0cm 0cm 10pt\"><span>&nbsp;&nbsp;&nbsp; &nbsp;Po\u010det st&aacute;lych odberate\u013eov na&scaron;ej cirkevnej tla\u010de trvale &nbsp;&nbsp;kles&aacute;. K&yacute;m po vojne r. 1950 bol po\u010det odberate\u013eov EPST 50 tis&iacute;c a&nbsp;CL 3 tis&iacute;c, r. 2010 je to u\u017e len 7 tis&iacute;c a&nbsp;750 kusov pri CL. Odberate\u013emi Posla s&uacute; pov&auml;\u010d&scaron;inou na&scaron;e d&ocirc;chodkyne a d&ocirc;chodci. T&iacute; pomaly, ale isto vymieraj&uacute; a&nbsp;nemaj&uacute; n&aacute;stupcov v&nbsp;rodin&aacute;ch. Ak tento trend bude pokra\u010dova\u0165, o&nbsp;p&aacute;r rokov sa m&ocirc;\u017ee sta\u0165, \u017ee vyd&aacute;vanie tla\u010de pre n&iacute;zky po\u010det abonentov bud&uacute; musie\u0165 zastavi\u0165. Pritom redaktori sa sna\u017eia urobi\u0165 periodik&aacute; pr&iacute;\u0165a\u017eliv&yacute;mi a&nbsp;zauj&iacute;mav&yacute;mi.V Posle s&uacute;&nbsp;aj str&aacute;nky pre deti. Mo\u017eno\u017ee by treba obsah roz&scaron;&iacute;ri\u0165 aj o&nbsp;\u010dl&aacute;nky pre mlad&yacute;ch. Aj ke\u010f dnes pou\u017e&iacute;vame internet ako jeden vynikaj&uacute;ci informa\u010dn&yacute;, pou\u010dn&yacute; a&nbsp;z&aacute;bavn&yacute; kan&aacute;l, svoje miesto tu m&aacute; aj na\u010falej tla\u010den&eacute; slovo. Preto \u010d&iacute;tajme , objedn&aacute;vajme a&nbsp;&scaron;&iacute;rme na&scaron;e tla\u010den&eacute; slovo. Ono je zdrojom duchovn&eacute;ho posilnenia, pou\u010denia a&nbsp;informovania.&nbsp;Do \u010fal&scaron;&iacute;ch rokov \u017eivota prajeme nielen Poslu, ale aj ostatn&yacute;m titulom v&nbsp;na&scaron;ej cirkvi ve\u013ea vern&yacute;ch odberate\u013eov a&nbsp;\u010ditate\u013eov a&nbsp;zauj&iacute;mav&eacute;, p&uacute;tav&eacute; \u010dl&aacute;nky. <\/span><\/div>\n","protected":false},"excerpt":{"rendered":"<p>&nbsp; V&nbsp;tomto roku si&nbsp;v ECAV pripom&iacute;name 100 rokov od pravideln&eacute;ho vych&aacute;dzania n&aacute;&scaron;ho periodika &ndash; Evanjelick&eacute;ho posla spod Tatier. \u010eakujeme P&aacute;nu , \u017ee n&aacute;m ho dal a za po\u017eehnan&eacute; dielo, ktor&eacute; pri n&aacute;s za t&yacute;ch sto rokov vykonal. &nbsp;&nbsp;&nbsp; K&nbsp;Poslu m&aacute;m osobn&yacute; vz\u0165ah. V&nbsp;na&scaron;ej rodine trvale od nepam&auml;ti Posol odober&aacute;me a&nbsp;\u010d&iacute;tame. V&nbsp;rodine som z&iacute;skal z&aacute;ujem o&nbsp;obsah &#8230; <a title=\"Ku storo\u010dnici Evanjelick\u00e9ho Posla spod Tatier\" class=\"read-more\" href=\"https:\/\/www.e-anjelik.sk\/index.php\/2010\/10\/11\/ku-storocnici-evanjelickeho-posla-spod-tatier\/\" aria-label=\"Pre\u010d\u00edtajte si viac o Ku storo\u010dnici Evanjelick\u00e9ho Posla spod Tatier\">\u010c\u00edta\u0165 viac<\/a><\/p>\n","protected":false},"author":22,"featured_media":0,"comment_status":"open","ping_status":"open","sticky":false,"template":"","format":"standard","meta":{"footnotes":""},"categories":[1],"tags":[332,362,309],"class_list":["post-3075","post","type-post","status-publish","format-standard","hentry","category-adventna-modlitba","tag-cirkevna-tlac","tag-financie","tag-osobne-svedectvo"],"_links":{"self":[{"href":"https:\/\/www.e-anjelik.sk\/index.php\/wp-json\/wp\/v2\/posts\/3075","targetHints":{"allow":["GET"]}}],"collection":[{"href":"https:\/\/www.e-anjelik.sk\/index.php\/wp-json\/wp\/v2\/posts"}],"about":[{"href":"https:\/\/www.e-anjelik.sk\/index.php\/wp-json\/wp\/v2\/types\/post"}],"author":[{"embeddable":true,"href":"https:\/\/www.e-anjelik.sk\/index.php\/wp-json\/wp\/v2\/users\/22"}],"replies":[{"embeddable":true,"href":"https:\/\/www.e-anjelik.sk\/index.php\/wp-json\/wp\/v2\/comments?post=3075"}],"version-history":[{"count":0,"href":"https:\/\/www.e-anjelik.sk\/index.php\/wp-json\/wp\/v2\/posts\/3075\/revisions"}],"wp:attachment":[{"href":"https:\/\/www.e-anjelik.sk\/index.php\/wp-json\/wp\/v2\/media?parent=3075"}],"wp:term":[{"taxonomy":"category","embeddable":true,"href":"https:\/\/www.e-anjelik.sk\/index.php\/wp-json\/wp\/v2\/categories?post=3075"},{"taxonomy":"post_tag","embeddable":true,"href":"https:\/\/www.e-anjelik.sk\/index.php\/wp-json\/wp\/v2\/tags?post=3075"}],"curies":[{"name":"wp","href":"https:\/\/api.w.org\/{rel}","templated":true}]}}