{"id":3077,"date":"2010-10-12T07:43:50","date_gmt":"2010-10-12T07:43:50","guid":{"rendered":"http:\/\/e-anjelik.sk\/?p=3077"},"modified":"2010-10-12T07:43:50","modified_gmt":"2010-10-12T07:43:50","slug":"plenarne-zhromazdenie-snemu-evanjelickych-teologickych-fakult-v-nemecku","status":"publish","type":"post","link":"https:\/\/www.e-anjelik.sk\/index.php\/2010\/10\/12\/plenarne-zhromazdenie-snemu-evanjelickych-teologickych-fakult-v-nemecku\/","title":{"rendered":"Plen\u00e1rne zhroma\u017edenie snemu evanjelick\u00fdch teologick\u00fdch fak\u00falt v Nemecku"},"content":{"rendered":"<p>8. a 9. okt&oacute;bra t.r. sa konal snem evanjelick&yacute;ch teologick&yacute;ch fak&uacute;lt v Nemecku. Hostite\u013ekou bola Evanjelick&aacute; teologick&aacute; fakulta R&yacute;nskej Univerzity Friedricha Wilhelmsa v Bonne. &Uacute;stredn&yacute;m bodom programu boli rozhodnutia sk&uacute;&scaron;obn&eacute;ho poriadku (medzisk&uacute;&scaron;ky a 1. teologickej sk&uacute;&scaron;ky \/magister teol&oacute;gie) pre v zostave (moduloch) &scaron;trukturovan&eacute;ho &scaron;t&uacute;dia. In&aacute;\u010d ako vo v&auml;\u010d&scaron;ine&nbsp;in&yacute;ch odboroch nebude sa v odbore teologick&eacute;ho &scaron;t&uacute;dia d&aacute;va\u0165 stupe\u0148 f&aacute;zy bakal&aacute;r a magister. \u010eal&scaron;ie rozhodnutie uv&aacute;dza, \u017ee &scaron;tudijn&eacute; v&yacute;sledky ,z&iacute;skan&eacute; na odborn&yacute;ch vysok&yacute;ch &scaron;kol&aacute;ch akreditovan&yacute;ch v posledn&yacute;ch rokoch vedeckou radou a ktor&yacute;ch nosite\u013emi&nbsp;s&uacute; slobodn&eacute; cirkvi a evanjelik&aacute;li,&nbsp;spravidla sa nem&ocirc;\u017eu uzn&aacute;va\u0165. Od&ocirc;vodnen&eacute; jednotliv&eacute; pr&iacute;pady rozhodnutia s&uacute; v&scaron;ak mo\u017en&eacute;.&nbsp;Snem evanjelick&yacute;ch teologick&yacute;ch fak&uacute;lt je vysoko&scaron;kolsk&eacute; politick&eacute; zast&uacute;penie 19 evanjelick&yacute;ch teologick&yacute;ch fak&uacute;lt nemeck&yacute;ch univerz&iacute;t a troch cirkevn&yacute;ch vysok&yacute;ch &scaron;k&ocirc;l. &nbsp;Predsedom gr&eacute;mia je prof. Dr. Jens Schr&ouml;ter, z Humboldtovej Univerzity v Berl&iacute;ne. Za jeho nov&eacute;ho z&aacute;stupcu bol zvolen&yacute; prof. Dr. J&uuml;rgen van Oorschot z Univerzity Friedricha Alexandra v Erlangen- Norimberk.<\/p>\n<p>(<a href=\"http:\/\/www.ekd.de\">www.ekd.de<\/a>)<\/p>\n","protected":false},"excerpt":{"rendered":"<p>8. a 9. okt&oacute;bra t.r. sa konal snem evanjelick&yacute;ch teologick&yacute;ch fak&uacute;lt v Nemecku. Hostite\u013ekou bola Evanjelick&aacute; teologick&aacute; fakulta R&yacute;nskej Univerzity Friedricha Wilhelmsa v Bonne. &Uacute;stredn&yacute;m bodom programu boli rozhodnutia sk&uacute;&scaron;obn&eacute;ho poriadku (medzisk&uacute;&scaron;ky a 1. teologickej sk&uacute;&scaron;ky \/magister teol&oacute;gie) pre v zostave (moduloch) &scaron;trukturovan&eacute;ho &scaron;t&uacute;dia. In&aacute;\u010d ako vo v&auml;\u010d&scaron;ine&nbsp;in&yacute;ch odboroch nebude sa v odbore teologick&eacute;ho &scaron;t&uacute;dia &#8230; <a title=\"Plen\u00e1rne zhroma\u017edenie snemu evanjelick\u00fdch teologick\u00fdch fak\u00falt v Nemecku\" class=\"read-more\" href=\"https:\/\/www.e-anjelik.sk\/index.php\/2010\/10\/12\/plenarne-zhromazdenie-snemu-evanjelickych-teologickych-fakult-v-nemecku\/\" aria-label=\"Pre\u010d\u00edtajte si viac o Plen\u00e1rne zhroma\u017edenie snemu evanjelick\u00fdch teologick\u00fdch fak\u00falt v Nemecku\">\u010c\u00edta\u0165 viac<\/a><\/p>\n","protected":false},"author":22,"featured_media":0,"comment_status":"open","ping_status":"open","sticky":false,"template":"","format":"standard","meta":{"footnotes":""},"categories":[1],"tags":[201,234],"class_list":["post-3077","post","type-post","status-publish","format-standard","hentry","category-adventna-modlitba","tag-skoly","tag-zdruzenia-a-skupiny"],"_links":{"self":[{"href":"https:\/\/www.e-anjelik.sk\/index.php\/wp-json\/wp\/v2\/posts\/3077","targetHints":{"allow":["GET"]}}],"collection":[{"href":"https:\/\/www.e-anjelik.sk\/index.php\/wp-json\/wp\/v2\/posts"}],"about":[{"href":"https:\/\/www.e-anjelik.sk\/index.php\/wp-json\/wp\/v2\/types\/post"}],"author":[{"embeddable":true,"href":"https:\/\/www.e-anjelik.sk\/index.php\/wp-json\/wp\/v2\/users\/22"}],"replies":[{"embeddable":true,"href":"https:\/\/www.e-anjelik.sk\/index.php\/wp-json\/wp\/v2\/comments?post=3077"}],"version-history":[{"count":0,"href":"https:\/\/www.e-anjelik.sk\/index.php\/wp-json\/wp\/v2\/posts\/3077\/revisions"}],"wp:attachment":[{"href":"https:\/\/www.e-anjelik.sk\/index.php\/wp-json\/wp\/v2\/media?parent=3077"}],"wp:term":[{"taxonomy":"category","embeddable":true,"href":"https:\/\/www.e-anjelik.sk\/index.php\/wp-json\/wp\/v2\/categories?post=3077"},{"taxonomy":"post_tag","embeddable":true,"href":"https:\/\/www.e-anjelik.sk\/index.php\/wp-json\/wp\/v2\/tags?post=3077"}],"curies":[{"name":"wp","href":"https:\/\/api.w.org\/{rel}","templated":true}]}}