{"id":30772,"date":"2016-09-28T21:43:02","date_gmt":"2016-09-28T19:43:02","guid":{"rendered":"http:\/\/www.evanjelik.sk\/?p=30772"},"modified":"2016-09-28T21:43:02","modified_gmt":"2016-09-28T19:43:02","slug":"z-historie-evanjelickeho-cirkevneho-zboru-v-hlbokom","status":"publish","type":"post","link":"https:\/\/www.e-anjelik.sk\/index.php\/2016\/09\/28\/z-historie-evanjelickeho-cirkevneho-zboru-v-hlbokom\/","title":{"rendered":"Z hist\u00f3rie evanjelick\u00e9ho cirkevn\u00e9ho zboru v Hlbokom"},"content":{"rendered":"<p>Z\u00a0 hist\u00f3rie evanjelick\u00e9ho cirkevn\u00e9ho zboru v Hlbokom<\/p>\n<p>Reforma\u010dn\u00e9 u\u010denie Dr.Martina Luthera pod hradom Bran\u010d zapustilo korene u\u017e v 16.storo\u010d\u00ed. Cirkevn\u00fd zbor v Senici mal viacer\u00e9 f\u00edlie a k nim patrilo aj Hlbok\u00e9. Ke\u010f v roku 1673 Senica v krutom a hroznom prenasledovan\u00ed stratila svojho k\u0148aza i kostol na n\u00e1mest\u00ed, t\u00fdkalo sa to aj Hlbok\u00e9ho. V roku 1733 bol postaven\u00fd v Prietr\u017ei artikul\u00e1rny chr\u00e1m. Hlbo\u010dania sa pripojili k Prietr\u017ei a tam chodievali aj na slu\u017eby Bo\u017eie. Av\u0161ak cirkevn\u00e9 funkcie &#8211; krsty, sob\u00e1\u0161e a pohreby &#8211; odbavoval v Hlbokom r\u00edm.kat.far\u00e1r z Jablonice. Preto hlbock\u00ed luter\u00e1ni, ke\u010f c\u00edtili bl\u00edzkos\u0165 ve\u010dnosti, dali sa odvies\u0165 do Prietr\u017ee, aby ich tam pochoval luter\u00e1nsky k\u0148az.<\/p>\n<p>Ke\u010f svitla nov\u00e1 doba po Toleran\u010dnom patente, prietr\u017esk\u00fd luter\u00e1nsky far\u00e1r prv\u00fd raz pochov\u00e1val v Hlbokom a\u017e v roku 1784, ako o tom sved\u010d\u00ed z\u00e1znam v matrike Evanjelick\u00e9ho cirkevn\u00e9ho zboru: <i>\u201cDie 12. Jan. 1784 sepultus est Martinus \u0160ULA Hlubocensis, primus post gratiosum emanatum systema Toleranciale\u201d.<\/i><\/p>\n<p>Potom za\u010dali hlbo\u010dania uva\u017eova\u0165 o svojom osamostatnen\u00ed. Mali \u0161\u0165astie, ke\u010f\u017ee tu p\u00f4sobil horliv\u00fd a nadan\u00fd u\u010dite\u013e <b>J\u00e1n Bacho<\/b>, ktor\u00fd akciu osamostatnenia zboru nie len podporoval, ale aj viedol v\u0161etky p\u00edsomnosti a zostavoval \u017eiadosti na \u0161t\u00e1tnu vrchnos\u0165. Koncom roku 1786 sa u\u017e hlbo\u010dania obracaj\u00fa na stoli\u010dn\u00fa radu do Nitry so \u017eiados\u0165ou o povolenie stavby chr\u00e1mu a o mo\u017enos\u0165 zvoli\u0165 si far\u00e1ra. Svoju \u017eiados\u0165 podopreli skuto\u010dnos\u0165ou, \u017ee ob\u010dania s\u00fa hospod\u00e1rsky v dobrom stave a \u017ee ich p\u00f4da opl\u00fdva <i>\u201cml\u00e9kem a strd\u00ed\u201d.<\/i> Po r\u00f4znych prie\u0165ahoch i \u0165a\u017ekostiach kone\u010dne d\u0148a 15. febru\u00e1ra 1787 dostali povolenie zriadi\u0165 sa v samostatn\u00fd cirkevn\u00fd zbor, postavi\u0165 si chr\u00e1m, s podmienkou, \u017ee ho postavia do Martina , t.j.do 11.novembra 1787 a \u017ee si m\u00f4\u017eu zvoli\u0165 far\u00e1ra.<\/p>\n<p>Zostaven\u00fd rozpo\u010det na stavbu chr\u00e1mu vykazuje: 265 zl.80 den\u00e1rov. Svojmu horliv\u00e9mu u\u010dite\u013eovi J\u00e1novi Bachovi sa cirkevn\u00edci odv\u010fa\u010dili t\u00fdm, \u017ee si ho povolali za prv\u00e9ho k\u0148aza. Ordinovan\u00fd bol superintendentom Michalom Torko\u0161om v Modre. Potom d\u0148a 15.apr\u00edla 1787 vykonal prv\u00e9 slu\u017eby Bo\u017eie, pri ktor\u00fdch ofera vyniesla 41.zl.5 kr.<\/p>\n<p>Z\u00e1kladn\u00fd kame\u0148 chr\u00e1mu bol polo\u017een\u00fd d\u0148a 24.apr\u00edla 1787 &#8211; pod\u013ea Dr. J. M.Hurbana:<i> \u201d Na m\u00edst\u011b b\u00fdval\u00e9 kov\u00e1rny, na znamen\u00ed, \u017ee m\u00e1 b\u00fdt zde kov\u00e1no \u017eelezo lidsk\u00e9 poru\u0161en\u00e9 p\u0159irozenosti a zakl\u00e1d\u00e1n\u00e1 ohe\u0148, v kter\u00e9m by p\u0159e\u0161ikov\u00e1no bylo st\u0159\u00edbro a zlato v\u00edry a duchovn\u00fdch cnost\u00ed\u201d.<\/i><\/p>\n<p><i>\u00a0\u00a0<\/i> S Bo\u017eou pomocou, pri ve\u013ekej usilovnosti bol chr\u00e1m dostaven\u00fd do ur\u010den\u00e9ho term\u00ednu a d\u0148a 11.novembra 1787 aj posv\u00e4ten\u00fd a odovzdan\u00fd svojmu \u00fa\u010delu. Ofera pri tejto pr\u00edle\u017eitostit vyniesla 42 zl. Rozmery chr\u00e1mu v obd\u013a\u017enikovej podobe s\u00fa: 17 m 21 cm d\u013a\u017eka, 10 m a 18 cm svetos\u0165 v \u0161\u00edrke. Stavba je z tvrd\u00e9ho materi\u00e1liu, skoro sam\u00fd kame\u0148. Vn\u00fatorn\u00e9 vystrojenie pri posviacke e\u0161te ch\u00fdbalo.<\/p>\n<p>Prv\u00fd zvon si Hlbok\u00e9 zadov\u00e1\u017eilo v roku 1791 v Trnave za 208 zl., druh\u00e9 dva a\u017e v roku 1856 za p\u00f4sobenia Hurbana. Prv\u00fd organ hlbo\u010dania k\u00fapili v Brodskom za 36 zl. Jednalo sa o star\u00fd, vyraden\u00fd n\u00e1stroj. Ten vymenili za nov\u00fd v roku 1857 od brezovsk\u00e9ho organ\u00e1ra Martina \u0160a\u0161ku. V tom istom roku otec Hurban zadov\u00e1\u017eil olt\u00e1rny obraz \u201cB\u00farka na mori\u201d od viedensk\u00e9ho maliara Anastazia Jovanovi\u010da. Pri tejto pr\u00edle\u017eitosti bol chr\u00e1m prv\u00fd raz renovovan\u00fd.<\/p>\n<p>Na pamiatku storo\u010dnice postavenia chr\u00e1mu v roku 1887, e\u0161te za \u017eivota Hurbana bola nadstaven\u00e1 ve\u017ea pokryt\u00e1 me\u010fou a opatren\u00e1 dvojhlav\u00fdm cis\u00e1rskym orlom ako v\u010faka za Toleran\u010dn\u00fd patent. Na chr\u00e1me je znak: koh\u00fat &#8211; \u010do je symbol bdelosti.<\/p>\n<p>Po\u010das prvej svetove vojny stratila cirkev najv\u00e4\u010d\u0161\u00ed a najmen\u0161\u00ed zvon, ktor\u00e9 boli zrekvirovan\u00e9 na vojnov\u00e9 ciele, ako aj meden\u00e9 p\u00ed\u0161\u0165ale z organa. Postupom \u010dasu si cirkev toto zariadenie znovu nadobudla. V rokoch 1948\/9 si cirekv hlbock\u00e1 zrenovovala chr\u00e1m Bo\u017e\u00ed od z\u00e1kladu v sume 597 510 K\u010ds, pri v\u00fddatnej pomoci \u0161t\u00e1tu a cirkevn\u00edkov. Zaviedla elektrick\u00e9 ohrievanie kostola a na ve\u017eu dala hodiny. Hurbanovsk\u00fd cirkevn\u00fd zbor sa o svoj chr\u00e1m aj na\u010falej star\u00e1. Kie\u017e by sa aj nov\u00e9 gener\u00e1cie stali chr\u00e1mom Ducha a dedi\u010dstvo otcov zachovali a odovzdlai bud\u00facim gener\u00e1ciam.<\/p>\n<p>Zostavil: Juraj Chochol, ev.a.v.far\u00e1r<\/p>\n","protected":false},"excerpt":{"rendered":"<p>Z\u00a0 hist\u00f3rie evanjelick\u00e9ho cirkevn\u00e9ho zboru v Hlbokom Reforma\u010dn\u00e9 u\u010denie Dr.Martina Luthera pod hradom Bran\u010d zapustilo korene u\u017e v 16.storo\u010d\u00ed. Cirkevn\u00fd zbor v Senici mal viacer\u00e9 f\u00edlie a k nim patrilo aj Hlbok\u00e9. Ke\u010f v roku 1673 Senica v krutom a hroznom prenasledovan\u00ed stratila svojho k\u0148aza i kostol na n\u00e1mest\u00ed, t\u00fdkalo sa to aj Hlbok\u00e9ho. V &#8230; <a title=\"Z hist\u00f3rie evanjelick\u00e9ho cirkevn\u00e9ho zboru v Hlbokom\" class=\"read-more\" href=\"https:\/\/www.e-anjelik.sk\/index.php\/2016\/09\/28\/z-historie-evanjelickeho-cirkevneho-zboru-v-hlbokom\/\" aria-label=\"Pre\u010d\u00edtajte si viac o Z hist\u00f3rie evanjelick\u00e9ho cirkevn\u00e9ho zboru v Hlbokom\">\u010c\u00edta\u0165 viac<\/a><\/p>\n","protected":false},"author":4,"featured_media":0,"comment_status":"open","ping_status":"closed","sticky":false,"template":"","format":"standard","meta":{"footnotes":""},"categories":[1],"tags":[],"class_list":["post-30772","post","type-post","status-publish","format-standard","hentry","category-adventna-modlitba"],"_links":{"self":[{"href":"https:\/\/www.e-anjelik.sk\/index.php\/wp-json\/wp\/v2\/posts\/30772","targetHints":{"allow":["GET"]}}],"collection":[{"href":"https:\/\/www.e-anjelik.sk\/index.php\/wp-json\/wp\/v2\/posts"}],"about":[{"href":"https:\/\/www.e-anjelik.sk\/index.php\/wp-json\/wp\/v2\/types\/post"}],"author":[{"embeddable":true,"href":"https:\/\/www.e-anjelik.sk\/index.php\/wp-json\/wp\/v2\/users\/4"}],"replies":[{"embeddable":true,"href":"https:\/\/www.e-anjelik.sk\/index.php\/wp-json\/wp\/v2\/comments?post=30772"}],"version-history":[{"count":0,"href":"https:\/\/www.e-anjelik.sk\/index.php\/wp-json\/wp\/v2\/posts\/30772\/revisions"}],"wp:attachment":[{"href":"https:\/\/www.e-anjelik.sk\/index.php\/wp-json\/wp\/v2\/media?parent=30772"}],"wp:term":[{"taxonomy":"category","embeddable":true,"href":"https:\/\/www.e-anjelik.sk\/index.php\/wp-json\/wp\/v2\/categories?post=30772"},{"taxonomy":"post_tag","embeddable":true,"href":"https:\/\/www.e-anjelik.sk\/index.php\/wp-json\/wp\/v2\/tags?post=30772"}],"curies":[{"name":"wp","href":"https:\/\/api.w.org\/{rel}","templated":true}]}}