{"id":3078,"date":"2010-10-12T08:28:12","date_gmt":"2010-10-12T08:28:12","guid":{"rendered":"http:\/\/e-anjelik.sk\/?p=3078"},"modified":"2010-10-12T08:28:12","modified_gmt":"2010-10-12T08:28:12","slug":"v-eecmy-ordinovali-prvu-zenu-za-fararku","status":"publish","type":"post","link":"https:\/\/www.e-anjelik.sk\/index.php\/2010\/10\/12\/v-eecmy-ordinovali-prvu-zenu-za-fararku\/","title":{"rendered":"V EECMY ordinovali prv\u00fa \u017eenu za far\u00e1rku"},"content":{"rendered":"<p>V Eti&oacute;pskej evanjelicko-luter&aacute;nskej cirkvi&nbsp; Mekane Yesus (EECMY) ordinovali v meste Gambella prv&uacute; \u017eenu za far&aacute;rku tejto cirkvi. Ordin&aacute;ciu vykonal biskup (prezident) Ding Gach Gor z diec&eacute;zy Z&aacute;padn&aacute; Gambella Bethel za asistencie &ocirc;smich \u010fal&scaron;&iacute;ch pastorov. Na sl&aacute;vnosti, ktor&aacute; sa konala na n&aacute;mest&iacute; mesta, bolo pr&iacute;tomn&yacute;ch dovedna \u010fal&scaron;&iacute;ch 47 duchovn&yacute;ch a z&aacute;stupcovia 14 cirkevn&yacute;ch zborov mesta Gambella. Ordinovan&aacute; \u017eena sa vol&aacute; Mary Nyahieng a je matkou &scaron;iestich det&iacute;: troch dc&eacute;r a troch synov.<\/p>\n<p>(<a href=\"http:\/\/www.eecmy.org\">www.eecmy.org<\/a>)<\/p>\n","protected":false},"excerpt":{"rendered":"<p>V Eti&oacute;pskej evanjelicko-luter&aacute;nskej cirkvi&nbsp; Mekane Yesus (EECMY) ordinovali v meste Gambella prv&uacute; \u017eenu za far&aacute;rku tejto cirkvi. Ordin&aacute;ciu vykonal biskup (prezident) Ding Gach Gor z diec&eacute;zy Z&aacute;padn&aacute; Gambella Bethel za asistencie &ocirc;smich \u010fal&scaron;&iacute;ch pastorov. Na sl&aacute;vnosti, ktor&aacute; sa konala na n&aacute;mest&iacute; mesta, bolo pr&iacute;tomn&yacute;ch dovedna \u010fal&scaron;&iacute;ch 47 duchovn&yacute;ch a z&aacute;stupcovia 14 cirkevn&yacute;ch zborov mesta Gambella. &#8230; <a title=\"V EECMY ordinovali prv\u00fa \u017eenu za far\u00e1rku\" class=\"read-more\" href=\"https:\/\/www.e-anjelik.sk\/index.php\/2010\/10\/12\/v-eecmy-ordinovali-prvu-zenu-za-fararku\/\" aria-label=\"Pre\u010d\u00edtajte si viac o V EECMY ordinovali prv\u00fa \u017eenu za far\u00e1rku\">\u010c\u00edta\u0165 viac<\/a><\/p>\n","protected":false},"author":22,"featured_media":0,"comment_status":"open","ping_status":"open","sticky":false,"template":"","format":"standard","meta":{"footnotes":""},"categories":[50,10],"tags":[],"class_list":["post-3078","post","type-post","status-publish","format-standard","hentry","category-afrika","category-zo-sveta"],"_links":{"self":[{"href":"https:\/\/www.e-anjelik.sk\/index.php\/wp-json\/wp\/v2\/posts\/3078","targetHints":{"allow":["GET"]}}],"collection":[{"href":"https:\/\/www.e-anjelik.sk\/index.php\/wp-json\/wp\/v2\/posts"}],"about":[{"href":"https:\/\/www.e-anjelik.sk\/index.php\/wp-json\/wp\/v2\/types\/post"}],"author":[{"embeddable":true,"href":"https:\/\/www.e-anjelik.sk\/index.php\/wp-json\/wp\/v2\/users\/22"}],"replies":[{"embeddable":true,"href":"https:\/\/www.e-anjelik.sk\/index.php\/wp-json\/wp\/v2\/comments?post=3078"}],"version-history":[{"count":0,"href":"https:\/\/www.e-anjelik.sk\/index.php\/wp-json\/wp\/v2\/posts\/3078\/revisions"}],"wp:attachment":[{"href":"https:\/\/www.e-anjelik.sk\/index.php\/wp-json\/wp\/v2\/media?parent=3078"}],"wp:term":[{"taxonomy":"category","embeddable":true,"href":"https:\/\/www.e-anjelik.sk\/index.php\/wp-json\/wp\/v2\/categories?post=3078"},{"taxonomy":"post_tag","embeddable":true,"href":"https:\/\/www.e-anjelik.sk\/index.php\/wp-json\/wp\/v2\/tags?post=3078"}],"curies":[{"name":"wp","href":"https:\/\/api.w.org\/{rel}","templated":true}]}}