{"id":30782,"date":"2016-10-03T21:26:22","date_gmt":"2016-10-03T19:26:22","guid":{"rendered":"http:\/\/www.evanjelik.sk\/?p=30782"},"modified":"2016-10-03T21:26:22","modified_gmt":"2016-10-03T19:26:22","slug":"oslobodeni-bozou-milostou","status":"publish","type":"post","link":"https:\/\/www.e-anjelik.sk\/index.php\/2016\/10\/03\/oslobodeni-bozou-milostou\/","title":{"rendered":"Osloboden\u00ed  Bo\u017eou milos\u0165ou"},"content":{"rendered":"<p>Misijn\u00e9 podujatie k 500.v\u00fdro\u010diu reform\u00e1cie ( Pre informovanos\u0165 \u0161ir\u0161ej evanjelickej verejnosti uv\u00e1dzame podstatn\u00e9 \u010dasti z materi\u00e1lov ECAV: Predstavenie r\u00e1mcov\u00e9ho popisu projektu zo d\u0148a 3.3.2016. ): Pr\u00edprava ECAV na 500.v\u00fdro\u010die reform\u00e1cie.<\/p>\n<p>V ECAV na Slovensku v r\u00e1mci pr\u00edpravy na 500.v\u00fdro\u010die reform\u00e1cie sa organizuj\u00fa viacer\u00e9 podujatia na \u00farovni cirkevn\u00fdch zborov, senior\u00e1tov a di\u0161triktov; zapojen\u00e9 s\u00fa aj cirkevn\u00e9 \u0161koly, r\u00f4zne spolo\u010denstv\u00e1 a \u00fa\u010delov\u00e9 zariadenia. Pokia\u013e id eo celocirkevn\u00e9 akcie, nimi sa opakovane zaober\u00e1 Gener\u00e1lne presbyterstvo ECAV na Slovensku. Viacer\u00e9 projekty u\u017e boli schv\u00e1len\u00e9 a realizuj\u00fa sa, \u010fal\u0161ie sa e\u0161te len pripravuj\u00fa.<\/p>\n<p>Medzi celocirkevn\u00e9 projekty patr\u00ed:<\/p>\n<ul>\n<li>10 ro\u010dn\u00fd projekt pr\u00edpravy pod n\u00e1zvom Lutherova dek\u00e1da<\/li>\n<li>500 stromov reform\u00e1cie v ECAV na Slovensku<\/li>\n<li>Putovn\u00e1 v\u00fdstava 500. rokov reform\u00e1cie v ECAV na Slovensku<\/li>\n<li>Pam\u00e4tn\u00e1 mdaila k 500. v\u00fdro\u010diu reform\u00e1cie<\/li>\n<li>Logo 500. v\u00fdro\u010dia reform\u00e1cie<\/li>\n<li>Propaga\u010dn\u00e9 predmety k 500.v\u00fdro\u010diu reform\u00e1cie\u00a0 pam\u00e4tn\u00e9 mince, poh\u013eadnice, tri\u010dk\u00e1, po\u0161tov\u00e9 ob\u00e1lky s logom)<\/li>\n<li>\u0160tudijn\u00e9 cesty Po stop\u00e1ch Martina Luthera<\/li>\n<li>Svetlo do tmy<\/li>\n<li>Pe\u0161i po stop\u00e1ch reform\u00e1cie na Slovensku<\/li>\n<li>Publika\u010dn\u00e9 v\u00fdstupy k 500. v\u00fdro\u010diu reform\u00e1cie z Tranoscia<\/li>\n<li>Celocirkevn\u00e1 on line evanjeliza\u010dn\u00e1 akcia<\/li>\n<li>Ofery a zbierky ur\u010den\u00e9 pre opravu kostola vo Wittenbergu a oslavy 500.v\u00fdro\u010dia reform\u00e1cie u n\u00e1s<\/li>\n<li>Hist\u00f3ria vy\u0161it\u00e1 v obrazoch<\/li>\n<li>500 protestantsk\u00fdch \u0161k\u00f4l oslavuje 500 orkov reform\u00e1cie &#8211; a\/ Vedomostn\u00e1 s\u00fa\u0165a\u017e &#8211; b\/ S\u00fa\u0165a\u017e v duchovnej piesni pre deti a ml\u00e1de\u017e<\/li>\n<li>Podpora 500 \u0161kol\u00e1kov v Afrike<\/li>\n<li>\u201cEur\u00f3pske cesty reform\u00e1cie\u201d &#8211; celoeur\u00f3pske podujatie EKD v Bardejov<\/li>\n<li>Liter\u00e1rna s\u00fa\u0165a\u017e k 500. v\u00fdro\u010diu reform\u00e1cie pre v\u0161etky vekov\u00e9 kateg\u00f3rie &#8211; spolupr\u00e1ca s Tranosiom<\/li>\n<li>Chlieb \u017eivota &#8211; zbierka zamyslen\u00ed pre deti<\/li>\n<li>Teologick\u00e1 konferencia \u201cReform\u00e1cia\u201d<\/li>\n<\/ul>\n<p><b>Cie\u013e projektu a zvolen\u00e1 forma<\/b><\/p>\n<p>Hlavn\u00fdm cie\u013eom projektu je zv\u00fd\u0161i\u0165 vidite\u013enos\u0165 cirkvi a povedomie o dopade, ktor\u00fd reform\u00e1cia mala a st\u00e1le m\u00e1 v cirkvi a spolo\u010dnosti. Formou senior\u00e1lnych stretnut\u00ed si postupne pripomenieme v obdob\u00ed od 23.10.2016 do 31.10.2017 vo v\u0161etk\u00fdch senior\u00e1toch 500.v\u00fdro\u010die reform\u00e1cie. Podujatie vyvrchol\u00ed v de\u0148 500.v\u00fdro\u010dia &#8211; 31.10.2017 &#8211; v Bratislave reprezenta\u010dn\u00fdmi sl\u00e1vnos\u0165ami za \u00fa\u010dasti najvy\u010d\u010d\u00edch predstavite\u013eov cirkvi a \u0161t\u00e1tu.<\/p>\n<p>(nasleduje mapka podujat\u00ed:<\/p>\n<p>Jednotiacim prvkom bude odovzd\u00e1vanie putovnej \u0161tandardy medzi seniormi a symbolick\u00e9 prip\u00e1janie sa senior\u00e1tov i stuhami s vy\u0161it\u00fdm reforma\u010dn\u00fdm textom P\u00edsma sv\u00e4t\u00e9ho k odkazu reform\u00e1cie.<\/p>\n<p><b>Biblick\u00fd text: (\u00fastredn\u00fd biblick\u00fd text podujatia) R 3, 21 &#8211; 28:<\/b><\/p>\n<p><i>\u201cAle teraz\u00a0 sa bez z\u00e1kona zjavila spravodlivos\u0165 Bo\u017eia, ktor\u00fa dosved\u010duj\u00fa z\u00e1kon i proroci, a to spravodlivos\u0165 Bo\u017eia z viery v Je\u017ei\u0161a Krista v\u0161etk\u00fdm veriacim; lebo niet rozdielu: V\u0161etci toti\u017e zhre\u0161ili a nemaj\u00fa sl\u00e1vy Bo\u017eej, ale ospravedl\u0148ovan\u00ed s\u00fa zadarmo z Jeho milosti skrze vyk\u00fapenie v Kristovi Je\u017ei\u0161ovi, ktor\u00e9ho Boh dal ako prostriedok zmierenia skrze vieru, v Jeho krvi, aby dosved\u010dil svoju spravodlivos\u0165 prehliadnut\u00edm hriechov p\u00e1chan\u00fdch predt\u00fdm,\u00a0 \u010dase Bo\u017eej zhovievavosti, aby tak dosved\u010dil svou spravodlivos\u0165 v teraj\u0161om \u010dase, aby On bol spravodliv\u00fd a ospravedlnil toho, kto ver\u00ed v Je\u017ei\u0161a. Kde je teda chvastania? Je vyl\u00fa\u010den\u00e9! Ak\u00fdm z\u00e1konom?\u00a0 Z\u00e1konom skutkov? Nie, naopak, z\u00e1konom viery. Lebo tak mysl\u00edme,\u017ee \u010dlovek ospravelnen\u00fd b\u00fdva vierou bez skutkov z\u00e1kona\u201d .<\/i><\/p>\n<p><b>\u010eal\u0161ie biblick\u00e9 texty pre jednotliv\u00e9 senior\u00e1lne stretnutia:<\/b><\/p>\n<p><b>_<\/b><i>_______________________________________________<\/i><\/p>\n<p><i>\u0160ZS &#8211;\u00a0 \u017d 46, 4 b: \u201cHospodin mocnost\u00ed je s nami, hradom prepevn\u00fdm je n\u00e1m Boh J\u00e1kobov!<\/i><\/p>\n<p><i>KES &#8211; G 5,5: \u201d Lebo my mocou Ducha z viery o\u010dak\u00e1vame n\u00e1dej spravodlivosti\u201d.<\/i><\/p>\n<p><i>GES &#8211; G 3,2: \u201c Lebo vierou ste v\u0161etci synovia Bo\u017e\u00ed v Kristovi Je\u017ei\u0161ovi\u201d .<\/i><\/p>\n<p><i>RIS &#8211; R 10, 9: \u201d Ak \u00fastami vyzn\u00e1va\u0161 P\u00e1na Je\u017ei\u0161a a v srdci ver\u00ed\u0161, \u017ee Ho Boh vzkriesil z m\u0155tvych, bude\u0161 spasen\u00fd\u201d.<\/i><\/p>\n<p><i>NOS &#8211; R 5,1: \u201c A tak ospravedlnen\u00ed z viery m\u00e1me pokoj s Bohom skrze svojho P\u00e1na Je\u017ei\u0161a krista\u201d.<\/i><\/p>\n<p><i>HOS &#8211; R 3, 20 a:\u201d\u00a0 \u2026preto\u017ee zo skutkov z\u00e1kona nebude ospravedlnen\u00fd pred N\u00edm ani jeden \u010dlovek\u201d.<\/i><\/p>\n<p><i>ZVS &#8211; Ef\u00a0 1,7: \u201d V \u0147om m\u00e1me vyk\u00fapenie skrze Jeho krv, odpustenie hriechov pod\u013ea bohatstva Jeho milosti\u201d.<\/i><\/p>\n<p><i>TAS &#8211; Ef 2, 8 a: \u201d Lebo milos\u0165ou ste spasen\u00ed skrze vieru\u201d.<\/i><\/p>\n<p><i>LOS &#8211; J 14, 6 b: \u201d Nik neprich\u00e1dza k Otcovi, ak len nie skrze m\u0148a\u201d.<\/i><\/p>\n<p><i>TUS &#8211; G 5,1: \u201d Kristus n\u00e1s oslobodil k slobode. Stojte teda a nedajte sa zapriahnu\u0165 zase do jarma otroctva!\u201d\u00a0<\/i><\/p>\n<p><i>POS\u00a0 &#8211; 1 K 3,11:\u201d\u00a0 Lebo nik nem\u00f4\u017ee polo\u017ei\u0165 in\u00fd z\u00e1klad okrem toho, \u010do je polo\u017een\u00fd, a t\u00fdm je Kristus\u201d.<\/i><\/p>\n<p><i>MYS &#8211; R 1,16 a: \u201d Ve\u010f ja sa nehanb\u00edm za evanjelium (Kristovo)\u201d lebo mocou Bo\u017eou je ono na spasenie ka\u017ed\u00e9mu veriacemu\u201d.<\/i><\/p>\n<p><i>DNS &#8211; 1 K 1,18: \u201c Slovo o kr\u00ed\u017ei je toti\u017e bl\u00e1znovstvom t\u00fdm, \u010do hyn\u00fa, ale n\u00e1m, ktor\u00ed dosahujeme spasenie, je mocou Bo\u017eou\u201d.<\/i><\/p>\n<p><i>BAS &#8211; R 11, 36: \u201d Lebo z Neho a pre Neho je v\u0161etko. Jemu sl\u00e1va naveky\u201d.<\/i><\/p>\n<p><i>ASEC &#8211; 5 M 6,5: \u201d Milova\u0165 bude\u0161 Hospodina svojho Boha, cel\u00fdm srdcom, celou du\u0161ou a celou silou\u201d.<\/i><\/p>\n<p><i>(pokra\u010dovanie)<\/i><\/p>\n","protected":false},"excerpt":{"rendered":"<p>Misijn\u00e9 podujatie k 500.v\u00fdro\u010diu reform\u00e1cie ( Pre informovanos\u0165 \u0161ir\u0161ej evanjelickej verejnosti uv\u00e1dzame podstatn\u00e9 \u010dasti z materi\u00e1lov ECAV: Predstavenie r\u00e1mcov\u00e9ho popisu projektu zo d\u0148a 3.3.2016. ): Pr\u00edprava ECAV na 500.v\u00fdro\u010die reform\u00e1cie. V ECAV na Slovensku v r\u00e1mci pr\u00edpravy na 500.v\u00fdro\u010die reform\u00e1cie sa organizuj\u00fa viacer\u00e9 podujatia na \u00farovni cirkevn\u00fdch zborov, senior\u00e1tov a di\u0161triktov; zapojen\u00e9 s\u00fa aj cirkevn\u00e9 &#8230; <a title=\"Osloboden\u00ed  Bo\u017eou milos\u0165ou\" class=\"read-more\" href=\"https:\/\/www.e-anjelik.sk\/index.php\/2016\/10\/03\/oslobodeni-bozou-milostou\/\" aria-label=\"Pre\u010d\u00edtajte si viac o Osloboden\u00ed  Bo\u017eou milos\u0165ou\">\u010c\u00edta\u0165 viac<\/a><\/p>\n","protected":false},"author":4,"featured_media":0,"comment_status":"open","ping_status":"closed","sticky":false,"template":"","format":"standard","meta":{"footnotes":""},"categories":[1,26],"tags":[],"class_list":["post-30782","post","type-post","status-publish","format-standard","hentry","category-adventna-modlitba","category-pamiatka-reformacie"],"_links":{"self":[{"href":"https:\/\/www.e-anjelik.sk\/index.php\/wp-json\/wp\/v2\/posts\/30782","targetHints":{"allow":["GET"]}}],"collection":[{"href":"https:\/\/www.e-anjelik.sk\/index.php\/wp-json\/wp\/v2\/posts"}],"about":[{"href":"https:\/\/www.e-anjelik.sk\/index.php\/wp-json\/wp\/v2\/types\/post"}],"author":[{"embeddable":true,"href":"https:\/\/www.e-anjelik.sk\/index.php\/wp-json\/wp\/v2\/users\/4"}],"replies":[{"embeddable":true,"href":"https:\/\/www.e-anjelik.sk\/index.php\/wp-json\/wp\/v2\/comments?post=30782"}],"version-history":[{"count":0,"href":"https:\/\/www.e-anjelik.sk\/index.php\/wp-json\/wp\/v2\/posts\/30782\/revisions"}],"wp:attachment":[{"href":"https:\/\/www.e-anjelik.sk\/index.php\/wp-json\/wp\/v2\/media?parent=30782"}],"wp:term":[{"taxonomy":"category","embeddable":true,"href":"https:\/\/www.e-anjelik.sk\/index.php\/wp-json\/wp\/v2\/categories?post=30782"},{"taxonomy":"post_tag","embeddable":true,"href":"https:\/\/www.e-anjelik.sk\/index.php\/wp-json\/wp\/v2\/tags?post=30782"}],"curies":[{"name":"wp","href":"https:\/\/api.w.org\/{rel}","templated":true}]}}