{"id":30786,"date":"2016-10-21T08:29:32","date_gmt":"2016-10-21T06:29:32","guid":{"rendered":"http:\/\/www.evanjelik.sk\/?p=30786"},"modified":"2016-10-21T08:29:32","modified_gmt":"2016-10-21T06:29:32","slug":"reformacia-bozia-rec-ktorou-chce-boh-vyvolat-tuzbu-po-slobode","status":"publish","type":"post","link":"https:\/\/www.e-anjelik.sk\/index.php\/2016\/10\/21\/reformacia-bozia-rec-ktorou-chce-boh-vyvolat-tuzbu-po-slobode\/","title":{"rendered":"Reform\u00e1cia- Bo\u017eia re\u010d, ktorou chce Boh vyvola\u0165 t\u00fa\u017ebu po slobode"},"content":{"rendered":"<p>\u201eBu\u010f svetlo!\u201c To je prv\u00e1 veta, ktor\u00fa po\u010dujeme z\u00a0Bo\u017e\u00edch \u00fast. \u201eA bolo svetlo a\u00a0Boh videl, \u017ee svetlo je dobr\u00e9 a\u00a0oddelil ho od tmy.\u201c Len\u017ee s\u00a0\u010dlovekom je to tak, ako povedal m\u00fadry kazate\u013e o\u00a0\u013eu\u010foch, \u017ee sa st\u00e1le pok\u00fa\u0161aj\u00fa nie odde\u013eova\u0165 svetlo od tmy, ale mie\u0161a\u0165 ich (Kaz 7,29). Namiesto Bo\u017eieho princ\u00edpu oddelenia \u013eudsk\u00e1 mie\u0161anina. A\u00a0v\u00fdsledok? Tma n\u00e1m zaliala hlavy i\u00a0srdcia. Nastal zm\u00e4tok vo v\u0161etk\u00fdch \u017eivotn\u00fdch oblastiach.<\/p>\n<p>Reform\u00e1cia bola a\u00a0je Bo\u017e\u00ed z\u00e1sah proti takejto tme aj zhmot\u00e1r\u010deniu cirkvi. Cirkvi, ktorej nejde o nijak\u00e9 n\u00e1bo\u017eenstvo, ani o\u00a0charakter alebo ducha, ale jedine o\u00a0zisk. Takto nem\u00f4\u017eu robi\u0165 \u013eudia priameho charakteru, ale len \u013eudia hmot\u00e1rskeho zalo\u017eenia. Chceme ma\u0165 majetok a\u00a0potom holdova\u0165 telesn\u00fdm \u017eiadostiam. Zn\u00e1silni\u0165 slab\u0161ieho a\u00a0potom to zastrie\u0165 n\u00e1bo\u017en\u00fdm pl\u00e1\u0161tikom. To je stra\u0161n\u00fd hlas sveta, t\u00e1 najistej\u0161ia cesta k\u00a0z\u00e1hube Bo\u017eieho \u013eudu. Takto nem\u00f4\u017eu kona\u0165 synovia Bo\u017e\u00ed. Aj dnes klope st\u00e1le tento svet na dvere na\u0161ich rod\u00edn, domov a\u00a0zborov.<\/p>\n<p>I ke\u010f sa vyskytli nedostatky a roj\u010div\u00e9 zjavy, reform\u00e1cia vznikla ako nutnos\u0165, alebo potreba proti pr\u00e1zdnote a\u00a0nepravde. Len Bo\u017eiemu z\u00e1kroku m\u00f4\u017eeme \u010fakova\u0165, \u017ee sme celkom nezahynuli, \u017ee n\u00e1s Hospodin vytrhol z\u00a0tejto tmy. N\u00e1m u\u017e akosi zmizla, alebo zov\u0161ednela prvokres\u0165ansk\u00e1 tur\u00ed\u010dna zves\u0165. A\u00a0je na\u010dase, aby sme po t\u00fdchto tur\u00ed\u010dnych daroch milosti vystierali ruky. Lebo aj v\u00a0dejin\u00e1ch cirkvi sa Bo\u017eie ml\u010danie \u010dasto opakovalo. Mo\u017eno by niekto aj chcel, aby bolo Jeho slovo m\u0155tve. Ale Jeho slovo je st\u00e1le \u017eiv\u00e9. Slovom Bo\u017e\u00edm neotras\u00fa!<\/p>\n<p>Boh nikdy nechcel robi\u0165 z\u00e1zraky pre zvedav\u00e9 o\u010di, v\u017edy len pre poslu\u0161n\u00fa vieru. Sme svedkami toho, \u017ee aj v\u00a0najtmav\u0161ej dobe sa na\u0161li \u013eudia, ktor\u00ed vyh\u013ead\u00e1vali spojenie s\u00a0Bohom a\u00a0o\u010dak\u00e1vali Bo\u017eie spasenie a\u00a0milos\u0165 a vyz\u00fdvali k\u00a0n\u00e1vratu ad fontes (k prame\u0148om), k\u00a0Hospodinovi, k P\u00edsmu. Reform\u00e1cia a \u0148ou obnoven\u00e1 cirkev sa neodl\u00fa\u010dila od ranokres\u0165anskej cirkvi, ale navr\u00e1tila sa k nej. Reform\u00e1tori sa usilovali o\u010disti\u0165 stredovek\u00fa cirkev od cudz\u00edch, protibiblick\u00fdch prvkov a vr\u00e1ti\u0165 ju k ranokres\u0165ansk\u00fdm (novozmluvn\u00fdm) z\u00e1kladom. A\u00a0Boh? Ako vid\u00edme, ani On sa svojej cirkvi nevzd\u00e1val, zase prehovoril. V\u017edy je to ve\u013ek\u00e1 vec, ke\u010f Hospodin prehovor\u00ed. To bol a\u00a0zostane v\u017edy Bo\u017e\u00ed sp\u00f4sob pomoci.<\/p>\n<p>Ke\u010f cirkev h\u013ead\u00e1 mo\u017enosti ako ovl\u00e1da\u0165 svedomie \u013eud\u00ed a\u00a0riadi\u0165 veriacich m\u00f4\u017ee z\u00a0toho r\u00fdchlo vznikn\u00fa\u0165 konflikt. Av\u0161ak v\u00a0takejto poz\u00edcii sa nemus\u00ed ocitn\u00fa\u0165 len cirkev. Aj \u0161t\u00e1t sa m\u00f4\u017ee usilova\u0165 riadi\u0165 n\u00e1s a\u00a0ovl\u00e1da\u0165 svedomie. To pozn\u00e1me z\u00a0vlastnej ned\u00e1vnej minulosti. Teraz sme sk\u00f4r konfrontovan\u00ed s\u00a0probl\u00e9mom, \u017ee niektor\u00ed teol\u00f3govia- z\u00e1stupcovia evanjelickej cirkvi (!!!) n\u00e1m predkladaj\u00fa my\u0161lienky, ktor\u00e9 sa niekedy len \u0165a\u017eko daj\u00fa zl\u00fa\u010di\u0165 s\u00a0Bo\u017e\u00edm slovom. Aj z\u00a0toho vznikaj\u00fa konflikty.<\/p>\n<p>Slobodu nesmieme nespr\u00e1vne ch\u00e1pa\u0165 ako z\u00edskavanie omilostenia skrze na\u0161e z\u00e1sluhy, za dobr\u00e9 skutky v\u00a0zmysle: \u201eJe jedno \u010do rob\u00edm a\u00a0ako \u017eijem; aj tak sa dostanem do neba\u201c; alebo predmetom kupovania (odpustkov) ako na jarmoku (ve\u010f Bo\u017eiu milos\u0165 nemo\u017eno k\u00fapi\u0165 a\u00a0preto ani preda\u0165!, je to dar, ktor\u00fd si nemo\u017eno zasl\u00fa\u017ei\u0165).\u00a0 V\u00a0takom pr\u00edpade by sme z\u00a0Bo\u017eej drahej milosti op\u00e4\u0165 urobili menejcenn\u00fd tovar, brak. Jeho milos\u0165 nie je partiov\u00fd, menejcenn\u00fd tovar. Hriech ost\u00e1va hriechom a\u00a0vina je vinou. Boh n\u00e1s berie na zodpovednos\u0165. Bo\u017eia milos\u0165 nie\u010do st\u00e1la. Bola drah\u00e1, \u017ee st\u00e1la \u017eivot Jeho milovan\u00e9ho jednoroden\u00e9ho Syna. To, \u017ee Je\u017ei\u0161 ako Syn Bo\u017e\u00ed obetoval svoj \u017eivot na kr\u00ed\u017ei je najhlb\u0161\u00edm d\u00f4kazom Bo\u017eej l\u00e1sky. Nezahr\u00e1vajme sa s\u00a0Bo\u017eou l\u00e1skou a\u00a0neur\u00e1\u017eajme sv\u00e4t\u00e9ho Boha tak\u00fdmto zm\u00fd\u0161\u013ean\u00edm. Bu\u010fme si vedom\u00ed toho, \u017ee Boh a\u00a0Otec P\u00e1na Je\u017ei\u0161a Krista je Bohom milosti a\u00a0l\u00e1sky, ale aj Bohom pravdy a\u00a0spravodlivosti. \u00a0Milos\u0165 m\u00f4\u017eeme jedine s\u00a0\u00faprimnou v\u010fakou prija\u0165.<\/p>\n<p>Ale to, \u010do n\u00e1s s\u00a0N\u00edm sp\u00e1ja, to nie je strach z\u00a0rozsudku, ale l\u00e1ska die\u0165a\u0165a ku svojmu miluj\u00facemu Otcovi. A\u00a0miluj\u00face die\u0165a nezneu\u017e\u00edva svojvo\u013ene dobrotu svojho otca. Boh nie trestaj\u00facim Bohom, ktor\u00fd hne\u010f zasiahne, ke\u010f urob\u00edme nie\u010do zl\u00e9. M\u00f4\u017eeme sa plne spolieha\u0165 na Jeho l\u00e1sku a\u00a0stava\u0165 na nej. Boh nie je v\u00a0prvom rade Sudcom a\u00a0Pomstite\u013eom. Ve\u010f n\u00e1\u0161 Boh je Bohom l\u00e1sky a milosrdenstva, ale aj sv\u00e4tosti a\u00a0nav\u0161tevuje nepr\u00e1vos\u0165 z\u00a0hor\u00facej l\u00e1sky. <em>\u201eBoh je rozp\u00e1len\u00e1 pec pln\u00e1 l\u00e1sky\u201c<\/em> \u2013tak to pop\u00edsal Luther. To je rovina reform\u00e1cie smerom dovn\u00fatra.<\/p>\n<p>V\u00a0druhej rovine, v\u00a0smere navonok, je rozhoduj\u00face vn\u00fatorn\u00e9 stanovisko, nie vonkaj\u0161\u00ed prisp\u00f4sobiv\u00fd postoj. \u010casto to kritizuj\u00fa starozmluvn\u00ed proroci, a to kult chr\u00e1mov\u00fdch bohoslu\u017eieb, kde \u013eudia maj\u00fa srdcia \u010faleko od Hospodina a\u00a0myslia si, \u017ee len samotn\u00e1 \u00fa\u010das\u0165 na bohoslu\u017ebe je dostato\u010dn\u00fdm d\u00f4vodom, aby sa Boh z\u00a0nich te\u0161il. Aj tak\u00e9to pohansk\u00e9 ch\u00e1panie mala cirkev. Chcela svojho Boha prin\u00fati\u0165, aby schv\u00e1lil jej svojvo\u013en\u00e9 cesty. Ale bez pok\u00e1nia nejestvuje ozajstn\u00fd \u017eivot. Nikdy to tak nep\u00f4jde. Zbo\u017en\u00e9 obrady pr\u00edtomnos\u0165 Bo\u017eiu e\u0161te nezaru\u010duj\u00fa. Na\u0161e svedomie m\u00f4\u017ee by\u0165 naviazan\u00e9 v\u00fdlu\u010dne na Boha samotn\u00e9ho i\u00a0Jeho slovo a\u00a0ustavi\u010dn\u00e9, v\u00a0srdci zakotven\u00e9 obr\u00e1tenie vo v\u00e4zbe na Boha a\u00a0Jeho slovo (1. t\u00e9za). Jestvuje len jedna cesta, ktor\u00e1 n\u00e1m zais\u0165uje pr\u00edtomnos\u0165 Bo\u017eiu: \u201ePribl\u00ed\u017ete sa\u00a0k\u00a0Bohu a\u00a0on sa pribl\u00ed\u017ei k\u00a0v\u00e1m!\u201c (Jk 4,8a). Mnoh\u00ed nenach\u00e1dzame t\u00fato cestu pok\u00e1nia. Pom\u00f4\u017ee jedine skuto\u010dn\u00fd n\u00e1vrat k\u00a0Bohu! \u013dudsk\u00e9 n\u00e1zory, s\u00fady a\u00a0normy nie s\u00fa poslednou in\u0161tanciou.<\/p>\n<p>Preto reforma\u010dn\u00e9 n\u00e1zory spolu s\u00favisia a\u00a0s\u00fa nosn\u00e9, aktu\u00e1lne dodnes. Mo\u017eno ich zhrn\u00fa\u0165 do z\u00e1kladn\u00fdch v\u00fdpoved\u00ed :<\/p>\n<ul>\n<li><u>Jedine Je\u017ei\u0161 Kristus<\/u> a\u00a0nie cirkev alebo p\u00e1pe\u017e alebo tzv. \u201esv\u00e4t\u00ed\u201c alebo ak\u00e9ko\u013evek in\u00e9 \u013eudsk\u00e9 in\u0161tancie a\u00a0z\u00e1kony<\/li>\n<li><u>Jedine P\u00edsmo<\/u> a\u00a0nie fal\u0161ovanie, prisp\u00f4sobovanie alebo nejak\u00e9 vo\u013enomy\u0161lienk\u00e1rske, liber\u00e1lne, pobl\u00faden\u00e9 \u013eudsk\u00e9 n\u00e1zory o\u00a0Bohu a\u00a0svete, a teda ani filozofie \u010di in\u00e9 sveton\u00e1zory<\/li>\n<li><u>Jedine milos\u0165<\/u> a \u017eiadne kaj\u00face \u010diny alebo in\u00e9 \u00fakony (p\u00fate, relikvie, mn\u00ed\u0161stvo&#8230;), aktivity, dary vraj ako obeta, ktor\u00fdmi chceme z\u00edska\u0165 uznanie in\u00fdch alebo Boha<\/li>\n<li><u>Jedine vierou<\/u> v\u00a0Boha a nie prisp\u00f4sobiv\u00fd postoj smerom k\u00a0o\u010dak\u00e1vaniam in\u00fdch cirkv\u00ed, cirkevn\u00fdch zborov a\u00a0spolo\u010dnosti<\/li>\n<li>Z\u00a0toho \u010falej vypl\u00fdva <u>v\u0161eobecn\u00e9 k\u0148azstvo v\u0161etk\u00fdch veriacich<\/u>, ktor\u00ed nepotrebuj\u00fa duchovn\u00e9ho (alebo far\u00e1ra), aby z\u00edskali pr\u00edstup k\u00a0Bohu a\u00a0Kristu, a<\/li>\n<li><u>u\u010denie o\u00a0ospravedln\u00ed hrie\u0161nika jedine vierou z\u00a0milosti<\/u>, ktor\u00fa u\u017e apo\u0161tol Pavel tak vehementne zast\u00e1val (R 3,28; 4,5 Ef 2,8-9).<\/li>\n<\/ul>\n<p>Pre\u010do sme e\u0161te dnes evanjelick\u00ed kres\u0165ania? Pre\u010do e\u0161te zotrv\u00e1vame v\u00a0tejto viere:\u00a0 pre\u010do neprisp\u00f4sobujeme na\u0161e postoje zmenen\u00fdm pomerom? Jednoduch\u00e1 odpove\u010f znie: s\u00a0touto vierou m\u00f4\u017eeme v\u00a0plnej d\u00f4vere \u017ei\u0165 n\u00e1\u0161 \u017eivot \u010deliac pritom v\u00fdzvam dne\u0161n\u00fdch \u010dasov a\u00a0v\u00a0tejto viere m\u00f4\u017eeme v\u00a0pokoji aj umrie\u0165. A\u00a0o\u00a0to predsa ide. Je to v\u00fdraz osobnej viery mnoh\u00fdch, ktor\u00ed sa spolo\u010dne stret\u00e1vaj\u00fa, h\u013eadaj\u00fa \u00fatechu, povzbudenie, posilnenie a\u00a0od\u013eah\u010denie svojho svedomia. H\u013eadaj\u00fa orient\u00e1ciu v\u00a0ot\u00e1zkach t\u00fdkaj\u00facich sa ich \u017eivota, oporu, bezpe\u010dnos\u0165, istotu v\u00a0premen\u00e1ch \u010dasu. Ve\u010f \u010do Bo\u017eia cirkev, ale hlavne jej kazatelia tak ve\u013emi potrebuj\u00fa, s\u00fa tie vrchy osl\u00e1venia, kde by sme mali po\u010du\u0165 hlas z\u00a0neba: Toto je m\u00f4j milovan\u00fd Syn, v\u00a0ktorom sa mi za\u013e\u00fabilo, toho po\u010d\u00favajte- a\u00a0len Toho! Cirkev m\u00e1 by\u0165 so\u013eou, ktor\u00e1 zachra\u0148uje od hniloby a\u00a0d\u00e1va \u017eivotu svoju chu\u0165.<\/p>\n<p>&nbsp;<\/p>\n<p><em>Modlitba z\u00a0Agendy ECAV na Slovensku:<\/em><\/p>\n<p>Pane Bo\u017ee, nebesk\u00fd Ot\u010de, \u010fakujeme Ti, \u017ee si sp\u00f4sobil dielom reform\u00e1cie potrebn\u00e9 o\u010distenie a napravenie vo svojej cirkvi.<br \/>\nOslavujeme \u0164a, \u017ee v obnovenej cirkvi d\u00e1va\u0161 n\u00e1m \u010distotne a \u00faprimne zvestova\u0165 svoje slovo sv\u00e4t\u00e9.<br \/>\nPros\u00edme \u0164a, aby si n\u00e1s milostivo zachoval vo vernosti svojmu evanjeliu; nedovo\u013e n\u00e1m odstupova\u0165 od Tvojej pravdy a od cirkvi Kristovej.<br \/>\nSpravuj n\u00e1s Duchom Sv\u00e4t\u00fdm, aby sme v\u017edy st\u00e1li na pravom apo\u0161tolskom z\u00e1klade cirkvi, aby sme vytrvali v \u010distej viere a tak od Teba prijali ve\u010dn\u00e9 spasenie. Amen<\/p>\n<p>&nbsp;<\/p>\n<p>&nbsp;<\/p>\n<p>Pokoj V\u00e1m!!<\/p>\n","protected":false},"excerpt":{"rendered":"<p>\u201eBu\u010f svetlo!\u201c To je prv\u00e1 veta, ktor\u00fa po\u010dujeme z\u00a0Bo\u017e\u00edch \u00fast. \u201eA bolo svetlo a\u00a0Boh videl, \u017ee svetlo je dobr\u00e9 a\u00a0oddelil ho od tmy.\u201c Len\u017ee s\u00a0\u010dlovekom je to tak, ako povedal m\u00fadry kazate\u013e o\u00a0\u013eu\u010foch, \u017ee sa st\u00e1le pok\u00fa\u0161aj\u00fa nie odde\u013eova\u0165 svetlo od tmy, ale mie\u0161a\u0165 ich (Kaz 7,29). Namiesto Bo\u017eieho princ\u00edpu oddelenia \u013eudsk\u00e1 mie\u0161anina. A\u00a0v\u00fdsledok? Tma &#8230; <a title=\"Reform\u00e1cia- Bo\u017eia re\u010d, ktorou chce Boh vyvola\u0165 t\u00fa\u017ebu po slobode\" class=\"read-more\" href=\"https:\/\/www.e-anjelik.sk\/index.php\/2016\/10\/21\/reformacia-bozia-rec-ktorou-chce-boh-vyvolat-tuzbu-po-slobode\/\" aria-label=\"Pre\u010d\u00edtajte si viac o Reform\u00e1cia- Bo\u017eia re\u010d, ktorou chce Boh vyvola\u0165 t\u00fa\u017ebu po slobode\">\u010c\u00edta\u0165 viac<\/a><\/p>\n","protected":false},"author":3,"featured_media":0,"comment_status":"open","ping_status":"closed","sticky":false,"template":"","format":"standard","meta":{"footnotes":""},"categories":[26],"tags":[],"class_list":["post-30786","post","type-post","status-publish","format-standard","hentry","category-pamiatka-reformacie"],"_links":{"self":[{"href":"https:\/\/www.e-anjelik.sk\/index.php\/wp-json\/wp\/v2\/posts\/30786","targetHints":{"allow":["GET"]}}],"collection":[{"href":"https:\/\/www.e-anjelik.sk\/index.php\/wp-json\/wp\/v2\/posts"}],"about":[{"href":"https:\/\/www.e-anjelik.sk\/index.php\/wp-json\/wp\/v2\/types\/post"}],"author":[{"embeddable":true,"href":"https:\/\/www.e-anjelik.sk\/index.php\/wp-json\/wp\/v2\/users\/3"}],"replies":[{"embeddable":true,"href":"https:\/\/www.e-anjelik.sk\/index.php\/wp-json\/wp\/v2\/comments?post=30786"}],"version-history":[{"count":0,"href":"https:\/\/www.e-anjelik.sk\/index.php\/wp-json\/wp\/v2\/posts\/30786\/revisions"}],"wp:attachment":[{"href":"https:\/\/www.e-anjelik.sk\/index.php\/wp-json\/wp\/v2\/media?parent=30786"}],"wp:term":[{"taxonomy":"category","embeddable":true,"href":"https:\/\/www.e-anjelik.sk\/index.php\/wp-json\/wp\/v2\/categories?post=30786"},{"taxonomy":"post_tag","embeddable":true,"href":"https:\/\/www.e-anjelik.sk\/index.php\/wp-json\/wp\/v2\/tags?post=30786"}],"curies":[{"name":"wp","href":"https:\/\/api.w.org\/{rel}","templated":true}]}}