{"id":3079,"date":"2010-10-13T07:46:52","date_gmt":"2010-10-13T07:46:52","guid":{"rendered":"http:\/\/e-anjelik.sk\/?p=3079"},"modified":"2010-10-13T07:46:52","modified_gmt":"2010-10-13T07:46:52","slug":"predsednictvo-ecav-v-mr-vyzyva-na-pomoc-pre-postihnutych-kalom","status":"publish","type":"post","link":"https:\/\/www.e-anjelik.sk\/index.php\/2010\/10\/13\/predsednictvo-ecav-v-mr-vyzyva-na-pomoc-pre-postihnutych-kalom\/","title":{"rendered":"Predsedn\u00edctvo ECAV v MR vyz\u00fdva na pomoc pre postihnut\u00fdch kalom"},"content":{"rendered":"<p>Predsedn&iacute;ctvo ECAV v MR &#8211; ved&uacute;ci biskup J&aacute;nos Itz&eacute;s a gen. dozorca Proehle Gergely obracaj&uacute; sa s v&yacute;zvou na vedenia cirkevn&yacute;ch zborov tejto cirkvi ,aby do konca novembra vykonali zbierky-ofery na pomoc evanjelikom v cirkevnom zbore Ajka,&nbsp; a s&iacute;ce k nemu patriace obce Kolont&aacute;r a Devecser, ktor&eacute; boli postihnut&eacute; kalamitou -z&aacute;plavou \u010derven&yacute;m jedovat&yacute;m kalom. V Devecserbe \u017eije 56 evanjelikov. Z nich p&auml;\u0165 rod&iacute;n postihla trag&eacute;dia. V Kolont&aacute;re \u017eij&uacute; tri ev. rodiny, z nich jedna stratila svoj dom. Zbierky bude potom rozde\u013eova\u0165 postihnut&yacute;m miestny ev. farsk&yacute; &uacute;rad v Ajke.<\/p>\n<p>(<a href=\"http:\/\/www.evangelikus.hu\">www.evangelikus.hu<\/a>)<\/p>\n","protected":false},"excerpt":{"rendered":"<p>Predsedn&iacute;ctvo ECAV v MR &#8211; ved&uacute;ci biskup J&aacute;nos Itz&eacute;s a gen. dozorca Proehle Gergely obracaj&uacute; sa s v&yacute;zvou na vedenia cirkevn&yacute;ch zborov tejto cirkvi ,aby do konca novembra vykonali zbierky-ofery na pomoc evanjelikom v cirkevnom zbore Ajka,&nbsp; a s&iacute;ce k nemu patriace obce Kolont&aacute;r a Devecser, ktor&eacute; boli postihnut&eacute; kalamitou -z&aacute;plavou \u010derven&yacute;m jedovat&yacute;m kalom. V &#8230; <a title=\"Predsedn\u00edctvo ECAV v MR vyz\u00fdva na pomoc pre postihnut\u00fdch kalom\" class=\"read-more\" href=\"https:\/\/www.e-anjelik.sk\/index.php\/2010\/10\/13\/predsednictvo-ecav-v-mr-vyzyva-na-pomoc-pre-postihnutych-kalom\/\" aria-label=\"Pre\u010d\u00edtajte si viac o Predsedn\u00edctvo ECAV v MR vyz\u00fdva na pomoc pre postihnut\u00fdch kalom\">\u010c\u00edta\u0165 viac<\/a><\/p>\n","protected":false},"author":22,"featured_media":0,"comment_status":"open","ping_status":"open","sticky":false,"template":"","format":"standard","meta":{"footnotes":""},"categories":[9,10],"tags":[],"class_list":["post-3079","post","type-post","status-publish","format-standard","hentry","category-europa","category-zo-sveta"],"_links":{"self":[{"href":"https:\/\/www.e-anjelik.sk\/index.php\/wp-json\/wp\/v2\/posts\/3079","targetHints":{"allow":["GET"]}}],"collection":[{"href":"https:\/\/www.e-anjelik.sk\/index.php\/wp-json\/wp\/v2\/posts"}],"about":[{"href":"https:\/\/www.e-anjelik.sk\/index.php\/wp-json\/wp\/v2\/types\/post"}],"author":[{"embeddable":true,"href":"https:\/\/www.e-anjelik.sk\/index.php\/wp-json\/wp\/v2\/users\/22"}],"replies":[{"embeddable":true,"href":"https:\/\/www.e-anjelik.sk\/index.php\/wp-json\/wp\/v2\/comments?post=3079"}],"version-history":[{"count":0,"href":"https:\/\/www.e-anjelik.sk\/index.php\/wp-json\/wp\/v2\/posts\/3079\/revisions"}],"wp:attachment":[{"href":"https:\/\/www.e-anjelik.sk\/index.php\/wp-json\/wp\/v2\/media?parent=3079"}],"wp:term":[{"taxonomy":"category","embeddable":true,"href":"https:\/\/www.e-anjelik.sk\/index.php\/wp-json\/wp\/v2\/categories?post=3079"},{"taxonomy":"post_tag","embeddable":true,"href":"https:\/\/www.e-anjelik.sk\/index.php\/wp-json\/wp\/v2\/tags?post=3079"}],"curies":[{"name":"wp","href":"https:\/\/api.w.org\/{rel}","templated":true}]}}