{"id":30797,"date":"2016-11-02T22:20:07","date_gmt":"2016-11-02T20:20:07","guid":{"rendered":"http:\/\/www.evanjelik.sk\/?p=30797"},"modified":"2019-02-22T16:01:14","modified_gmt":"2019-02-22T15:01:14","slug":"tu-stojim-inak-nemozem","status":"publish","type":"post","link":"https:\/\/www.e-anjelik.sk\/index.php\/2016\/11\/02\/tu-stojim-inak-nemozem\/","title":{"rendered":"Tu stoj\u00edm, inak nem\u00f4\u017eem!"},"content":{"rendered":"<p>V&nbsp;m\u00e1lo osvetlenej miestnosti sedel kr\u00e1\u013e a \u0161iesti mu\u017ei, s ktor\u00fdmi pri\u0161lo aj mnoho \u010fal\u0161\u00edch \u0161\u00e9fov, mana\u017e\u00e9rov, obchodn\u00edkov, vysok\u00e1 spolo\u010dnos\u0165, jednoducho \u2013 \u201esmot\u00e1nka\u201c. Ak by ste tam boli, po\u010duli by ste nerv\u00f3zne \u0161epkaj\u00facich mu\u017eov, ktor\u00ed si bo\u010dn\u00fdmi poh\u013eadmi premeriavaj\u00fa t\u00fdch v&nbsp;druhej skupinke.<\/p>\n<p>Jeden z nich sa ozval: \u201ePo\u010d\u00favaj Martin, nedostato\u010dne si rozl\u00ed\u0161il svoje knihy, tie prv\u00e9 boli zl\u00e9 a tie druh\u00e9 s\u00fa e\u0161te hor\u0161ie. Martin, ako si len m\u00f4\u017ee\u0161 nam\u00fd\u0161\u013ea\u0165, \u017ee ty jedin\u00fd ch\u00e1pe\u0161 zmysel P\u00edsma? P\u00fdtam sa \u0165a \u2013 a odpovedz \u00faprimne, bez vyt\u00e1\u010dok \u2013 zrieka\u0161 sa, \u010di nezrieka\u0161 svojich kn\u00edh a bludov, ktor\u00e9 obsahuj\u00fa?\u201c<\/p>\n<p>Martin odpovedal: \u201eKe\u010f\u017ee si va\u0161e veli\u010denstvo a va\u0161e milosti \u017eelaj\u00fa jednoduch\u00fa odpove\u010f, odpoviem bez okolkov. Pokia\u013e ma nepresved\u010d\u00ed P\u00edsmo alebo jasn\u00e9 rozumn\u00e9 d\u00f4vody, potom slov\u00e1 Biblie, ktor\u00e9 som teraz citoval, s\u00fa mocnej\u0161ie ako ja! Neuzn\u00e1vam autoritu p\u00e1pe\u017eov ani koncilov, lebo si \u010dasto protire\u010dili. Moje svedomie je prip\u00fatan\u00e9 k Bo\u017eiemu slovu. Nem\u00f4\u017eem ni\u010d odvola\u0165 a ani neodvol\u00e1m, lebo \u00eds\u0165 proti svedomiu nie je spr\u00e1vne a ohrozuje sp\u00e1su! Tu stoj\u00edm, inak nem\u00f4\u017eem! Boh mi pom\u00e1haj!\u201c<\/p>\n<p>A nakoniec vzt\u00fd\u010dil ruku v geste rytiera, ktor\u00fd zv\u00ed\u0165azil&#8230; Prich\u00e1dzali \u00fadery, ve\u013ea sa toho na neho za posledn\u00e9 roky zosypalo, ale nedok\u00e1zalo ho ni\u010d podlomi\u0165!<\/p>\n<p>Tak ako Pavla, ktor\u00fd st\u00e1l tie\u017e pevne na noh\u00e1ch, ke\u010f aj s\u00e1m vyzn\u00e1va: \u201e&#8230;a\u017e do dne\u0161n\u00e9ho d\u0148a stoj\u00edm&#8230;\u201c\/Sk 26:22\/.<\/p>\n<p>Postavil sa vtedy, ke\u010f mu to Je\u017ei\u0161 rozk\u00e1zal, ale e\u0161te predt\u00fdm bol v Damasku zrazen\u00fd na kolen\u00e1. Na kolen\u00e1ch k\u013ea\u010dal ako samospravodliv\u00fd Saul, ktor\u00fd si len myslel, \u017ee pevne stoj\u00ed. A postavil sa ako Pavol. Nest\u00e1l u\u017e vo svojej vlastnej spravodlivosti a vlastn\u00fdch rozhodnutiach zni\u010di\u0165 kres\u0165anov, ale st\u00e1l pevne v Bo\u017eej moci. Boh ho premohol a on vyzn\u00e1va, \u017ee stoj\u00ed na milosti \/R 5:2\/, \u017ee stoj\u00ed vo viere \/1K 16:13\/, \u017ee stoj\u00ed v P\u00e1novi \/Ef 6:10\/.<\/p>\n<p>Aj Martina Luthera Boh zrazil na kolen\u00e1, ke\u010f ho zastihla hrozn\u00e1 b\u00farka, v ktorej sa rozhodol da\u0165 do slu\u017eby Bohu a na nohy ho postavila a\u017e Bo\u017eia milos\u0165, ktor\u00fa na\u0161iel v Biblii, pr\u00e1ve v listoch apo\u0161tola Pavla. Obidvaja st\u00e1li na z\u00e1klade, ktor\u00fdm sa pre nich stal P\u00e1n Je\u017ei\u0161 a Jeho slovo, nie na svojej sile, ani na veciach tohto sveta, lebo tie sa \u010dasom pomin\u00fa.<\/p>\n<p>To je v\u00fdzva minulosti pre na\u0161u s\u00fa\u010dasnos\u0165. Nezabudnime, \u017ee vsta\u0165 m\u00f4\u017eeme len z kolien. To je dobr\u00e1 cesta, aby sme raz mohli poveda\u0165 s Pavlom: \u201e&#8230;stoj\u00edm a\u017e do dne\u0161n\u00e9ho d\u0148a\u201c a vyzna\u0165 spolo\u010dne s Martinom: \u201eTu stoj\u00edm a inak nem\u00f4\u017eem! Tak mi Boh pom\u00e1haj!&#8220;<\/p>\n<p>Zdroj: internet<\/p>\n<p>Pokoj V\u00e1m!!<\/p>\n","protected":false},"excerpt":{"rendered":"<p>V&nbsp;m\u00e1lo osvetlenej miestnosti sedel kr\u00e1\u013e a \u0161iesti mu\u017ei, s ktor\u00fdmi pri\u0161lo aj mnoho \u010fal\u0161\u00edch \u0161\u00e9fov, mana\u017e\u00e9rov, obchodn\u00edkov, vysok\u00e1 spolo\u010dnos\u0165, jednoducho \u2013 \u201esmot\u00e1nka\u201c. Ak by ste tam boli, po\u010duli by ste nerv\u00f3zne \u0161epkaj\u00facich mu\u017eov, ktor\u00ed si bo\u010dn\u00fdmi poh\u013eadmi premeriavaj\u00fa t\u00fdch v&nbsp;druhej skupinke. Jeden z nich sa ozval: \u201ePo\u010d\u00favaj Martin, nedostato\u010dne si rozl\u00ed\u0161il svoje knihy, tie prv\u00e9 &#8230; <a title=\"Tu stoj\u00edm, inak nem\u00f4\u017eem!\" class=\"read-more\" href=\"https:\/\/www.e-anjelik.sk\/index.php\/2016\/11\/02\/tu-stojim-inak-nemozem\/\" aria-label=\"Pre\u010d\u00edtajte si viac o Tu stoj\u00edm, inak nem\u00f4\u017eem!\">\u010c\u00edta\u0165 viac<\/a><\/p>\n","protected":false},"author":3,"featured_media":0,"comment_status":"open","ping_status":"closed","sticky":false,"template":"","format":"standard","meta":{"footnotes":""},"categories":[1],"tags":[523,522],"class_list":["post-30797","post","type-post","status-publish","format-standard","hentry","category-adventna-modlitba","tag-martin-luther","tag-reformacia"],"_links":{"self":[{"href":"https:\/\/www.e-anjelik.sk\/index.php\/wp-json\/wp\/v2\/posts\/30797","targetHints":{"allow":["GET"]}}],"collection":[{"href":"https:\/\/www.e-anjelik.sk\/index.php\/wp-json\/wp\/v2\/posts"}],"about":[{"href":"https:\/\/www.e-anjelik.sk\/index.php\/wp-json\/wp\/v2\/types\/post"}],"author":[{"embeddable":true,"href":"https:\/\/www.e-anjelik.sk\/index.php\/wp-json\/wp\/v2\/users\/3"}],"replies":[{"embeddable":true,"href":"https:\/\/www.e-anjelik.sk\/index.php\/wp-json\/wp\/v2\/comments?post=30797"}],"version-history":[{"count":1,"href":"https:\/\/www.e-anjelik.sk\/index.php\/wp-json\/wp\/v2\/posts\/30797\/revisions"}],"predecessor-version":[{"id":32375,"href":"https:\/\/www.e-anjelik.sk\/index.php\/wp-json\/wp\/v2\/posts\/30797\/revisions\/32375"}],"wp:attachment":[{"href":"https:\/\/www.e-anjelik.sk\/index.php\/wp-json\/wp\/v2\/media?parent=30797"}],"wp:term":[{"taxonomy":"category","embeddable":true,"href":"https:\/\/www.e-anjelik.sk\/index.php\/wp-json\/wp\/v2\/categories?post=30797"},{"taxonomy":"post_tag","embeddable":true,"href":"https:\/\/www.e-anjelik.sk\/index.php\/wp-json\/wp\/v2\/tags?post=30797"}],"curies":[{"name":"wp","href":"https:\/\/api.w.org\/{rel}","templated":true}]}}