{"id":3080,"date":"2010-10-13T08:15:10","date_gmt":"2010-10-13T08:15:10","guid":{"rendered":"http:\/\/e-anjelik.sk\/?p=3080"},"modified":"2010-10-13T08:15:10","modified_gmt":"2010-10-13T08:15:10","slug":"bavorski-evanjelici-na-navsteve-v-mr","status":"publish","type":"post","link":"https:\/\/www.e-anjelik.sk\/index.php\/2010\/10\/13\/bavorski-evanjelici-na-navsteve-v-mr\/","title":{"rendered":"Bavorsk\u00ed evanjelici na n\u00e1v\u0161teve v MR"},"content":{"rendered":"<p>11. okt&oacute;bra t.r. pricestovala do MR deleg&aacute;cia biskupov , ved&uacute;cich synody a z&aacute;stupcov niektor&yacute;ch partnersk&yacute;ch zborov z Evanjelickej krajinskej cirkvi v Bavorsku. Cie\u013eom je podp&iacute;sanie pred\u013a\u017eenej partnerskej dohody medzi oboma cirkvami. Bavorsk&aacute; deleg&aacute;cia nav&scaron;t&iacute;vila &uacute;stredie cirkvi, kde sa obozn&aacute;mila so &scaron;trukt&uacute;rou pracoviska a jej pracovn&iacute;kmi. Dostali inform&aacute;ciu o pr&aacute;ci cirkvi, v&yacute;zvach a probl&eacute;moch,ktor&eacute; v s&uacute;\u010dasnosti cirkev rie&scaron;i. V arch&iacute;ve cirkvi im uk&aacute;zali origin&aacute;l testamentu M. Luthera, ktor&yacute; ma\u010farsk&aacute; cirkev vlastn&iacute;. Druh&aacute; \u010das\u0165 zo synody bola na n&aacute;v&scaron;teve Bud&iacute;na, kde si pozrela pam&auml;tihodnosti a miestny cirkevn&yacute; zbor, kde sa nach&aacute;dza aj zbor nemeck&eacute;ho jazyka v Bud&iacute;ne.12. okt. jedna \u010das\u0165 deleg&aacute;cie nav&scaron;t&iacute;vila Vysok&uacute; &scaron;kolu ev. teol&oacute;gie v Budape&scaron;ti, kde sa hostia zauj&iacute;mali o pr&aacute;cu fakulty. Rektor &scaron;koly o.i. povedal, \u017ee dnes u\u017e neprich&aacute;dzaj&uacute; na&nbsp;&scaron;t&uacute;dium iba deti duchovn&yacute;ch, ale s&uacute; to \u010dastokr&aacute;t deti rodi\u010dov bez pr&aacute;ce a&nbsp;z mnohodetn&yacute;ch rod&iacute;n, \u010dasto&nbsp;aj vo vy&scaron;&scaron;om veku a po z&iacute;skan&iacute; u\u017e in&eacute;ho diplomu.&nbsp;Druh&aacute; \u010das\u0165 deleg&aacute;cie&nbsp;nav&scaron;t&iacute;vila diakonick&eacute; centrum Sarepta, kde im riadite\u013e diakonie predstavil pr&aacute;cu a aj jej zariadenia .&nbsp;Potom nav&scaron;t&iacute;vili parlament, kde ich prijali vysok&iacute; politick&iacute; \u010dinitelia.&nbsp;Popoludn&iacute; boli&nbsp;v kostole na ulici Fasor&nbsp; spolo\u010dn&eacute; sl&aacute;vnostn&eacute; slu\u017eby Bo\u017eie s Ve\u010derou P&aacute;novou. Liturgovali biskupi ma\u010f .diec&eacute;z. K&aacute;zal predsedaj&uacute;ci biskup Itz&eacute;s. Ve\u010deru P&aacute;novu prisluhovali spolu s nemeck&yacute;m biskupom a dvoma&nbsp;biskupkami. Po bohoslu\u017ebe sa konal v aule ev. gymn&aacute;zia na ulici Fasor sl&aacute;vnostn&yacute; akt podpisu pred\u013a\u017eenej partnerskej dohody. Listinu podp&iacute;sali obaja ved&uacute;ci biskupi: Johannes Friedrich a J&aacute;nos Itz&eacute;s. Na z&aacute;ver si vymenili dar\u010deky: nemeck&iacute; hostia darovali kalich a pat&eacute;nu k V.P. a dom&aacute;ci&nbsp; druhopis testamentu M.Luthera.<\/p>\n<p>&nbsp;<\/p>\n<p>(<a href=\"http:\/\/www.evangelikus.hu\">www.evangelikus.hu<\/a>)<\/p>\n<p>&nbsp;<\/p>\n","protected":false},"excerpt":{"rendered":"<p>11. okt&oacute;bra t.r. pricestovala do MR deleg&aacute;cia biskupov , ved&uacute;cich synody a z&aacute;stupcov niektor&yacute;ch partnersk&yacute;ch zborov z Evanjelickej krajinskej cirkvi v Bavorsku. Cie\u013eom je podp&iacute;sanie pred\u013a\u017eenej partnerskej dohody medzi oboma cirkvami. Bavorsk&aacute; deleg&aacute;cia nav&scaron;t&iacute;vila &uacute;stredie cirkvi, kde sa obozn&aacute;mila so &scaron;trukt&uacute;rou pracoviska a jej pracovn&iacute;kmi. Dostali inform&aacute;ciu o pr&aacute;ci cirkvi, v&yacute;zvach a probl&eacute;moch,ktor&eacute; v s&uacute;\u010dasnosti &#8230; <a title=\"Bavorsk\u00ed evanjelici na n\u00e1v\u0161teve v MR\" class=\"read-more\" href=\"https:\/\/www.e-anjelik.sk\/index.php\/2010\/10\/13\/bavorski-evanjelici-na-navsteve-v-mr\/\" aria-label=\"Pre\u010d\u00edtajte si viac o Bavorsk\u00ed evanjelici na n\u00e1v\u0161teve v MR\">\u010c\u00edta\u0165 viac<\/a><\/p>\n","protected":false},"author":22,"featured_media":0,"comment_status":"open","ping_status":"open","sticky":false,"template":"","format":"standard","meta":{"footnotes":""},"categories":[9,10],"tags":[],"class_list":["post-3080","post","type-post","status-publish","format-standard","hentry","category-europa","category-zo-sveta"],"_links":{"self":[{"href":"https:\/\/www.e-anjelik.sk\/index.php\/wp-json\/wp\/v2\/posts\/3080","targetHints":{"allow":["GET"]}}],"collection":[{"href":"https:\/\/www.e-anjelik.sk\/index.php\/wp-json\/wp\/v2\/posts"}],"about":[{"href":"https:\/\/www.e-anjelik.sk\/index.php\/wp-json\/wp\/v2\/types\/post"}],"author":[{"embeddable":true,"href":"https:\/\/www.e-anjelik.sk\/index.php\/wp-json\/wp\/v2\/users\/22"}],"replies":[{"embeddable":true,"href":"https:\/\/www.e-anjelik.sk\/index.php\/wp-json\/wp\/v2\/comments?post=3080"}],"version-history":[{"count":0,"href":"https:\/\/www.e-anjelik.sk\/index.php\/wp-json\/wp\/v2\/posts\/3080\/revisions"}],"wp:attachment":[{"href":"https:\/\/www.e-anjelik.sk\/index.php\/wp-json\/wp\/v2\/media?parent=3080"}],"wp:term":[{"taxonomy":"category","embeddable":true,"href":"https:\/\/www.e-anjelik.sk\/index.php\/wp-json\/wp\/v2\/categories?post=3080"},{"taxonomy":"post_tag","embeddable":true,"href":"https:\/\/www.e-anjelik.sk\/index.php\/wp-json\/wp\/v2\/tags?post=3080"}],"curies":[{"name":"wp","href":"https:\/\/api.w.org\/{rel}","templated":true}]}}