{"id":30817,"date":"2016-11-03T07:30:44","date_gmt":"2016-11-03T05:30:44","guid":{"rendered":"http:\/\/www.evanjelik.sk\/?p=30817"},"modified":"2016-11-03T07:30:44","modified_gmt":"2016-11-03T05:30:44","slug":"pastiersky-list-zboru-biskupov-ecav-na-slovensku-pamiatka-reformacie-2016","status":"publish","type":"post","link":"https:\/\/www.e-anjelik.sk\/index.php\/2016\/11\/03\/pastiersky-list-zboru-biskupov-ecav-na-slovensku-pamiatka-reformacie-2016\/","title":{"rendered":"Pastiersky list Zboru biskupov ECAV na Slovensku &#8211; Pamiatka reform\u00e1cie 2016"},"content":{"rendered":"<p>Mil\u00ed bratia a mil\u00e9 sestry!Tohtoro\u010dn\u00fd sviatok Pamiatky reform\u00e1cie sl\u00e1vime rok pred 500. v\u00fdro\u010d\u00edm jej za\u010diatku. Upriamujeme svoju pozornos\u0165 k tomuto jubileu, aby sme si nanovo uvedomili, \u010do n\u00e1m reform\u00e1cia priniesla a k \u010domu n\u00e1s poz\u00fdva.&nbsp;<\/p>\n<p>Reform\u00e1ciu podnietila t\u00fa\u017eba po sp\u00e1se augustini\u00e1nskeho mn\u00edcha Dr. Martina Luthera. On si kl\u00e1dol ot\u00e1zku: Ako n\u00e1jdem milostiv\u00e9ho Boha? Uvedomoval si, \u017ee je hrie\u0161ny, a nebolo mu to \u013eahostajn\u00e9. Svetlo evanjelia o spasen\u00ed z Bo\u017eej milosti, ktor\u00e9 ho hlboko zasiahlo, zmenilo jeho \u017eivot. Spasenie u\u017e pre neho nebolo v\u00fdsledkom cesty vydl\u00e1\u017edenej dobr\u00fdmi skutkami, ale Bo\u017eou ponukou milosti a l\u00e1sky, ktor\u00e1 \u010dloveka pohne k \u00faprimnej d\u00f4vere v Neho a k Jeho nasledovaniu. Kres\u0165ansk\u00e1 viera nie je iba cestou bezduch\u00fdch povinnost\u00ed, ale cestou radosti, ktor\u00e1 pramen\u00ed z Boha. Z toho prame\u0148a Bo\u017eej milosti v dobe reform\u00e1cie zat\u00fa\u017eili pi\u0165 mnoh\u00ed.&nbsp;<\/p>\n<p>Sl\u00e1vi\u0165 sviatok reform\u00e1cie znamen\u00e1 pre n\u00e1s dnes polo\u017ei\u0165 si ot\u00e1zky: Po \u010dom t\u00fa\u017eim? \u010co je zmyslom m\u00f4jho \u017eivota? \u010co pr\u00edde po smrti? Hoci dne\u0161n\u00fd postmodern\u00fd, v\u0161etko relativizuj\u00faci \u010dlovek potl\u00e1\u010da v sebe duchovn\u00e9 existen\u010dn\u00e9 ot\u00e1zky, predsa sa v \u0148om nanovo vyn\u00e1raj\u00fa a n\u00fatia ho ove\u013ea intenz\u00edvnej\u0161ie h\u013eada\u0165 na ne odpovede. Iba \u010dlovek hlboko t\u00fa\u017eiaci po Bohu m\u00f4\u017ee uk\u00e1za\u0165 h\u013eadaj\u00facemu cestu k prame\u0148u (\u017d 36, 10; J 4,14 \u2212 15), ktor\u00fd uhas\u00ed duchovn\u00fd sm\u00e4d h\u013eadaj\u00facej du\u0161e.&nbsp;<\/p>\n<p>Ako dedi\u010dia reform\u00e1cie potrebujeme pod\u013ea vzoru Dr. Martina Luthera uk\u00e1za\u0165 okoliu t\u00fato \u00faprimn\u00fa t\u00fa\u017ebu po Bohu. Iba ak uk\u00e1\u017eeme, \u017ee je to pre n\u00e1s \u017eivotne d\u00f4le\u017eit\u00e9, presved\u010d\u00edme \u013eud\u00ed, \u017ee sa ich to tie\u017e t\u00fdka. Nepotrebujeme lan\u00e1ri\u0165 \u013eud\u00ed do cirkvi. Oni pr\u00eddu, ak v nej uvidia cestu k Tomu, kto m\u00e1 moc zachr\u00e1ni\u0165 ich pre \u010dasnos\u0165 i ve\u010dnos\u0165. Franc\u00fazsky spisovate\u013e Saint-Exup\u00e9ry povedal, \u017ee ak chceme, aby \u013eudia stavali lo\u010f, mus\u00edme ich nau\u010di\u0165 t\u00fa\u017ebe po mori. Ako zat\u00fa\u017eia \u013eudia po Bohu, po spiritualite? Ako sprostredkujeme \u010dloveku t\u00fa\u017ebu by\u0165 viac ako len konzumn\u00e1 bytos\u0165?&nbsp;<\/p>\n<p>Gr\u00f3f Zinzendorf n\u00e1m ukazuje rie\u0161enie slovami: \u201eMiluj tak, aby sa \u0165a druh\u00ed sp\u00fdtali, pre\u010do tak \u017eije\u0161.\u201c Iba ak dok\u00e1\u017eeme \u017ei\u0165 proti pr\u00fadu konzumnej, m\u00e9diami ovplyvnenej spolo\u010dnosti a s odvahou prezentova\u0165 svoj kres\u0165ansk\u00fd n\u00e1zor, dok\u00e1\u017eeme oslovi\u0165 in\u00fdch. U\u010dme sa od Luthera d\u00f4le\u017eitosti jasn\u00e9ho kres\u0165ansk\u00e9ho postoja. Jeho slov\u00e1 \u201eTu stoj\u00edm, in\u00e1\u010d nem\u00f4\u017eem, tak mi P\u00e1n Boh pom\u00e1haj\u201c nech n\u00e1s povzbudia v \u0165a\u017ekostiach zachova\u0165 si svoju tv\u00e1r. Nebojme sa, \u017ee ni\u010d nezm\u00f4\u017eeme. Luther je n\u00e1m pr\u00edkladom, \u017ee aj nepatrn\u00ed \u013eudia presved\u010div\u00fdmi krokmi m\u00f4\u017eu zmeni\u0165 svet. Na\u0161a \u00faprimn\u00e1 t\u00fa\u017eba po Bohu dok\u00e1\u017ee meni\u0165 na\u0161e rodiny, cirkev i spolo\u010dnos\u0165. T\u00fa\u017eime po zmene? Uk\u00e1\u017eme okoliu, \u017ee sa nehanb\u00edme by\u0165 kres\u0165anmi a \u017ee na\u0161e srdce na\u0161lo v Bohu svoju rados\u0165.&nbsp;<\/p>\n<p>Odvahu k tak\u00e9mu svedectvu a postoju viery V\u00e1m od P\u00e1na Boha vyprosuj\u00fa<\/p>\n<p>Milo\u0161 Kl\u00e1tik, gener\u00e1lny biskup<\/p>\n<p>Milan Krivda, biskup ZD<\/p>\n<p>Slavom\u00edr Sabol, biskup VD<\/p>\n","protected":false},"excerpt":{"rendered":"<p>Mil\u00ed bratia a mil\u00e9 sestry!Tohtoro\u010dn\u00fd sviatok Pamiatky reform\u00e1cie sl\u00e1vime rok pred 500. v\u00fdro\u010d\u00edm jej za\u010diatku. Upriamujeme svoju pozornos\u0165 k tomuto jubileu, aby sme si nanovo uvedomili, \u010do n\u00e1m reform\u00e1cia priniesla a k \u010domu n\u00e1s poz\u00fdva.&nbsp; Reform\u00e1ciu podnietila t\u00fa\u017eba po sp\u00e1se augustini\u00e1nskeho mn\u00edcha Dr. Martina Luthera. On si kl\u00e1dol ot\u00e1zku: Ako n\u00e1jdem milostiv\u00e9ho Boha? Uvedomoval si, &#8230; <a title=\"Pastiersky list Zboru biskupov ECAV na Slovensku &#8211; Pamiatka reform\u00e1cie 2016\" class=\"read-more\" href=\"https:\/\/www.e-anjelik.sk\/index.php\/2016\/11\/03\/pastiersky-list-zboru-biskupov-ecav-na-slovensku-pamiatka-reformacie-2016\/\" aria-label=\"Pre\u010d\u00edtajte si viac o Pastiersky list Zboru biskupov ECAV na Slovensku &#8211; Pamiatka reform\u00e1cie 2016\">\u010c\u00edta\u0165 viac<\/a><\/p>\n","protected":false},"author":5,"featured_media":0,"comment_status":"open","ping_status":"closed","sticky":false,"template":"","format":"standard","meta":{"footnotes":""},"categories":[95],"tags":[],"class_list":["post-30817","post","type-post","status-publish","format-standard","hentry","category-sobotiste"],"_links":{"self":[{"href":"https:\/\/www.e-anjelik.sk\/index.php\/wp-json\/wp\/v2\/posts\/30817","targetHints":{"allow":["GET"]}}],"collection":[{"href":"https:\/\/www.e-anjelik.sk\/index.php\/wp-json\/wp\/v2\/posts"}],"about":[{"href":"https:\/\/www.e-anjelik.sk\/index.php\/wp-json\/wp\/v2\/types\/post"}],"author":[{"embeddable":true,"href":"https:\/\/www.e-anjelik.sk\/index.php\/wp-json\/wp\/v2\/users\/5"}],"replies":[{"embeddable":true,"href":"https:\/\/www.e-anjelik.sk\/index.php\/wp-json\/wp\/v2\/comments?post=30817"}],"version-history":[{"count":0,"href":"https:\/\/www.e-anjelik.sk\/index.php\/wp-json\/wp\/v2\/posts\/30817\/revisions"}],"wp:attachment":[{"href":"https:\/\/www.e-anjelik.sk\/index.php\/wp-json\/wp\/v2\/media?parent=30817"}],"wp:term":[{"taxonomy":"category","embeddable":true,"href":"https:\/\/www.e-anjelik.sk\/index.php\/wp-json\/wp\/v2\/categories?post=30817"},{"taxonomy":"post_tag","embeddable":true,"href":"https:\/\/www.e-anjelik.sk\/index.php\/wp-json\/wp\/v2\/tags?post=30817"}],"curies":[{"name":"wp","href":"https:\/\/api.w.org\/{rel}","templated":true}]}}