{"id":30826,"date":"2016-11-05T21:14:00","date_gmt":"2016-11-05T19:14:00","guid":{"rendered":"http:\/\/www.evanjelik.sk\/?p=30826"},"modified":"2016-11-05T21:14:00","modified_gmt":"2016-11-05T19:14:00","slug":"jakobei-pavel","status":"publish","type":"post","link":"https:\/\/www.e-anjelik.sk\/index.php\/2016\/11\/05\/jakobei-pavel\/","title":{"rendered":"JAKOBEI, PAVEL"},"content":{"rendered":"<p><b>Pavel Jakobei (*1695) sa narodil v Prietr\u017ei. <\/b>\u0160tudoval v \u017ditave a vo Wittenbergu. Za\u010d\u00ednal ako rektor (u\u010dite\u013e na cirkevnej \u0161kole) na Brezovej pod Bradlom. Nesk\u00f4r sa stal far\u00e1rom v Modre, kde p\u00f4sobil cel\u00fd \u017eivot. V Modre je aj pochovan\u00fd, ale miesto jeho posledn\u00e9ho odpo\u010dinku nie je zn\u00e1me. Zomrel v roku 1752.<\/p>\n<p>Z jeho tla\u010dou vydan\u00fdch diel s\u00fa zn\u00e1me:<\/p>\n<ol>\n<li><i>Znamenit\u00e9 \u0159e\u010di P\u00edsma svat\u00e9ho k vysv\u011btlen\u00ed Katechizmu Dr. M. Luthera, <\/i>Bratislava 1723.<\/li>\n<li><i>Velmi d\u00fale\u017eit\u00e9 p\u0159\u00ed\u010diny \u010dtyr nejhlavnej\u0161\u00edch, a to v t\u00fdto posledn\u00ed \u010dasy nejoby\u010dajnej\u0161\u00edch h\u0159\u00edch\u00fa hodov\u00e1ni a opilstv\u00ed, smilstv\u00ed a nestydatosti, sv\u00e1r\u00fa, z\u00e1visti a lakomstv\u00ed pro kter\u00e9 varovati se m\u00e1me, <\/i>P\u00fachov 1724.<\/li>\n<li><i>Duchovn\u00ed dom\u00e1c\u00ed hodiny, <\/i>P\u00fachov 1727 (prelo\u017eil z nem\u010diny)<\/li>\n<li>Duchovn\u00fd poklad modliteb k\u0159estansk\u00fdch, \u017ditava 1732, Bratislava 1780, 1663, 1870, 1891 v Turnove.\u00a0 T\u00e1to objemn\u00e1 kniha m\u00e1 vy\u0161e 111 str\u00e1n a vy\u0161e 2000 modlitieb na v\u0161etky dni sviato\u010dn\u00e9, nede\u013en\u00e9, ale aj v\u0161edn\u00e9 a na v\u0161etky \u017eivotn\u00e9 pr\u00edle\u017eitosti a udalosti. Modlitby bu\u010f prevzal od in\u00fdch autorov, alebo s\u00e1m nap\u00edsal. S\u00fa naplnen\u00e9 n\u00e1bo\u017eenskou vr\u00facnos\u0165ou a kres\u0165anskou vierou a n\u00e1dejou.<\/li>\n<li>Zahradka du\u0161\u00ed nemocn\u00fdch, P\u00fachov 1733<\/li>\n<li>K najzn\u00e1mej\u0161\u00edm dielam patr\u00ed jeho <b>Evanjelick\u00fd funebr\u00e1l, Wroclaw 1740,<\/b> ktor\u00fd dosiahol 20 vydan\u00ed a bol ve\u013emi dlho pou\u017e\u00edvan\u00fdm a ob\u013e\u00faben\u00fdm spevn\u00edkom pohrebn\u00fdch piesn\u00ed.<\/li>\n<\/ol>\n<p><i>V nede\u013eu 30. okt\u00f3bra t. r. odhalil O\u00da Prietr\u017e a CZ ECAV v Prietr\u017ei pam\u00e4tn\u00fa tabu\u013eu prietr\u017esk\u00e9mu rod\u00e1kovi Pavlovi Jakobeimu pri evanjelickom kostole. Umiestnenie tabule iniciovala p. starostka a na jej zhotovenie prispel aj Trnavsk\u00fd samospr\u00e1vny kraj. Pri odhalen\u00ed pam\u00e4tnej tabule dve pr\u00edle\u017eitostn\u00e9 piesne zaspieval spevokol CZ zo Senice.<\/i><\/p>\n","protected":false},"excerpt":{"rendered":"<p>Pavel Jakobei (*1695) sa narodil v Prietr\u017ei. \u0160tudoval v \u017ditave a vo Wittenbergu. Za\u010d\u00ednal ako rektor (u\u010dite\u013e na cirkevnej \u0161kole) na Brezovej pod Bradlom. Nesk\u00f4r sa stal far\u00e1rom v Modre, kde p\u00f4sobil cel\u00fd \u017eivot. V Modre je aj pochovan\u00fd, ale miesto jeho posledn\u00e9ho odpo\u010dinku nie je zn\u00e1me. Zomrel v roku 1752. Z jeho tla\u010dou vydan\u00fdch &#8230; <a title=\"JAKOBEI, PAVEL\" class=\"read-more\" href=\"https:\/\/www.e-anjelik.sk\/index.php\/2016\/11\/05\/jakobei-pavel\/\" aria-label=\"Pre\u010d\u00edtajte si viac o JAKOBEI, PAVEL\">\u010c\u00edta\u0165 viac<\/a><\/p>\n","protected":false},"author":4,"featured_media":0,"comment_status":"open","ping_status":"closed","sticky":false,"template":"","format":"standard","meta":{"footnotes":""},"categories":[1,150,151,14,152],"tags":[],"class_list":["post-30826","post","type-post","status-publish","format-standard","hentry","category-adventna-modlitba","category-brezova-pod-bradlom","category-modra","category-osobnosti","category-prietrz"],"_links":{"self":[{"href":"https:\/\/www.e-anjelik.sk\/index.php\/wp-json\/wp\/v2\/posts\/30826","targetHints":{"allow":["GET"]}}],"collection":[{"href":"https:\/\/www.e-anjelik.sk\/index.php\/wp-json\/wp\/v2\/posts"}],"about":[{"href":"https:\/\/www.e-anjelik.sk\/index.php\/wp-json\/wp\/v2\/types\/post"}],"author":[{"embeddable":true,"href":"https:\/\/www.e-anjelik.sk\/index.php\/wp-json\/wp\/v2\/users\/4"}],"replies":[{"embeddable":true,"href":"https:\/\/www.e-anjelik.sk\/index.php\/wp-json\/wp\/v2\/comments?post=30826"}],"version-history":[{"count":0,"href":"https:\/\/www.e-anjelik.sk\/index.php\/wp-json\/wp\/v2\/posts\/30826\/revisions"}],"wp:attachment":[{"href":"https:\/\/www.e-anjelik.sk\/index.php\/wp-json\/wp\/v2\/media?parent=30826"}],"wp:term":[{"taxonomy":"category","embeddable":true,"href":"https:\/\/www.e-anjelik.sk\/index.php\/wp-json\/wp\/v2\/categories?post=30826"},{"taxonomy":"post_tag","embeddable":true,"href":"https:\/\/www.e-anjelik.sk\/index.php\/wp-json\/wp\/v2\/tags?post=30826"}],"curies":[{"name":"wp","href":"https:\/\/api.w.org\/{rel}","templated":true}]}}