{"id":30838,"date":"2016-11-10T13:18:39","date_gmt":"2016-11-10T12:18:39","guid":{"rendered":"http:\/\/www.evanjelik.sk\/?p=30838"},"modified":"2016-11-24T10:33:38","modified_gmt":"2016-11-24T09:33:38","slug":"koliske-olymliady-kultury-ducha","status":"publish","type":"post","link":"https:\/\/www.e-anjelik.sk\/index.php\/2016\/11\/10\/koliske-olymliady-kultury-ducha\/","title":{"rendered":"V kol\u00edske olymli\u00e1dy, kult\u00fary a ducha"},"content":{"rendered":"<p>Olymijsk\u00e9 hry v Rio de Janiero u\u017e d\u00e1vno skon\u010dili a na men\u00e1 v\u00ed\u0165azov a medajlistov sa pomaly za\u010d\u00edna zab\u00fada\u0165. Svetsk\u00e1 sl\u00e1va &#8211; po\u013en\u00e1 tr\u00e1va. V\u00fdnimku by azda mohli tvori\u0165 aspo\u0148 na\u0161i slovensk\u00ed medajlisti, ktor\u00ed bezpochyby podali na olympi\u00e1de fam\u00f3zne v\u00fdkony. Panuje v\u0161eobecn\u00e9 o\u010dak\u00e1vanie, \u017ee ich pr\u00edkladom sa bude in\u0161pirova\u0165 najm\u00e4 na\u0161a ml\u00e1de\u017e a \u010dasom vyrast\u00fa z nich nov\u00ed \u00faspe\u0161n\u00ed olympionici.<\/p>\n<p><strong>Gr\u00e9cke \u0161peciality<\/strong><\/p>\n<p>Ako je zn\u00e1me, olympijsk\u00e9 hry maj\u00fa svoj p\u00f4vod v starovekom Gr\u00e9cku, v tamoj\u0161ej Olympii. Vrcholov\u00fd \u0161portovec som nikdy nebol, ale \u0161port ma zauj\u00edmal. Preto som mal t\u00fa\u017ebu pozrie\u0165 sa do Gr\u00e9cka, ktor\u00e9 dalo svetu olympijsk\u00e9 hry. Osobitne priamo do starovekej Olympie, do kol\u00edsky dne\u0161nej novodobej \u0161portovej a spolo\u010denskej \u0161ou neb\u00fdval\u00fdch rozmerov. Sen som si splnil, ale a\u017e hodne, hodne nesk\u00f4r.<\/p>\n<p>Na \u00favod v\u0161ak uvediem p\u00e1r slov o samotnej ceste. Let bol ve\u013emi pr\u00edjemn\u00fd a zauj\u00edmav\u00fd a prebiehal v peknom po\u010das\u00ed. Len\u017ee z nejak\u00e9ho d\u00f4vodu sa stalo, \u017ee na\u0161e lietadlo muselo prist\u00e1\u0165 nie na civilnom letisku na Pelopon\u00e9ze, ale na letisku vojenskom. Tam s\u00edce v\u0161etko prebehlo r\u00fdchlo, ledva sme zaregistrovali pomerne ve\u013ek\u00fd po\u010det \u201ctrisk\u00e1\u010dov\u201d e\u0161te sovietskej v\u00fdroby. Gr\u00e9cko m\u00e1 ur\u010dite po\u010detn\u00e9 letectvo, ale \u010di je aj bojaschopn\u00fdm \u010dlenom EU, \u0165a\u017eko poveda\u0165. Udalosti, ktor\u00e9 sa svojho \u010dasu udiali na Cypre, nasved\u010duj\u00fa \u017ee asi nie.<\/p>\n<p>T\u00fdmto prist\u00e1t\u00edm sa v\u0161ak pred\u013a\u017eila na\u0161a cesta autobusom do pr\u00edslu\u0161nej destin\u00e1cie asi o dve hodiny. Niektor\u00ed reptali, ale ja som ju vyu\u017eil na pozorn\u00e9 sledovanie okolitej krajiny a be\u017en\u00e9ho pracovn\u00e9ho ruchu v meste\u010dk\u00e1ch a dedin\u00e1ch. Pelopon\u00e9z je ur\u010dite ve\u013emi zauj\u00edmav\u00fd stredomorsk\u00fd regi\u00f3n, najm\u00e4 pre \u010dloveka zo strednej Eur\u00f3py. Je pekn\u00fd, ale Slovensko je kraj\u0161ie. Okrem pr\u00edrody, skalnat\u00fdch kopcov, pol\u00ed\u010dok a olivov\u00fdch sadov sa nedalo prehliadn\u00fa\u0165 aj mno\u017estvo kaplniek a kr\u00ed\u017eov okolo ciest. Sved\u010dia o temperamente gr\u00e9ckych, najm\u00e4 mlad\u00fdch vodi\u010dov, ktor\u00ed sa r\u00fdchlou jazdou popon\u00e1h\u013eali do neba.<\/p>\n<p>Jedna vec ma v\u0161ak v Gr\u00e9cku prekvapila e\u0161te viac. Boli to gr\u00e9cke domy. Rodiny v nich b\u00fdvaj\u00fa spravidla na prvom poschod\u00ed. V pr\u00edzem\u00ed maj\u00fa bu\u010f nejak\u00fa s\u00fakromn\u00fa die\u013enu, prev\u00e1dzku, alebo obchod. Len\u017ee z rovnej strechy a z m\u00farov domov v\u0161ade tr\u010dali zhrdzaven\u00e9 roxorov\u00e9 ty\u010de a pr\u00faty. Vtedy som to v\u00f4bec nech\u00e1pal. Pre\u010do dom nedostavia? Pre\u010do takto b\u00fdvaj\u00fa?&nbsp; Z pr\u00edchodom gr\u00e9ckej kr\u00edzy som z\u00e1hade pri\u0161iel na k\u013ab. Nebolo to \u0165a\u017ek\u00e9. Zhrdzaven\u00e9 \u017eelezn\u00e9 ty\u010de v skelete stavby boli znakom toho, \u017ee stavba nie je e\u0161te hotov\u00e1, \u017ee sa na nej pracuje a bude pokra\u010dova\u0165. Z\u00e1kon o dani z nehnute\u013enost\u00ed tam prip\u00fa\u0161\u0165a, \u017ee z nedostavan\u00e9ho domu sa dane \u0161t\u00e1tu neplatia. Tak\u00e9 \u013eahk\u00e9! Sta\u010d\u00ed dom ako\u017ee nedostava\u0165 a \u017eiadna da\u0148 sa plati\u0165 nemus\u00ed! Ak sa pr\u00edslu\u0161n\u00fd z\u00e1kon nezmenil, tie domy tak stoja ur\u010dite dodnes. E\u0161te \u0161\u0165astie, \u017ee v Gr\u00e9cku&nbsp; m\u00e1lo pr\u0161\u00ed. \u013dudia sa neob\u00e1vaj\u00fa, \u017ee ich vytop\u00ed.<\/p>\n<p>&nbsp;<\/p>\n<p><strong>Ako som zdolal stadion v Olympii<\/strong><\/p>\n<p>Pekn\u00e9 tepl\u00e9 more a hotel spom\u00edna\u0165 nebudem. Viac som sa te\u0161il na Olympiu a na mo\u017enos\u0165 zabehn\u00fa\u0165 si na p\u00f4vodnom a najstar\u0161om \u0161tadi\u00f3ne sveta jednu \u201cst\u00e1diu\u201d. D\u013a\u017ekov\u00e1 miera tohoto z\u00e1vodi\u0161\u0165a &#8211; jeden stadion (192 m), dala n\u00e1zov v\u0161etk\u00fdm dne\u0161n\u00fdm \u0161portov\u00fdm st\u00e1nkom, z ktor\u00fdch sa stali: \u0161tadi\u00f3ny. Na samotn\u00fd \u0161tadi\u00f3n vedie br\u00e1na borcov. K\u00fasok od nej je zn\u00e1my h\u00e1jik, kde \u201cvest\u00e1lky\u201d zapa\u013euj\u00fa aj dnes od slne\u010dn\u00fdch l\u00fa\u010dov olympijsk\u00fd ohe\u0148. Na br\u00e1nu nadv\u00e4zuj\u00fa m\u00fary, na ktor\u00fdch s\u00fa vytesan\u00e9 men\u00e1 v\u00ed\u0165azov jednotliv\u00fdch olympi\u00e1d. Bolo ve\u013ekou prest\u00ed\u017eou, ke\u010f sa niekomu podarilo zv\u00ed\u0165azi\u0165 v niektorej z vtedaj\u0161\u00edch \u00f4smych discipl\u00edn, alebo sa sta\u0165 celkov\u00fdm v\u00ed\u0165azom. E\u0161te viac ma v\u0161ak zaujal in\u00fd m\u00far, pomerne dlh\u00fd, tie\u017e pop\u00edsan\u00fd mnoh\u00fdmi menami. Bol to m\u00far hanby, na ktorom boli zve\u010dnen\u00e9 men\u00e1 t\u00fdch, ktor\u00ed sa dopustili podvodu, alebo ne\u010destnosti pri bojovom z\u00e1polen\u00ed. T\u00e1to skvel\u00e1 my\u0161lienka by iste mala svoj v\u00fdznam aj dnes. Nielen pri \u0161portov\u00fdch \u0161tadi\u00f3noch, ale aj pri parlamente a in\u00fdch st\u00e1nkoch verejnej slu\u017eby, a to nielen v Gr\u00e9cku! Len, kde by sme vzali to\u013eko mramou, aby pre v\u0161etk\u00fdch kandid\u00e1tov bolo dos\u0165 miesta?<\/p>\n<p>Na druhej strane pred \u0161tadi\u00f3nom st\u00e1l p\u00f4vodne chr\u00e1m gr\u00e9ckeho boha Dia. V \u0148om bola Diova socha od zn\u00e1meho soch\u00e1ra Feidiasa, ktor\u00e1 patrila k siedmym divom sveta. Bola vysok\u00e1 12 &#8211; 13 metrov. Socha bola nesk\u00f4r prenesen\u00e1 do At\u00e9n, kde pri po\u017eiari zhorela, preto\u017ee bola s\u00edce pokryt\u00e1 zlat\u00fdmi \u0161upinami, ale vyrezan\u00e1 bola z olivov\u00e9ho dreva. Chr\u00e1m zdobili mohutn\u00e9 d\u00f3rske st\u013apy. Zvl\u00e1\u0161tnos\u0165ou chr\u00e1mu bol plytk\u00fd baz\u00e9n z \u010dierneho mramoru, ktor\u00fd bol naplnen\u00fd olivov\u00fdm olejom, ktor\u00fd sochu jednak konzervoval a jednak p\u00f4sobil ako ve\u013ek\u00e9 zrkadlo, ktor\u00e9 odr\u00e1\u017ealo do chr\u00e1mu slne\u010dn\u00e9 svetlo, \u010do vyvol\u00e1valo jedine\u010dn\u00fd efekt. Dnes s\u00fa samozrejme z neho zachovan\u00e9 len ruiny. Av\u0161ak t\u00fdm, \u017ee v strede jednotliv\u00fdch \u010dast\u00ed mohutn\u00fdch st\u013apov boli diery naplnen\u00e9 tekut\u00fdm olovom, \u010dasti t\u00fdchto st\u013apov sa pri zemetrasen\u00ed zosunuli ako kocky domina a s\u00fa zachovan\u00e9 vo ve\u013emi dobrom stave. V\u0161etky mramorov\u00e9 \u010dasti s\u00fa v z\u00e1hrade, ktor\u00fa str\u00e1\u017ei ve\u013ea dozoruj\u00facich \u017eien, aby si turisti neodn\u00e1\u0161ali \u010dasti kame\u0148ov domov. Ke\u010f\u017ee tento zvyk m\u00e1m aj ja, trvalo mi dos\u0165 dlho ne\u017e som vystriehol pr\u00edhodn\u00fa chv\u00ed\u013eu a vzal si \u00falomok na pamiatku.<\/p>\n<p>Napokon som teda nast\u00fapil na \u0161tart na prvom olympijskom \u0161tadi\u00f3ne sveta. Nedbal som na hor\u00fa\u010davu, ani na vek, ani na kilogramy, ktor\u00e9 be\u017eca nezdobia. Bol som rozhodnut\u00fd zv\u00ed\u0165azi\u0165, pam\u00e4tliv\u00fd slov apo\u0161tola Pavla, ktor\u00fd nap\u00edsal: <i>\u201d \u010ci neviete, \u017ee t\u00ed, \u010do be\u017eia na z\u00e1vodi\u0161ti, be\u017eia s\u00edce v\u0161etci, ale iba jeden cenu dost\u00e1va? Tak be\u017ete, aby ste dosiahli!\u201d (1 K 9, 24) <\/i>M\u00f4\u017eem poveda\u0165, \u017ee v tomto behu som bol na tejto olympijskej trati prv\u00fd. Len\u017ee \u017eiaden vavr\u00ednov\u00fd veniec som nedostal. Jednoducho preto, \u017ee som tam be\u017eal s\u00e1m. Man\u017eelka mi urobila fotografick\u00fa dokument\u00e1ciu, aby som sa mohol pochv\u00e1li\u0165 vn\u00fa\u010dat\u00e1m. Tra\u0165 som zvl\u00e1dol vo vedom\u00ed slov zakladate\u013ea novodob\u00fdch olympijsk\u00fdch hier, Pierra de Coubertina:<strong> <i>\u201dNie je d\u00f4le\u017eit\u00e9 z\u00ed\u0165azi\u0165, ale z\u00fa\u010dastni\u0165 sa\u201d.<\/i><\/strong><\/p>\n<p><strong><i>&nbsp;<\/i>Za Pavlom na Akropole a Areop\u00e1gu<\/strong><\/p>\n<p>Druh\u00fd jedine\u010dn\u00fd v\u00fdlet v Gr\u00e9cku sme absolvovali v hlavnom meste At\u00e9nach. V t\u00fdch At\u00e9nach, kde sa niekedy <i>\u201crozhor\u013eoval Pavlov duch, vidiac, \u017ee mesto je oddan\u00e9 modloslu\u017ebe\u201d. ( Sk 17,16 )<\/i> Ke\u010f \u010dakal na&nbsp; spolupracovn\u00edkov S\u00edla a Timotea, ponav\u0161tevoval v\u0161etky gr\u00e9cke sv\u00e4tyne.<\/p>\n<p>Iste nav\u0161t\u00edvil aj At\u00e9nsku Akropolu a tromi hlavn\u00fdmi pohansk\u00fdmi sv\u00e4ty\u0148ami a mnoho \u010fal\u0161\u00edch. Medzi nimi na\u0161iel aj<i> \u201colt\u00e1r s n\u00e1pisom Nezn\u00e1memu Bohu\u201d ( Sk 17, 23 )<\/i>.<\/p>\n<p>Tri z nich dodnes fascinuj\u00fa turistov a robia z Akropole azda najfotografovanej\u0161ie miesto na svete. Dlhodobo sa pracuje na ich rekon\u0161truckcii. Zbytky prv\u00e9ho ve\u013ek\u00e9ho a \u00fa\u017easn\u00e9ho chr\u00e1mu patria gr\u00e9ckej bohyni At\u00e9ne. Naz\u00fdva sa Partenon. Mnoh\u00e9 zachovan\u00e9 \u010dasti a sochy z kame\u0148a a dreva mo\u017eno n\u00e1js\u0165 v Britskom m\u00fazeu, kam boli v 19. storo\u010d\u00ed odvezen\u00e9.<\/p>\n<p>Sprievodky\u0148a n\u00e1m pon\u00fakla o starej gr\u00e9ckej antickej kult\u00fare, stavite\u013estve, soch\u00e1rstve i v\u00fdzdobe chr\u00e1mov zasv\u00e4ten\u00fd v\u00fdklad. Bola to pani v strednom veku, ktor\u00e1 \u0161tudovala v Prahe a preto vedela dobre po \u010desky. Zrejme mala aj svoje sk\u00fasenosti s povrchnos\u0165ou turistov, lebo o samotnom pohanskom n\u00e1bo\u017eenstve hovorila ve\u013emi m\u00e1lo a temer ni\u010d o kres\u0165anstve. Iba zbe\u017ene sa zmienila o n\u00e1v\u0161teve apo\u0161tola Pavla v At\u00e9nach a dodala so zados\u0165u\u010dinen\u00edm: <i>\u201cAle Pavol tu nedosiahol nijak\u00fd \u00faspech a nikoho nepresved\u010dil\u201d.<\/i> Nemohol som s \u0148ou s\u00fahlasi\u0165. Vyzbrojen\u00fd textom zo Skutkov apo\u0161tolsk\u00fdch a s NZ v ruke som mierne oponoval, \u017ee to nie je celkom tak, lebo Pavel tu predsa napokon mohol pokrsti\u0165 Dion\u00fdza Areopagitu, \u017eenu menom Damaris a niektor\u00fdch \u010fal\u0161\u00edch s nimi. (Sk 17, 34)<\/p>\n<p>Tento fakt sa jej zjavne nep\u00e1\u010dil. Ke\u010f sme prech\u00e1dzali okolo Areop\u00e1gu, ledva n\u00e1s na\u0148 upozornila. Len\u017ee pr\u00e1ve t\u00fato chv\u00ed\u013eu som si nechcel necha\u0165 ujs\u0165. M\u00f4c\u0165 sa postavi\u0165 tam, kde Pavol pred najvy\u0161\u0161\u00edm s\u00fadom pohansk\u00e9ho Gr\u00e9cka sved\u010dil o vzkriesen\u00ed Je\u017ei\u0161a Krista som pova\u017eoval za ve\u013ek\u00fa chv\u00ed\u013eu a osobn\u00fa povinnos\u0165. Vybehol som po kamen\u00fdch schodoch na sl\u00e1vny Areop\u00e1g. V podstate je to oby\u010dajn\u00e1 skaln\u00e1 vyv\u00fd\u0161enina. Tam sa vyn\u00e1\u0161ali najd\u00f4le\u017eitej\u0161ie v\u00fdnosy a v\u00fdroky, ktor\u00e9 vy\u017eadovali vernos\u0165 pravde. V\u00fdh\u013ead zo skaly Areop\u00e1gu na At\u00e9ny je \u00fa\u017easn\u00fd, ale pocit st\u00e1\u0165 tam, kde apo\u0161tol hl\u00e1sal vtedy najvzdelanej\u0161iemu \u013eudu evanjelium, bol e\u0161te silnej\u0161\u00ed, ba a\u017e dojemn\u00fd. Po chv\u00edli som dobehol na\u0161u skupinu a chcel som sa podeli\u0165 so svoj\u00edm z\u00e1\u017eitkom. Ke\u010f\u017ee nikto nemal z\u00e1ujem, venovali sme sa pozn\u00e1vaniu zbytkov antick\u00fdch chr\u00e1mov. Erechtheion patril viacer\u00fdm bohom a zvl\u00e1\u0161\u0165 Poseidonovi a nech\u00fdba tu ani chr\u00e1m bohyne Nik\u00e9. At\u00e9ny patria k najv\u00e4\u010d\u0161\u00edm eur\u00f3pskym metropol\u00e1m ( 4 mil.obvate\u013eov) a Akropola je ur\u010dite p\u00f4sobiv\u00e1. Aj tu plat\u00ed: raz vidie\u0165 je lep\u0161ie ako sto kr\u00e1t po\u010du\u0165.<\/p>\n<p>Duch Sv\u00e4t\u00fd na letisku<\/p>\n<p>Cesta po zauj\u00edmav\u00fdch destin\u00e1ciach znamenala aj jednu obe\u0165. Na sv\u00e4todu\u0161n\u00fa nede\u013eu som nemal mo\u017enos\u0165 nav\u0161t\u00edvi\u0165 slu\u017eby Bo\u017eie a to mi ve\u013emi ch\u00fdbalo. O Gr\u00e9cku sa hovor\u00ed, \u017ee okolo 98 percent obyvate\u013estva sa prizn\u00e1va k pravosl\u00e1vnej, ortodoxnej cirkvi a viere. Na prv\u00fd poh\u013ead to akosi nevidno i ke\u010f je zjavn\u00e9, \u017ee vo v\u0161etk\u00fdch meste\u010dk\u00e1ch a dedin\u00e1ch je ve\u013ea kostolov a v\u0161etky p\u00f4sobia ve\u013emi \u010dist\u00fdm a \u00fatuln\u00fdm dojmom. Zauj\u00edmav\u00e9 je, \u017ee ich kostoly v\u00e4\u010d\u0161inou maj\u00fa na kopuliach jednoduch\u00e9 kr\u00ed\u017ee. \u010cakali by sme sk\u00f4r dvojkr\u00ed\u017e, alebo kr\u00ed\u017e apo\u0161tola Ondreja, na ktorom je spodn\u00e9 ranemo postaven\u00e9 \u0161ikmo.<\/p>\n<p>M\u00f4j nasleduj\u00faci z\u00e1\u017eitok sa odohral pri n\u00e1vrate z Gr\u00e9cka. Bolo to na letisku a bol sv\u00e4todu\u0161n\u00fd pondelok. V leti\u0161tnej hale som trpezlivo \u010dakal na skupinku, ktor\u00e1 robila posledn\u00e9 n\u00e1kupy. Odprev\u00e1dzalo n\u00e1s nieko\u013eko \u013eud\u00ed z tamoj\u0161ej cestovnej agent\u00fary. Vtedy prist\u00fapil ku mne asi 50 ro\u010dn\u00fd mu\u017e v tmavom obleku. Dali sme sa do re\u010di a v rozhovore sa sp\u00fdtal aj na moje povolanie. Povedal som mu, \u017ee som evanjelick\u00fd far\u00e1r. Neveriacky si ma obzeral, lebo m\u00f4j turistick\u00fd odev mu akosi neladil s moj\u00edm povolan\u00edm. Darmo, \u0161aty robia \u010dloveka.<\/p>\n<p>Preto ma vyzval: <i>\u201cAk si pastor, povedz mi Ot\u010den\u00e1\u0161 po nemecky!\u201d&nbsp; <\/i>Trochu som zariskoval a odpovedal som: <i>\u201cJa ti ho sk\u00fasim poveda\u0165 v starej gr\u00e9\u010dtine!\u201d <\/i>A spustil som:<i> \u201cPat\u00e9r hem\u00f3n, h\u00f3 en tois uranois\u2026\u201d.<\/i> Chlap\u00edk neveriacky po\u010d\u00faval a zvolal: <i>\u201cToto mus\u00ed po\u010du\u0165 m\u00f4j kamar\u00e1t! Po\u010dkaj tu, idem ho zavola\u0165.\u201d&nbsp;<\/i> Vtedy som si s v\u010fakou spomenul na p\u00e1na prof. Karola G\u00e1bri\u0161a a povedal som si v duchu: <i>\u201cMo\u017eno by ste teraz mali zo m\u0148a rados\u0165! \u201c<\/i> S\u00e1m som bol prekvapen\u00fd, \u017ee sa mi gr\u00e9cky text Ot\u010den\u00e1\u0161a po rokoch vybavil v mysli. Mu\u017e priviedol mlad\u00e9ho, asi 30 ro\u010dn\u00e9ho kolegu a ja som musel text Ot\u010den\u00e1\u0161a e\u0161te raz zopakova\u0165. To, \u010do sa dialo potom, bolo priam neuverite\u013en\u00e9! Mu\u017ei boli nad\u0161en\u00ed a povedali: \u201c<i>My spievame v kostole a na opl\u00e1tku ti zaspievame star\u00fd hymnus.\u201d<\/i> Ke\u010f spustili s\u00fdtymi hlasmi pravosl\u00e1vny chor\u00e1l, zrazu sa postavili dvaja policajti v uniform\u00e1ch, ktor\u00ed sedeli pri v\u00fdchode na letiskov\u00fa plochu a s roz\u017eiaren\u00fdmi tv\u00e1rami sa pripojili k spievaj\u00facim! Leti\u0161tn\u00e1 hala sa zrazu zmenila na chr\u00e1m a spev sa tu n\u00e1dherne rozliehal. Za chv\u00ed\u013eu pri\u0161iel \u0161\u00e9f policajnej ochrany a hovoril s \u00fasmevom svojim mu\u017eom: <i>\u201cAle tu nem\u00f4\u017eete spieva\u0165, ste v slu\u017ebe!\u201d<\/i>&nbsp; Policajti sa nedali m\u00fdli\u0165 a chor\u00e1l dospievali. Vz\u00e1p\u00e4t\u00ed ma obj\u00edmali, ako by sme star\u00ed zn\u00e1mi a dobr\u00ed priatelia. T\u00fdmi sme sa vlastne aj stali. \u013dutoval som len jedno. \u017de lietadlo ne\u010dak\u00e1 a bol \u010das n\u00e1stupu. S dojat\u00edm sme sa rozl\u00fa\u010dili. Bolo mi jasn\u00e9, \u017ee moja sv\u00e4todu\u0161n\u00e1 t\u00fa\u017eba po bohoslu\u017ebe sa takto ne\u010dakane naplnila. V povznesenej n\u00e1lade som vst\u00fapil do lietadla a c\u00edtil som, \u017ee sa plat\u00ed to, \u010do apo\u0161tol Pavel vyznal v At\u00e9nach: \u201dVe\u010f On predsa nie je \u010faleko od nikoho z n\u00e1s, lebo N\u00edm \u017eijeme, h\u00fdbeme sa i trv\u00e1me\u201d. ( Sk 17, 27- 28 )<\/p>\n","protected":false},"excerpt":{"rendered":"<p>Olymijsk\u00e9 hry v Rio de Janiero u\u017e d\u00e1vno skon\u010dili a na men\u00e1 v\u00ed\u0165azov a medajlistov sa pomaly za\u010d\u00edna zab\u00fada\u0165. Svetsk\u00e1 sl\u00e1va &#8211; po\u013en\u00e1 tr\u00e1va. V\u00fdnimku by azda mohli tvori\u0165 aspo\u0148 na\u0161i slovensk\u00ed medajlisti, ktor\u00ed bezpochyby podali na olympi\u00e1de fam\u00f3zne v\u00fdkony. Panuje v\u0161eobecn\u00e9 o\u010dak\u00e1vanie, \u017ee ich pr\u00edkladom sa bude in\u0161pirova\u0165 najm\u00e4 na\u0161a ml\u00e1de\u017e a \u010dasom vyrast\u00fa &#8230; <a title=\"V kol\u00edske olymli\u00e1dy, kult\u00fary a ducha\" class=\"read-more\" href=\"https:\/\/www.e-anjelik.sk\/index.php\/2016\/11\/10\/koliske-olymliady-kultury-ducha\/\" aria-label=\"Pre\u010d\u00edtajte si viac o V kol\u00edske olymli\u00e1dy, kult\u00fary a ducha\">\u010c\u00edta\u0165 viac<\/a><\/p>\n","protected":false},"author":4,"featured_media":0,"comment_status":"open","ping_status":"closed","sticky":false,"template":"","format":"standard","meta":{"footnotes":""},"categories":[1,157],"tags":[],"class_list":["post-30838","post","type-post","status-publish","format-standard","hentry","category-adventna-modlitba","category-cestou-necestou"],"_links":{"self":[{"href":"https:\/\/www.e-anjelik.sk\/index.php\/wp-json\/wp\/v2\/posts\/30838","targetHints":{"allow":["GET"]}}],"collection":[{"href":"https:\/\/www.e-anjelik.sk\/index.php\/wp-json\/wp\/v2\/posts"}],"about":[{"href":"https:\/\/www.e-anjelik.sk\/index.php\/wp-json\/wp\/v2\/types\/post"}],"author":[{"embeddable":true,"href":"https:\/\/www.e-anjelik.sk\/index.php\/wp-json\/wp\/v2\/users\/4"}],"replies":[{"embeddable":true,"href":"https:\/\/www.e-anjelik.sk\/index.php\/wp-json\/wp\/v2\/comments?post=30838"}],"version-history":[{"count":2,"href":"https:\/\/www.e-anjelik.sk\/index.php\/wp-json\/wp\/v2\/posts\/30838\/revisions"}],"predecessor-version":[{"id":30998,"href":"https:\/\/www.e-anjelik.sk\/index.php\/wp-json\/wp\/v2\/posts\/30838\/revisions\/30998"}],"wp:attachment":[{"href":"https:\/\/www.e-anjelik.sk\/index.php\/wp-json\/wp\/v2\/media?parent=30838"}],"wp:term":[{"taxonomy":"category","embeddable":true,"href":"https:\/\/www.e-anjelik.sk\/index.php\/wp-json\/wp\/v2\/categories?post=30838"},{"taxonomy":"post_tag","embeddable":true,"href":"https:\/\/www.e-anjelik.sk\/index.php\/wp-json\/wp\/v2\/tags?post=30838"}],"curies":[{"name":"wp","href":"https:\/\/api.w.org\/{rel}","templated":true}]}}