{"id":3084,"date":"2010-10-13T10:05:37","date_gmt":"2010-10-13T10:05:37","guid":{"rendered":"http:\/\/e-anjelik.sk\/?p=3084"},"modified":"2010-10-13T10:05:37","modified_gmt":"2010-10-13T10:05:37","slug":"bude-zasadat-synoda-ecav-v-pr","status":"publish","type":"post","link":"https:\/\/www.e-anjelik.sk\/index.php\/2010\/10\/13\/bude-zasadat-synoda-ecav-v-pr\/","title":{"rendered":"Bude zasada\u0165 synoda ECAV v PR"},"content":{"rendered":"<p>V d\u0148och 15. a\u017e 17. okt&oacute;bra t.r. bude pokra\u010dovanie 8. zasadnutia XII. synody Evanjelicko-augsburskej cirkvi v PR. Zasadnutie sa bude kona\u0165 v priestoroch vydavate\u013estva Augustana v meste Bielsko-Biala. Na programe bude pokra\u010dovanie v prerokov&aacute;van&iacute; synod&aacute;lnych spr&aacute;v. Bud&uacute;ci rok 2011 je vyhl&aacute;sen&yacute; ako &quot;Rok pastoriz&aacute;cie&quot;. S t&yacute;m bude s&uacute;visie\u0165 pr&iacute;prava programu pre tento rok. Synoda sa \u010falej bude zaobera\u0165 dokumentami zaoberaj&uacute;cimi sa transplant&aacute;ciou a darcovstvom org&aacute;nov. Prediskutuj&uacute; tie\u017e probl&eacute;m ordin&aacute;cie \u017eien a v&yacute;sledok daj&uacute; odhlasova\u0165.<\/p>\n<p>(<a href=\"http:\/\/www.luteranie.pl\">www.luteranie.pl<\/a>)<\/p>\n","protected":false},"excerpt":{"rendered":"<p>V d\u0148och 15. a\u017e 17. okt&oacute;bra t.r. bude pokra\u010dovanie 8. zasadnutia XII. synody Evanjelicko-augsburskej cirkvi v PR. Zasadnutie sa bude kona\u0165 v priestoroch vydavate\u013estva Augustana v meste Bielsko-Biala. Na programe bude pokra\u010dovanie v prerokov&aacute;van&iacute; synod&aacute;lnych spr&aacute;v. Bud&uacute;ci rok 2011 je vyhl&aacute;sen&yacute; ako &quot;Rok pastoriz&aacute;cie&quot;. S t&yacute;m bude s&uacute;visie\u0165 pr&iacute;prava programu pre tento rok. Synoda sa &#8230; <a title=\"Bude zasada\u0165 synoda ECAV v PR\" class=\"read-more\" href=\"https:\/\/www.e-anjelik.sk\/index.php\/2010\/10\/13\/bude-zasadat-synoda-ecav-v-pr\/\" aria-label=\"Pre\u010d\u00edtajte si viac o Bude zasada\u0165 synoda ECAV v PR\">\u010c\u00edta\u0165 viac<\/a><\/p>\n","protected":false},"author":22,"featured_media":0,"comment_status":"open","ping_status":"open","sticky":false,"template":"","format":"standard","meta":{"footnotes":""},"categories":[9,10],"tags":[],"class_list":["post-3084","post","type-post","status-publish","format-standard","hentry","category-europa","category-zo-sveta"],"_links":{"self":[{"href":"https:\/\/www.e-anjelik.sk\/index.php\/wp-json\/wp\/v2\/posts\/3084","targetHints":{"allow":["GET"]}}],"collection":[{"href":"https:\/\/www.e-anjelik.sk\/index.php\/wp-json\/wp\/v2\/posts"}],"about":[{"href":"https:\/\/www.e-anjelik.sk\/index.php\/wp-json\/wp\/v2\/types\/post"}],"author":[{"embeddable":true,"href":"https:\/\/www.e-anjelik.sk\/index.php\/wp-json\/wp\/v2\/users\/22"}],"replies":[{"embeddable":true,"href":"https:\/\/www.e-anjelik.sk\/index.php\/wp-json\/wp\/v2\/comments?post=3084"}],"version-history":[{"count":0,"href":"https:\/\/www.e-anjelik.sk\/index.php\/wp-json\/wp\/v2\/posts\/3084\/revisions"}],"wp:attachment":[{"href":"https:\/\/www.e-anjelik.sk\/index.php\/wp-json\/wp\/v2\/media?parent=3084"}],"wp:term":[{"taxonomy":"category","embeddable":true,"href":"https:\/\/www.e-anjelik.sk\/index.php\/wp-json\/wp\/v2\/categories?post=3084"},{"taxonomy":"post_tag","embeddable":true,"href":"https:\/\/www.e-anjelik.sk\/index.php\/wp-json\/wp\/v2\/tags?post=3084"}],"curies":[{"name":"wp","href":"https:\/\/api.w.org\/{rel}","templated":true}]}}