{"id":3086,"date":"2010-10-15T07:27:26","date_gmt":"2010-10-15T07:27:26","guid":{"rendered":"http:\/\/e-anjelik.sk\/?p=3086"},"modified":"2010-10-15T07:27:26","modified_gmt":"2010-10-15T07:27:26","slug":"martin-modeus-novy-biskup-pre-linkoping","status":"publish","type":"post","link":"https:\/\/www.e-anjelik.sk\/index.php\/2010\/10\/15\/martin-modeus-novy-biskup-pre-linkoping\/","title":{"rendered":"Martin Mod\u00e9us &#8211; nov\u00fd biskup pre Link\u00f6ping"},"content":{"rendered":"<p>14. okt. t.r. sa konalo druh&eacute; kolo volieb biskupa pre diec&eacute;zu Link&ouml;ping. Vo vo\u013eb&aacute;ch sa stretli dvaja v&iacute;\u0165azi z prv&eacute;ho kola, ktor&iacute; z&iacute;skali najv&auml;\u010d&scaron;&iacute; po\u010det hlasov. Zv&iacute;\u0165azil Martin Mod&eacute;us, 48 -ro\u010dn&yacute;&nbsp; pomocn&yacute; k\u0148az pre obnovu bohoslu\u017eieb v &scaron;tokholmskej diec&eacute;ze. Dostal 397 hlasov, k&yacute;m jeho vyz&yacute;vate\u013e Michael Mogren 172 hlasov. In&scaron;tal&aacute;cia bude v Link&ouml;pingu 6. marca 2011, kedy v &uacute;rade vystrieda biskupa Martina Linda, ktor&yacute; po 15 rokoch slu\u017eby&nbsp;ako biskup&nbsp;odch&aacute;dza do penzie. Srdcovou z&aacute;le\u017eitos\u0165ou biskupa je onbova bohoslu\u017eieb. Nap&iacute;sal nieko\u013eko kn&iacute;h pre konfirmandov, modlitebn&eacute; knihy, o trad&iacute;cii a \u017eivote a obnove bohoslu\u017eieb.<\/p>\n<p>(<a href=\"http:\/\/www.kyrkanstidning.com\">www.kyrkanstidning.com<\/a>)<\/p>\n","protected":false},"excerpt":{"rendered":"<p>14. okt. t.r. sa konalo druh&eacute; kolo volieb biskupa pre diec&eacute;zu Link&ouml;ping. Vo vo\u013eb&aacute;ch sa stretli dvaja v&iacute;\u0165azi z prv&eacute;ho kola, ktor&iacute; z&iacute;skali najv&auml;\u010d&scaron;&iacute; po\u010det hlasov. Zv&iacute;\u0165azil Martin Mod&eacute;us, 48 -ro\u010dn&yacute;&nbsp; pomocn&yacute; k\u0148az pre obnovu bohoslu\u017eieb v &scaron;tokholmskej diec&eacute;ze. Dostal 397 hlasov, k&yacute;m jeho vyz&yacute;vate\u013e Michael Mogren 172 hlasov. In&scaron;tal&aacute;cia bude v Link&ouml;pingu 6. marca &#8230; <a title=\"Martin Mod\u00e9us &#8211; nov\u00fd biskup pre Link\u00f6ping\" class=\"read-more\" href=\"https:\/\/www.e-anjelik.sk\/index.php\/2010\/10\/15\/martin-modeus-novy-biskup-pre-linkoping\/\" aria-label=\"Pre\u010d\u00edtajte si viac o Martin Mod\u00e9us &#8211; nov\u00fd biskup pre Link\u00f6ping\">\u010c\u00edta\u0165 viac<\/a><\/p>\n","protected":false},"author":22,"featured_media":0,"comment_status":"open","ping_status":"open","sticky":false,"template":"","format":"standard","meta":{"footnotes":""},"categories":[42,10],"tags":[],"class_list":["post-3086","post","type-post","status-publish","format-standard","hentry","category-skandinavia","category-zo-sveta"],"_links":{"self":[{"href":"https:\/\/www.e-anjelik.sk\/index.php\/wp-json\/wp\/v2\/posts\/3086","targetHints":{"allow":["GET"]}}],"collection":[{"href":"https:\/\/www.e-anjelik.sk\/index.php\/wp-json\/wp\/v2\/posts"}],"about":[{"href":"https:\/\/www.e-anjelik.sk\/index.php\/wp-json\/wp\/v2\/types\/post"}],"author":[{"embeddable":true,"href":"https:\/\/www.e-anjelik.sk\/index.php\/wp-json\/wp\/v2\/users\/22"}],"replies":[{"embeddable":true,"href":"https:\/\/www.e-anjelik.sk\/index.php\/wp-json\/wp\/v2\/comments?post=3086"}],"version-history":[{"count":0,"href":"https:\/\/www.e-anjelik.sk\/index.php\/wp-json\/wp\/v2\/posts\/3086\/revisions"}],"wp:attachment":[{"href":"https:\/\/www.e-anjelik.sk\/index.php\/wp-json\/wp\/v2\/media?parent=3086"}],"wp:term":[{"taxonomy":"category","embeddable":true,"href":"https:\/\/www.e-anjelik.sk\/index.php\/wp-json\/wp\/v2\/categories?post=3086"},{"taxonomy":"post_tag","embeddable":true,"href":"https:\/\/www.e-anjelik.sk\/index.php\/wp-json\/wp\/v2\/tags?post=3086"}],"curies":[{"name":"wp","href":"https:\/\/api.w.org\/{rel}","templated":true}]}}