{"id":3088,"date":"2010-10-15T08:52:53","date_gmt":"2010-10-15T08:52:53","guid":{"rendered":"http:\/\/e-anjelik.sk\/?p=3088"},"modified":"2010-10-15T08:52:53","modified_gmt":"2010-10-15T08:52:53","slug":"synoda-delku","status":"publish","type":"post","link":"https:\/\/www.e-anjelik.sk\/index.php\/2010\/10\/15\/synoda-delku\/","title":{"rendered":"Synoda DELKU"},"content":{"rendered":"<p>Od 18. do 20. okt&oacute;bra t.r. sa v Dome ap. Pavla v Odese bude kona\u0165 synoda Nemeckej evanjelicko-luter&aacute;nskej cirkvi Ukrajiny (DELKU). Na programe synody s&uacute; bohoslu\u017eby v katedr&aacute;le sv. Pavla.Slovo Bo\u017eie bude zvestova\u0165 prezident synody -pastor Andrej Hamburg. Po nich synod&aacute;li bud&uacute; rokova\u0165 o spr&aacute;ve cirkvi, hodnoti\u0165 pr&aacute;cu zborov v minulom obdob&iacute; a na\u010drtn&uacute; pl&aacute;ny do bud&uacute;ceho obdobia. Bud&uacute; sa tie\u017e zaobera\u0165 teologickou t&eacute;mou &quot;Zmierenie&quot;. Predn&aacute;&scaron;ku&nbsp;prednesie otec Michail Dymid z Ukrajinskej katol&iacute;ckej univerzity vo \u013dvove.&nbsp;S&uacute;\u010dasne bud&uacute; vo\u013eby nov&eacute;ho predsedn&iacute;ctva synody. Na zasadnutie boli pozvan&iacute; z&aacute;stupcovia in&yacute;ch kres\u0165ansk&yacute;ch cirkv&iacute; Ukrajiny i zahrani\u010dia, ako aj z&aacute;stupcovia &scaron;t&aacute;tu a mesta.<\/p>\n<p>(<a href=\"http:\/\/www.delku.org.ua\">www.delku.org.ua<\/a>)<\/p>\n","protected":false},"excerpt":{"rendered":"<p>Od 18. do 20. okt&oacute;bra t.r. sa v Dome ap. Pavla v Odese bude kona\u0165 synoda Nemeckej evanjelicko-luter&aacute;nskej cirkvi Ukrajiny (DELKU). Na programe synody s&uacute; bohoslu\u017eby v katedr&aacute;le sv. Pavla.Slovo Bo\u017eie bude zvestova\u0165 prezident synody -pastor Andrej Hamburg. Po nich synod&aacute;li bud&uacute; rokova\u0165 o spr&aacute;ve cirkvi, hodnoti\u0165 pr&aacute;cu zborov v minulom obdob&iacute; a na\u010drtn&uacute; pl&aacute;ny &#8230; <a title=\"Synoda DELKU\" class=\"read-more\" href=\"https:\/\/www.e-anjelik.sk\/index.php\/2010\/10\/15\/synoda-delku\/\" aria-label=\"Pre\u010d\u00edtajte si viac o Synoda DELKU\">\u010c\u00edta\u0165 viac<\/a><\/p>\n","protected":false},"author":22,"featured_media":0,"comment_status":"open","ping_status":"open","sticky":false,"template":"","format":"standard","meta":{"footnotes":""},"categories":[9,10],"tags":[],"class_list":["post-3088","post","type-post","status-publish","format-standard","hentry","category-europa","category-zo-sveta"],"_links":{"self":[{"href":"https:\/\/www.e-anjelik.sk\/index.php\/wp-json\/wp\/v2\/posts\/3088","targetHints":{"allow":["GET"]}}],"collection":[{"href":"https:\/\/www.e-anjelik.sk\/index.php\/wp-json\/wp\/v2\/posts"}],"about":[{"href":"https:\/\/www.e-anjelik.sk\/index.php\/wp-json\/wp\/v2\/types\/post"}],"author":[{"embeddable":true,"href":"https:\/\/www.e-anjelik.sk\/index.php\/wp-json\/wp\/v2\/users\/22"}],"replies":[{"embeddable":true,"href":"https:\/\/www.e-anjelik.sk\/index.php\/wp-json\/wp\/v2\/comments?post=3088"}],"version-history":[{"count":0,"href":"https:\/\/www.e-anjelik.sk\/index.php\/wp-json\/wp\/v2\/posts\/3088\/revisions"}],"wp:attachment":[{"href":"https:\/\/www.e-anjelik.sk\/index.php\/wp-json\/wp\/v2\/media?parent=3088"}],"wp:term":[{"taxonomy":"category","embeddable":true,"href":"https:\/\/www.e-anjelik.sk\/index.php\/wp-json\/wp\/v2\/categories?post=3088"},{"taxonomy":"post_tag","embeddable":true,"href":"https:\/\/www.e-anjelik.sk\/index.php\/wp-json\/wp\/v2\/tags?post=3088"}],"curies":[{"name":"wp","href":"https:\/\/api.w.org\/{rel}","templated":true}]}}