{"id":3091,"date":"2010-10-17T19:31:54","date_gmt":"2010-10-17T19:31:54","guid":{"rendered":"http:\/\/e-anjelik.sk\/?p=3091"},"modified":"2010-10-17T19:31:54","modified_gmt":"2010-10-17T19:31:54","slug":"ako-sa-pan-fararko-bezboznikom-stal","status":"publish","type":"post","link":"https:\/\/www.e-anjelik.sk\/index.php\/2010\/10\/17\/ako-sa-pan-fararko-bezboznikom-stal\/","title":{"rendered":"Ako sa p\u00e1n far\u00e1rko bezbo\u017en\u00edkom stal"},"content":{"rendered":"<p>&nbsp;&nbsp;&nbsp; &nbsp; &nbsp; &nbsp; &nbsp; &nbsp; &nbsp; &nbsp; &nbsp; &nbsp; &nbsp; &nbsp; &nbsp; &nbsp; &nbsp; &nbsp; &nbsp; &nbsp; &nbsp; &nbsp; &nbsp;Ako sa p&aacute;n far&aacute;rko bezbo\u017en&iacute;kom stal<\/p>\n<p style=\"margin: 0.0px 0.0px 0.0px 0.0px; font: 12.0px Times New Roman; min-height: 15.0px\">&nbsp;<\/p>\n<p style=\"margin: 0.0px 0.0px 0.0px 0.0px; font: 16.0px Times New Roman\"><span style=\"font: 12.0px Times New Roman\">&nbsp; &nbsp; &nbsp; <\/span>Kde bolo, tam bolo, bola jedna&nbsp; nen&aacute;padn&aacute; dedinka&nbsp; v samom strede Eur&oacute;py. Hoci ni\u010d&iacute;m&nbsp; mimoriadnym nevynikala,&nbsp; \u017eili v nej \u013eudia dobr&iacute;, ba&nbsp; mo\u017eno poveda\u0165 aj n&aacute;bo\u017en&iacute;. Jedna&nbsp; \u010das\u0165 rod&iacute;n boli luter&aacute;ni,&nbsp; \u010fal&scaron;&iacute;&nbsp; boli ateisti a rozumk&aacute;ri, a tretia, azda najv&auml;\u010d&scaron;ia \u010das\u0165 boli kres\u0165ania katol&iacute;ci.<\/p>\n<p style=\"margin: 0.0px 0.0px 0.0px 0.0px; font: 16.0px Times New Roman\">Jedn&eacute;ho d\u0148a, nie je to tak d&aacute;vno, \u017ee by si to e&scaron;te \u017eij&uacute;ci dobre nepam&auml;tali, za\u010dali sa v dedinke dia\u0165 ve\u013ek&eacute; veci. Star&yacute; a mal&yacute; kostol&iacute;k&nbsp; u\u017e nesta\u010dil poja\u0165 rady veriacich v rast&uacute;cej fili&aacute;lke. Rozhodli sa, \u017ee si postavia kostol nov&yacute;, \u017ee im ho bud&uacute; v&scaron;etci naokolo z&aacute;vidie\u0165. Ako si povedali, tak aj urobili. S&aacute;m&nbsp;<\/p>\n<p style=\"margin: 0.0px 0.0px 0.0px 0.0px; font: 16.0px Times New Roman\">sv&auml;t&yacute; otec a\u017e z R&iacute;ma im z&aacute;klad&yacute; kame\u0148 posv&auml;til a vybrali si aj pekn&yacute; p\u013eac v strede dediny. Pl&aacute;n bol ve\u013ekolep&yacute; a n&aacute;ro\u010dn&yacute;. Far&aacute;rko, ktor&yacute; zo susednej farnosti p&ocirc;vodne&nbsp; chodil sl&uacute;\u017ei\u0165 om&scaron;e sl&uacute;\u017ei\u0165 bol dos\u0165 skeptick&yacute;, \u010di sa dos\u0165&nbsp; financi&iacute; nazber&aacute; a preto rad&scaron;ej ust&uacute;pil susedovi, ktor&yacute; vedel \u013eud&iacute; nadchn&uacute;\u0165 pre toto dielo. Skeptick&yacute; bol aj p&aacute;n biskup, \u017ee sa tak&aacute; stavba p&aacute;r rodin&aacute;m podari\u0165 nem&ocirc;\u017ee a preto nepris\u013e&uacute;bil nijak&uacute; pomoc, sk&ocirc;r dobr&aacute;cky odhov&aacute;ral veriach od stavby. Ale nov&yacute; k\u0148az, ktor&yacute; fili&aacute;lku prevzal, odu&scaron;evnil veriacich a pri ve\u013ekej obetavosti sa vec podarila. Nastal de\u0148 posviacky a pr&iacute;tomn&yacute;&nbsp; p&aacute;n biskup musel prizna\u0165, \u017ee sa m&yacute;lil a bol zbyto\u010dne neveriacim Tom&aacute;&scaron;om. Aby si udobril veriacich a ospravedlnil svoju zatvoren&uacute; ruku, priniesol na sl&aacute;vnos\u0165 zvl&aacute;&scaron;tny dar. &bdquo;Priniesol som v&aacute;m ako n&aacute;hradu a m&ocirc;j osobn&yacute; pr&iacute;spevok k tejto sl&aacute;vnosti sochu Panny M&aacute;rie priamo zo sv. p&uacute;tnick&eacute;ho miesta. Nie je to socha hocijak&aacute;, lebo ju posv&auml;til&nbsp; s&aacute;m&nbsp; r&iacute;msky p&aacute;pe\u017e. Tak&yacute;ch s&ocirc;ch je vo svete iba nieko\u013eko&bdquo;. To urobilo na veriacich ve\u013emi siln&yacute; dojem. P&aacute;n biskup dal pokyn asistentovi sochu odhali\u0165 a s ve\u013ek&yacute;m gestom ju postavil na pr&aacute;ve pomazan&yacute; olt&aacute;rny st&ocirc;l! V&scaron;etky pocity krivdy boli za\u017eehnan&eacute;. Sl&aacute;vnos\u0165 prebehla v peknej atmof&eacute;re a bola umocnen&aacute; dobr&yacute;m sl&aacute;vnostnt&yacute;m obedom. -Len\u017ee, \u010do \u010dert nechcel&#8230; Po sl&aacute;vnosti p&aacute;n biskup dal ne\u010dakan&yacute; pokyn. Prinies\u0165 sochu sv.Bohorodi\u010dky, nalo\u017ei\u0165 ju do auta a u\u017e sa aj chcel por&uacute;\u010da\u0165. -&ldquo;No, tak to teda nie&ldquo;!- povedali unisono dom&aacute;ci. &bdquo;Vy ste n&aacute;m ni\u010d in&eacute; nedali, iba t&uacute;to sochu a my si ju u\u017e ned&aacute;me! Takto biskup Cirkvi dr\u017e&iacute; slovo?&ldquo;- protestovali dobr&iacute; \u013eudkovia. &bdquo;Ale moji zlat&iacute;, ve\u010f to je&nbsp; osobn&yacute; dar od&nbsp; sv&auml;t&eacute;ho otca a ja ho nem&ocirc;\u017eem da\u0165 nikomu&ldquo;. Sochu som v&aacute;m&nbsp; r&aacute;d prepo\u017ei\u010dal a teraz si ju zase vezmem&ldquo;. Dom&aacute;ci p&aacute;n far&aacute;ko videl, \u017ee je zle. Ale \u017ee bol mu\u017e \u010dinu, naklonil sa k p.biskupovi a povedal: &bdquo;Len im ju nechajte, ja V&aacute;m eminencia, tak&uacute; ist&uacute; z Fatimy prinesiem! P&aacute;n biskup si povedal, \u017ee m&uacute;drej&scaron;&iacute; ust&uacute;pi a privolil. Len\u017ee to mil&yacute; p&aacute;n far&aacute;rko&nbsp; e&scaron;te netu&scaron;il ak&yacute;&nbsp; kr&iacute;\u017e si na svoje plecia polo\u017eil. V nasleduj&uacute;cu nede\u013eu na&scaron;iel so&scaron;ku polo\u017een&uacute; priamo na&nbsp; hlavnom&nbsp; olt&aacute;ri. Preto dal pred om&scaron;ou pokyn , aby ju kostoln&yacute; otec odniesol a dal niekde na bo\u010dn&yacute; olt&aacute;r. &bdquo;A tak to veru nebude, v&aacute;\u017een&yacute; duchovn&yacute; ot\u010de, lebo ve\u010f ste s&aacute;m videli, ako ju s&aacute;m p&aacute;n biskup na hlavn&yacute; olt&aacute;r polo\u017eil! A ke\u010f ju tam polo\u017eil, tam aj ostane!&ldquo; -&ldquo;\u013dudia Bo\u017e&iacute;, majte rozum, to predsa nejde, je to olt&aacute;r Bohu Trojjedin&eacute;mu!&ldquo;- argumentoval&nbsp; z&uacute;fal&yacute; far&aacute;rko. &#8211; Bol to ve\u013ek&yacute; boj a slzav&eacute; &uacute;dolie&#8230;Nave\u013ea, nave\u013ea, s&uacute;hlasil ne&scaron;\u0165asnt&yacute; far&aacute;rko s t&yacute;m, aby so&scaron;ka st&aacute;la ak u\u017e nie na, tak celkom ved\u013ea hlavn&eacute;ho olt&aacute;ra! -Napriek tomu, zap&aacute;len&iacute; uctieva\u010di Panny M&aacute;rie, v\u017edy panny, vyhl&aacute;sili , \u017ee <b>ich far&aacute;r je oby\u010dajn&yacute; bezbo\u017en&iacute;k! <\/b>A aby&nbsp; uk&aacute;zali, kto je prave veriaci, za\u010dali&nbsp; kona\u0165 jedon piatok v mesiaci p&uacute;te k chr&aacute;mu takto nev&scaron;edne obdarovan&eacute;mu. T&aacute;to zves\u0165 sa r&yacute;chlo roz&scaron;&iacute;rila a&nbsp; prave veriaci zo &scaron;irok&eacute;ho okolia za\u010dali prich&aacute;dza\u0165 a pobo\u017enost&iacute; sa z&uacute;\u010dast\u0148ova\u0165 aj autobusov&yacute;mi v&yacute;pravami. V&scaron;etci s&uacute; spokojn&iacute;, iba p&aacute;n far&aacute;rko sa stal menej&nbsp; v&iacute;tan&yacute;m hos\u0165om , ke\u010f sa tak nepekne zachoval a nov&eacute; p&uacute;tnick&eacute;&nbsp; miesto nepo\u017eehnal.&nbsp;<\/p>\n<p style=\"margin: 0.0px 0.0px 0.0px 0.0px; font: 16.0px Times New Roman\"><span style=\"font: 12.0px Times New Roman\">&nbsp; &nbsp; &nbsp; <\/span>Najneuverite\u013enej&scaron;ie na tomto rozpr&aacute;van&iacute;&nbsp; je to, \u017ee tento pr&iacute;beh , i ke\u010f nemenuje osoby, \u010das a miesto, je pravdiv&yacute;! Takto sa aj p&aacute;n far&aacute;rko, hoci nie je luter&aacute;n, vo vlastnej cirkvi&nbsp; bezbo\u017en&iacute;kom stal.&nbsp;<\/p>\n<p style=\"margin: 0.0px 0.0px 0.0px 0.0px; font: 12.0px Times New Roman; min-height: 15.0px\">&nbsp;&nbsp; &nbsp; &nbsp; &nbsp;<\/p>\n<div>&nbsp;<\/div>\n","protected":false},"excerpt":{"rendered":"<p>&nbsp;&nbsp;&nbsp; &nbsp; &nbsp; &nbsp; &nbsp; &nbsp; &nbsp; &nbsp; &nbsp; &nbsp; &nbsp; &nbsp; &nbsp; &nbsp; &nbsp; &nbsp; &nbsp; &nbsp; &nbsp; &nbsp; &nbsp;Ako sa p&aacute;n far&aacute;rko bezbo\u017en&iacute;kom stal &nbsp; &nbsp; &nbsp; &nbsp; Kde bolo, tam bolo, bola jedna&nbsp; nen&aacute;padn&aacute; dedinka&nbsp; v samom strede Eur&oacute;py. Hoci ni\u010d&iacute;m&nbsp; mimoriadnym nevynikala,&nbsp; \u017eili v nej \u013eudia dobr&iacute;, ba&nbsp; mo\u017eno poveda\u0165 aj &#8230; <a title=\"Ako sa p\u00e1n far\u00e1rko bezbo\u017en\u00edkom stal\" class=\"read-more\" href=\"https:\/\/www.e-anjelik.sk\/index.php\/2010\/10\/17\/ako-sa-pan-fararko-bezboznikom-stal\/\" aria-label=\"Pre\u010d\u00edtajte si viac o Ako sa p\u00e1n far\u00e1rko bezbo\u017en\u00edkom stal\">\u010c\u00edta\u0165 viac<\/a><\/p>\n","protected":false},"author":76,"featured_media":0,"comment_status":"open","ping_status":"open","sticky":false,"template":"","format":"standard","meta":{"footnotes":""},"categories":[1],"tags":[],"class_list":["post-3091","post","type-post","status-publish","format-standard","hentry","category-adventna-modlitba"],"_links":{"self":[{"href":"https:\/\/www.e-anjelik.sk\/index.php\/wp-json\/wp\/v2\/posts\/3091","targetHints":{"allow":["GET"]}}],"collection":[{"href":"https:\/\/www.e-anjelik.sk\/index.php\/wp-json\/wp\/v2\/posts"}],"about":[{"href":"https:\/\/www.e-anjelik.sk\/index.php\/wp-json\/wp\/v2\/types\/post"}],"author":[{"embeddable":true,"href":"https:\/\/www.e-anjelik.sk\/index.php\/wp-json\/wp\/v2\/users\/76"}],"replies":[{"embeddable":true,"href":"https:\/\/www.e-anjelik.sk\/index.php\/wp-json\/wp\/v2\/comments?post=3091"}],"version-history":[{"count":0,"href":"https:\/\/www.e-anjelik.sk\/index.php\/wp-json\/wp\/v2\/posts\/3091\/revisions"}],"wp:attachment":[{"href":"https:\/\/www.e-anjelik.sk\/index.php\/wp-json\/wp\/v2\/media?parent=3091"}],"wp:term":[{"taxonomy":"category","embeddable":true,"href":"https:\/\/www.e-anjelik.sk\/index.php\/wp-json\/wp\/v2\/categories?post=3091"},{"taxonomy":"post_tag","embeddable":true,"href":"https:\/\/www.e-anjelik.sk\/index.php\/wp-json\/wp\/v2\/tags?post=3091"}],"curies":[{"name":"wp","href":"https:\/\/api.w.org\/{rel}","templated":true}]}}