{"id":3097,"date":"2010-10-20T13:22:12","date_gmt":"2010-10-20T13:22:12","guid":{"rendered":"http:\/\/e-anjelik.sk\/?p=3097"},"modified":"2010-10-20T13:22:12","modified_gmt":"2010-10-20T13:22:12","slug":"urad-knaza-bude-pre-zeny-aj-nadalej-v-eac-v-pr-nepristupny","status":"publish","type":"post","link":"https:\/\/www.e-anjelik.sk\/index.php\/2010\/10\/20\/urad-knaza-bude-pre-zeny-aj-nadalej-v-eac-v-pr-nepristupny\/","title":{"rendered":"\u00darad k\u0148aza bude pre \u017eeny aj na\u010falej v EAC v PR nepr\u00edstupn\u00fd"},"content":{"rendered":"<p>Ako sme u\u017e p&iacute;sali, od 15. do 17. okt&oacute;bra t.r. zasadala v Bielsko-Bialej synoda Evanjelicko-augsburskej cirkvi v Po\u013esku. Na programe o.i. bola aj ot&aacute;zka ordin&aacute;cie \u017eien v tejto cirkvi. T&eacute;ma sa prerok&uacute;vala 16. okt&oacute;bra. Prebiehala prudk&aacute; a b&uacute;rliv&aacute; diskusia. Nakoniec bolo hlasovanie s t&yacute;mto v&yacute;sledkom: 33 synod&aacute;lov sa vyslovilo proti ordin&aacute;cii \u017eien, 20 bolo za a siedmi sa zdr\u017eali hlasovania.<\/p>\n<p>\/www.gustav-adolf-werk.de)<\/p>\n","protected":false},"excerpt":{"rendered":"<p>Ako sme u\u017e p&iacute;sali, od 15. do 17. okt&oacute;bra t.r. zasadala v Bielsko-Bialej synoda Evanjelicko-augsburskej cirkvi v Po\u013esku. Na programe o.i. bola aj ot&aacute;zka ordin&aacute;cie \u017eien v tejto cirkvi. T&eacute;ma sa prerok&uacute;vala 16. okt&oacute;bra. Prebiehala prudk&aacute; a b&uacute;rliv&aacute; diskusia. Nakoniec bolo hlasovanie s t&yacute;mto v&yacute;sledkom: 33 synod&aacute;lov sa vyslovilo proti ordin&aacute;cii \u017eien, 20 bolo za &#8230; <a title=\"\u00darad k\u0148aza bude pre \u017eeny aj na\u010falej v EAC v PR nepr\u00edstupn\u00fd\" class=\"read-more\" href=\"https:\/\/www.e-anjelik.sk\/index.php\/2010\/10\/20\/urad-knaza-bude-pre-zeny-aj-nadalej-v-eac-v-pr-nepristupny\/\" aria-label=\"Pre\u010d\u00edtajte si viac o \u00darad k\u0148aza bude pre \u017eeny aj na\u010falej v EAC v PR nepr\u00edstupn\u00fd\">\u010c\u00edta\u0165 viac<\/a><\/p>\n","protected":false},"author":22,"featured_media":0,"comment_status":"open","ping_status":"open","sticky":false,"template":"","format":"standard","meta":{"footnotes":""},"categories":[9,10],"tags":[],"class_list":["post-3097","post","type-post","status-publish","format-standard","hentry","category-europa","category-zo-sveta"],"_links":{"self":[{"href":"https:\/\/www.e-anjelik.sk\/index.php\/wp-json\/wp\/v2\/posts\/3097","targetHints":{"allow":["GET"]}}],"collection":[{"href":"https:\/\/www.e-anjelik.sk\/index.php\/wp-json\/wp\/v2\/posts"}],"about":[{"href":"https:\/\/www.e-anjelik.sk\/index.php\/wp-json\/wp\/v2\/types\/post"}],"author":[{"embeddable":true,"href":"https:\/\/www.e-anjelik.sk\/index.php\/wp-json\/wp\/v2\/users\/22"}],"replies":[{"embeddable":true,"href":"https:\/\/www.e-anjelik.sk\/index.php\/wp-json\/wp\/v2\/comments?post=3097"}],"version-history":[{"count":0,"href":"https:\/\/www.e-anjelik.sk\/index.php\/wp-json\/wp\/v2\/posts\/3097\/revisions"}],"wp:attachment":[{"href":"https:\/\/www.e-anjelik.sk\/index.php\/wp-json\/wp\/v2\/media?parent=3097"}],"wp:term":[{"taxonomy":"category","embeddable":true,"href":"https:\/\/www.e-anjelik.sk\/index.php\/wp-json\/wp\/v2\/categories?post=3097"},{"taxonomy":"post_tag","embeddable":true,"href":"https:\/\/www.e-anjelik.sk\/index.php\/wp-json\/wp\/v2\/tags?post=3097"}],"curies":[{"name":"wp","href":"https:\/\/api.w.org\/{rel}","templated":true}]}}