{"id":3100,"date":"2010-10-21T09:44:26","date_gmt":"2010-10-21T09:44:26","guid":{"rendered":"http:\/\/e-anjelik.sk\/?p=3100"},"modified":"2010-10-21T09:44:26","modified_gmt":"2010-10-21T09:44:26","slug":"evanjelicke-sluzby-bozie-v-tv-k-pamiatke-reformacie","status":"publish","type":"post","link":"https:\/\/www.e-anjelik.sk\/index.php\/2010\/10\/21\/evanjelicke-sluzby-bozie-v-tv-k-pamiatke-reformacie\/","title":{"rendered":"Evanjelick\u00e9 slu\u017eby Bo\u017eie v TV k Pamiatke reform\u00e1cie"},"content":{"rendered":"<p>Prin&aacute;&scaron;ame preh\u013ead niektor&yacute;ch telev&iacute;zn&yacute;ch stan&iacute;c so slu\u017ebami Bo\u017e&iacute;mi ku Pamiatke reform&aacute;cie:<\/p>\n<p><strong>STV2 <\/strong>&#8211; SB z Bardejova o 9.00 hodine; po nich o 10.35 program &quot;Soli gratia&quot; o dejin&aacute;ch reform&aacute;cie na Slovensku.<\/p>\n<p><strong>TV&nbsp;Slovenija 1<\/strong> &#8211; SB z Moravsk&yacute;ch Tepl&iacute;c o 10.00 hodine. K&aacute;\u017ee biskup G. Erni&scaron;a.<\/p>\n<p><strong>TVP2 <\/strong>&#8211; SB s VP z Katov&iacute;c o 10.00 hodine.<\/p>\n<p><strong>ARD<\/strong> &#8211; SB o 10.00 hodine z kostola sv. Petra vo Woerlitz.<\/p>\n<p><strong>MT1<\/strong> &#8211; SB o 11.00 hod. z Ev. kostola na De&aacute;kovom n&aacute;m.&nbsp;v Budape&scaron;ti.K&aacute;\u017ee ved&uacute;ci biskup J.Itz&eacute;s.<\/p>\n","protected":false},"excerpt":{"rendered":"<p>Prin&aacute;&scaron;ame preh\u013ead niektor&yacute;ch telev&iacute;zn&yacute;ch stan&iacute;c so slu\u017ebami Bo\u017e&iacute;mi ku Pamiatke reform&aacute;cie: STV2 &#8211; SB z Bardejova o 9.00 hodine; po nich o 10.35 program &quot;Soli gratia&quot; o dejin&aacute;ch reform&aacute;cie na Slovensku. TV&nbsp;Slovenija 1 &#8211; SB z Moravsk&yacute;ch Tepl&iacute;c o 10.00 hodine. K&aacute;\u017ee biskup G. Erni&scaron;a. TVP2 &#8211; SB s VP z Katov&iacute;c o 10.00 hodine. &#8230; <a title=\"Evanjelick\u00e9 slu\u017eby Bo\u017eie v TV k Pamiatke reform\u00e1cie\" class=\"read-more\" href=\"https:\/\/www.e-anjelik.sk\/index.php\/2010\/10\/21\/evanjelicke-sluzby-bozie-v-tv-k-pamiatke-reformacie\/\" aria-label=\"Pre\u010d\u00edtajte si viac o Evanjelick\u00e9 slu\u017eby Bo\u017eie v TV k Pamiatke reform\u00e1cie\">\u010c\u00edta\u0165 viac<\/a><\/p>\n","protected":false},"author":22,"featured_media":0,"comment_status":"open","ping_status":"open","sticky":false,"template":"","format":"standard","meta":{"footnotes":""},"categories":[26],"tags":[249],"class_list":["post-3100","post","type-post","status-publish","format-standard","hentry","category-pamiatka-reformacie","tag-bohosluzby"],"_links":{"self":[{"href":"https:\/\/www.e-anjelik.sk\/index.php\/wp-json\/wp\/v2\/posts\/3100","targetHints":{"allow":["GET"]}}],"collection":[{"href":"https:\/\/www.e-anjelik.sk\/index.php\/wp-json\/wp\/v2\/posts"}],"about":[{"href":"https:\/\/www.e-anjelik.sk\/index.php\/wp-json\/wp\/v2\/types\/post"}],"author":[{"embeddable":true,"href":"https:\/\/www.e-anjelik.sk\/index.php\/wp-json\/wp\/v2\/users\/22"}],"replies":[{"embeddable":true,"href":"https:\/\/www.e-anjelik.sk\/index.php\/wp-json\/wp\/v2\/comments?post=3100"}],"version-history":[{"count":0,"href":"https:\/\/www.e-anjelik.sk\/index.php\/wp-json\/wp\/v2\/posts\/3100\/revisions"}],"wp:attachment":[{"href":"https:\/\/www.e-anjelik.sk\/index.php\/wp-json\/wp\/v2\/media?parent=3100"}],"wp:term":[{"taxonomy":"category","embeddable":true,"href":"https:\/\/www.e-anjelik.sk\/index.php\/wp-json\/wp\/v2\/categories?post=3100"},{"taxonomy":"post_tag","embeddable":true,"href":"https:\/\/www.e-anjelik.sk\/index.php\/wp-json\/wp\/v2\/tags?post=3100"}],"curies":[{"name":"wp","href":"https:\/\/api.w.org\/{rel}","templated":true}]}}