{"id":31019,"date":"2016-11-29T23:57:40","date_gmt":"2016-11-29T22:57:40","guid":{"rendered":"http:\/\/e-anjelik.sk\/?p=31019"},"modified":"2016-12-06T22:47:54","modified_gmt":"2016-12-06T21:47:54","slug":"pocujme-hlas-pravdy","status":"publish","type":"post","link":"https:\/\/www.e-anjelik.sk\/index.php\/2016\/11\/29\/pocujme-hlas-pravdy\/","title":{"rendered":"Po\u010dujme hlas pravdy"},"content":{"rendered":"<p><i>Milos\u0165 v\u00e1m a pokoj od Toho, ktor\u00fd je, ktor\u00fd bol a ktor\u00fd pr\u00edde, od P\u00e1na Je\u017ei\u0161a Krista! (Zjav. 1, 4-5) Amen<\/i><\/p>\n<p><b>J\u00e1n 18, 36 -37<\/b><i>&nbsp;\u201cA Je\u017ei\u0161 odpovedal: Moje kr\u00e1\u013eovstvo nie je z tohoto sveta. Keby moje kr\u00e1\u013eovstvo bolo z tohoto sveta, moji slu\u017eobn\u00edci bili by sa za m\u0148a, aby som nebol vydan\u00fd \u017didom. Ale moje kr\u00e1\u013eovstvo nie je odtia\u013eto. (37) Sp\u00fdtal sa Ho teda Pil\u00e1t: Tak predsa si kr\u00e1\u013e? Odpovedal Je\u017ei\u0161: Ty hovor\u00ed\u0161, \u017ee som kr\u00e1\u013e. Ja som sa na to narodil na svet, aby som vydal svedectvo pravde. Ka\u017ed\u00fd, kto je z pravdy \u010duje m\u00f4j hlas\u201d. Amen<\/i><\/p>\n<p><i>&nbsp; &nbsp; Bohumil\u00ed kres\u0165ania, bratia a sestry v P\u00e1novi!<\/i><\/p>\n<p>Stoj\u00edme op\u00e4\u0165 v br\u00e1nach adventu a s\u00fa\u010dasne v br\u00e1nach nov\u00e9ho cirkevn\u00e9ho roku. Prajem V\u00e1m preto milos\u0165ou Bo\u017eou po\u017eehnan\u00fd adventn\u00fd \u010das. S\u00fa\u010dasne pripom\u00ednam overen\u00fa pravdu: Ak\u00fd advent, tak\u00e9 Vianoce! Ak toti\u017e prij\u00edmame a pre\u017e\u00edvame u\u017e adventn\u00fd \u010das ako \u010das vz\u00e1cny, posv\u00e4tn\u00fd a \u010das nov\u00fdch mo\u017enost\u00ed a darov, tak\u00e9 bud\u00fa pre n\u00e1s aj Vianoce. Ak tento \u010das nepr\u00edjmeme ako \u010das vz\u00e1cny a po\u017eehnan\u00fd, nestan\u00fa sa n\u00e1m tak\u00fdmi ani samotn\u00e9 viano\u010dn\u00e9 sviatky.<\/p>\n<p>Je pozoruhodn\u00e9, \u017ee dnes u\u017e nielen kres\u0165ania, ale aj nekres\u0165ania pripisuj\u00fa adventu ur\u010dit\u00fa hodnotu a zvl\u00e1\u0161tne \u010daro. Adventn\u00fd \u010das prin\u00e1\u0161a zvl\u00e1\u0161tnu dynamiku a nap\u00e4t\u00e9 o\u010dak\u00e1vanie do mnoh\u00fdch rod\u00edn. Aj adventn\u00e1 v\u00fdzdoba u\u017e pomaly zapustila korene i u n\u00e1s na Slovensku, hoci jej p\u00f4vod nach\u00e1dzame sk\u00f4r v Nemecku a v alpsk\u00fdch krajin\u00e1ch. Najm\u00e4 v\u0161ak si mnoh\u00ed \u013eudia uvedomuj\u00fa, \u017ee je tu \u010das prejavi\u0165 viac l\u00e1sky a dobra vo\u010di na\u0161im bl\u00ed\u017enym. Usporad\u00favaj\u00fa sa dobro\u010dinn\u00e9 akcie, koncerty a r\u00f4zne zbierky. Ich motiv\u00e1cia, \u017eia\u013e, nie je v\u017edy \u010dist\u00e1 a \u0161\u013eachetn\u00e1. N\u00e1jdu sa \u0161pekulanti, ktor\u00ed sa s\u00edce tv\u00e1ria \u013eudomilne, ale vyu\u017e\u00edvaj\u00fa dobro\u010dinnos\u0165 len na vlastn\u00fa sebaprezent\u00e1ciu, alebo reklamu.<\/p>\n<p>Adventn\u00e9 dni prin\u00e1\u0161aj\u00fa aj dva zvl\u00e1\u0161tne sviatky. Je to sviatok sv. Mikul\u00e1\u0161a a Lucie. Prv\u00fd je spomienku na dobro\u010dinn\u00e9ho biskupa Mikul\u00e1\u0161a z Miry. Jeho pamiatku si pripom\u00ednaj\u00fa aj t\u00ed, ktor\u00ed inak biskupsk\u00fd \u00farad neuzn\u00e1vaj\u00fa. Lucia bola mlad\u00e1 kres\u0165ansk\u00e1 mu\u010denica, ktor\u00e1 nezaprela Krista ani zo\u010di-vo\u010di hrozbe smrti. Jej meno, vo\u013ene prelo\u017een\u00e9 ako \u201cnosite\u013eka svetla\u201d, odkazuje na potrebu prav\u00e9ho svetla, ktor\u00e9 prich\u00e1dza od Toho, ktor\u00fd povedal: <i>\u201cBu\u010f svetlo\u201d<\/i> , i od Toho, ktor\u00fd povedal: <i>\u201cJa som svetlo sveta, kto m\u0148a nasleduje, nebude chodi\u0165 v tme, ale bude ma\u0165 svetlo \u017eivota\u201d. <\/i>Sviatok sv. Lucie maj\u00fa radi evanjelici v \u0161kandin\u00e1vskych krajin\u00e1ch u\u017e preto, \u017ee zimn\u00e9 dni s\u00fa ve\u013emi kr\u00e1tke a \u013eudia&nbsp; \u010dasto trpia depresiami z nedostatku svetla. V N\u00f3rsku id\u00fa \u017eiaci r\u00e1no do kostolov a diev\u010dat\u00e1 maj\u00fa na hlav\u00e1ch korunky zo svietiacimi svie\u010dkami, spievaj\u00fac piese\u0148 o sv. Lucii.<\/p>\n<p>Dne\u0161n\u00e1 starocirkevn\u00e1 epi\u0161tola n\u00e1m prin\u00e1\u0161a v\u00fdzvu ap. Pavla:<i> \u201cA toto \u010di\u0148te, ke\u010f\u017ee vid\u00edte pr\u00edhodn\u00fa chv\u00ed\u013eu, \u017ee v\u00e1m je u\u017e \u010das prebudi\u0165 sa zo sna\u201d<\/i>. Apo\u0161tol t\u00fdm mysl\u00ed na sen a sp\u00e1nok plyn\u00faci z duchovnej letargie a ospalosti. Upozor\u0148uje veriach<i>: \u201d Noc poko\u010dila, de\u0148 sa pribl\u00ed\u017eil. Odlo\u017eme teda skutky tmy a oble\u010dme sa do v\u00fdzbroje svetla. \u201c<\/i><\/p>\n<p><i>&nbsp; &nbsp; <\/i>Kres\u0165ansk\u00e1 adventn\u00e1 pr\u00edprava nie je iba pr\u00edpravou na prich\u00e1dzaj\u00face Viano\u010dn\u00e9 sviatky, ale je s\u00fa\u010dasne pr\u00edpravou na ve\u010dnos\u0165, na stretnutie s Kristom ako P\u00e1nom p\u00e1nov a Kr\u00e1\u013eom kr\u00e1\u013eov. Je pr\u00edpravou na pribli\u017euj\u00faci sa pr\u00edchod nebesk\u00e9ho Kr\u00e1\u013ea a Jeho kr\u00e1\u013eovstva. V tom je advent pr\u00edhodnou chv\u00ed\u013eou, ktor\u00e1 n\u00e1s m\u00e1 motivova\u0165 k priv\u00edtaniu Toho, ktor\u00fd bol, ktor\u00fd je a ktor\u00fd pr\u00edde.<\/p>\n<p>V\u0161imnime si, bratia a sestry, jednu d\u00f4le\u017eit\u00fa zauj\u00edmavos\u0165 z na\u0161ej chr\u00e1movej liturgie. T\u00ed, \u010do chodia na slu\u017eby Bo\u017eie pravidelne, vedia \u017ee dne\u0161n\u00e9 spievan\u00e9 evanjelium je to ist\u00e9, ktor\u00e9 cirkev zvestuje aj v p\u00f4stnom \u010dase, menovite na Kvetn\u00fa nede\u013eu. Nie je to n\u00e1hoda, ale jasn\u00fd z\u00e1mer, ktor\u00fdm cirkev upozor\u0148uje, \u017ee Ten, ktor\u00fd pri\u0161iel v plnosti \u010dasu do Jeruzalema ako Kr\u00e1\u013e pokoja, pr\u00edde a prich\u00e1dza k svojej cirkvi aj dnes a pr\u00edde aj na konci vekov ako Kr\u00e1\u013e. Je tu teda vedom\u00e9 spojenie p\u00f4stneho a adventn\u00e9ho \u010dasu. Cirkev chce svojim de\u0165om poveda\u0165: Ten, ktor\u00fd pri\u0161iel v plnosti \u010dasu ako Die\u0165a, je ten ist\u00fd Je\u017ei\u0161, ktor\u00fd trpel a zomrel na Golgote ako kr\u00e1\u013e \u017didovsk\u00fd (INRI), ako to dal nap\u00edsa\u0165 Pil\u00e1t. Plat\u00ed v\u0161ak aj opak. Na Golgote m\u00e1me vidie\u0165 sl\u00e1vu a moc Bo\u017eiu rovnako, ako ju vn\u00edmame cez Vianoce, ke\u010f s anjelimi spievame:<i> \u201cSl\u00e1va na v\u00fdsostiach Bohu\u2026\u201d.&nbsp;<\/i> Ani na Golgote, napriek Je\u017ei\u0161ovej smrti nebola len tma, ale aj tam svietila sl\u00e1va P\u00e1nova, podobne ako na Betlehemsk\u00fdch poliach.<\/p>\n<p>Aj dne\u0161n\u00fd sv\u00e4t\u00fd text z J\u00e1novho evanjelia je vzat\u00fd z pa\u0161iov\u00fdch udalost\u00ed. Hovor\u00ed o Je\u017ei\u0161ovi, ktor\u00fd bol vydan\u00fd Pontsk\u00e9mu Pil\u00e1tovi, vlad\u00e1rovi. Pred n\u00edm potvrdil, \u017ee je Kr\u00e1\u013e, ale z\u00e1rove\u0148 dodal: <i>\u201dMoje kr\u00e1\u013eovstvo nie je odtia\u013eto\u201d<\/i>. P\u00e1n Je\u017ei\u0161 pri tom zd\u00f4raznil, pre\u010do sa narodil a pre\u010do pri\u0161iel na tento svet. To s\u00fa t\u00e9my a ot\u00e1zky na v\u00fdsos\u0165 adventn\u00e9! Nad nimi sa v tomto \u010dase v\u017edy nanovo zam\u00fd\u0161\u013eame a h\u013ead\u00e1me spr\u00e1vnu odpove\u010f. Preto sa aj dnes p\u00fdtame: Pre\u010do sa Je\u017ei\u0161 narodil? Na \u010do pri\u0161iel tento nebesk\u00fd Kr\u00e1\u013e? Pre\u010do opustil svoju sl\u00e1vu a pri\u0161iel do na\u0161ej biedy?&nbsp; Pre\u010do pri\u0161iel na svet, kde vl\u00e1dne tma, smr\u0165 a kde mocn\u00ed tak \u010dasto zneu\u017e\u00edvaj\u00fa svoju moc? Na tieto ot\u00e1zky n\u00e1m d\u00e1va odpove\u010f priamo P\u00e1n Je\u017ei\u0161 Kristus v dne\u0161nom pre\u010d\u00edtanom texte:<\/p>\n<p><b>Ja som sa na to narodil a na to som pri\u0161iel na svet, aby som vydal svedectvo pravde!<\/b><\/p>\n<p><i>&nbsp; &nbsp; &nbsp; V\u0161imnime si teda svedectvo pravdy:&nbsp;<\/i><\/p>\n<p><i>&nbsp;1. O Bohu &#8211; Otcovi<\/i><\/p>\n<p><i>&nbsp;2. o \u010dloveku<\/i><\/p>\n<p><i>&nbsp;3. o mo\u017enosti n\u00e1\u0161ho vstupu do kr\u00e1\u013eovstva Bo\u017eieho<\/i><\/p>\n<p><i>&nbsp; &nbsp;<\/i> Bratia a sestry v Kristu P\u00e1nu!<\/p>\n<p>&nbsp;<\/p>\n<p>Pisate\u013e listu \u017didom v \u00favode pripom\u00edna: <i>\u201cMnoho r\u00e1z a rozli\u010dn\u00fdm sp\u00f4sobom hovoril Boh vo\u013eakedy otcom skrze prorokov, na sklonku t\u00fdchto dn\u00ed prehovoril k n\u00e1m v Synovi, ktor\u00e9ho ustanovil za dedi\u010da v\u0161etk\u00e9ho a N\u00edm stvoril aj veky\u201d. (\u017dd 1, 1-2)<\/i><\/p>\n<p><i>&nbsp; &nbsp; &nbsp; <\/i>Mnoh\u00e9 z t\u00fdch Bo\u017e\u00edch vyjaven\u00ed v SZ pozn\u00e1me. Vieme, ako sa P\u00e1n Boh&nbsp;vyjavil Abrah\u00e1movi a praotcom, prorokom i Moj\u017ei\u0161ovi a skrze neho \u013eudu SZ i ostatn\u00fdm n\u00e1rodom. \u010ealeko by n\u00e1s dnes viedlo, ak by sme v\u0161etky vyjavenia a oslovenia Bo\u017eie spom\u00ednali. Mo\u017eno sta\u010d\u00ed spomen\u00fa\u0165 slovo z\u00e1kona zo S\u00ednaja a jeho obsah: <i>\u201cMilova\u0165 bude\u0161 P\u00e1na svojho Boha a svojho bl\u00ed\u017eneho ako seba sam\u00e9ho\u201d.<\/i>&nbsp;U\u017e \u013eud SZ vedel mnoho o Bohu ako Stvorite\u013eovi, Otcovi a svojom Vyslobodite\u013eovi. Poznal Bo\u017eiu pr\u00edsnos\u0165 zo slova z\u00e1kona, ale aj Bo\u017eiu v\u00f4\u013eu spasi\u0165 svet a \u010dloveka. Napriek tomu boli \u013eudsk\u00e9 predstavy a poznanie Boha Otca nedostato\u010dn\u00e9. \u010casto boli predstavy \u013eud\u00ed naivn\u00e9, neraz aj deformovan\u00e9. Napr\u00edklad vedomie o tom, \u017ee Boh je Bohom l\u00e1sky ch\u00e1pal Izrael \u010dasto tak, \u017ee miluje iba svoj vyvolen\u00fd n\u00e1rod a ostatn\u00fdm n\u00e1rodom je iba Sudcom. Iste mnoh\u00e9 falo\u0161n\u00e9 predstavy by sme na\u0161li aj v kres\u0165anskej cirkvi, nielen v minulosti, ale aj dnes.<\/p>\n<p>Jedna z d\u00f4le\u017eit\u00fdch vec\u00ed, ktor\u00fa priniesol a pripom\u00ednal P\u00e1n Je\u017ei\u0161 je pravda o Bohu ako vernom Otcovi. Boh je vern\u00fd vo svojom slove a zas\u013e\u00fabeniach. P\u00e1n Boh nemen\u00ed svoje slovo a svoje s\u013euby. On ich pln\u00ed a spln\u00ed. Preto spievame aj my v cirkvi, zvl\u00e1\u0161\u0165 v adventnom \u010dase piesne o Bo\u017eej vernosti. <i>\u201cChv\u00e1la Ti, Bo\u017ee vern\u00fd, \u017ee pod\u013ea zas\u013e\u00faben\u00ed, Spasite\u013ea si n\u00e1m dal, v \u013eudskom tele Ho poslal\u201d.&nbsp; (ES 10,1)<\/i><\/p>\n<p>To, \u010do Boh Otec zas\u013e\u00fabil u\u017e v raji po p\u00e1de prv\u00fdch \u013eud\u00ed, to sa sl\u00e1vne splnilo. Toto prvotn\u00e9 evanjelium, opakovan\u00e9 a upres\u0148ovan\u00e9 prorokmi SZ sa naplnilo&nbsp; pr\u00e1ve v prvom pr\u00edchode P\u00e1na Je\u017ei\u0161a. Preto Je\u017ei\u0161 tak \u010dasto nadv\u00e4zoval na slov\u00e1 SZ a pripom\u00ednal, \u017ee Boh je nielen Stvorite\u013e, ale aj l\u00e1skav\u00fd Otec n\u00e1rodov a svoj\u00edm \u010dasom spln\u00ed v\u0161etky svoje zas\u013e\u00fabenia. Tie, dan\u00e9 o Synovi, ktor\u00e9ho ustanovil za dedi\u010da v\u0161etk\u00e9ho, i tie vysloven\u00e9 o n\u00e1s.<\/p>\n<p>2. Bratia a sestry v P\u00e1novi!<\/p>\n<p>V\u0161imnime si aj svedectvo pravdy vysloven\u00e9 P\u00e1nom Bohom a Je\u017ei\u0161om o \u010dloveku. Na jednej strane bol \u010dlovek stvoren\u00fd na Bo\u017e\u00ed obraz a stal sa korunou stvorenstva. Bol povolan\u00fd do spolo\u010denstva so svoj\u00edm Otcom a k tomu, aby panoval nad dielom Bo\u017e\u00edch prstov. \u010clovek v\u0161ak spolo\u010denstvo s P\u00e1nom Bohom stratil a preru\u0161il vtedy, ke\u010f uveril diablovi:<i> \u201cBudete vedie\u0165, \u010do je dobro a zlo\u201d<\/i>. \u010clovek s\u00edce dobro od zla rozozn\u00e1va, ale ukazuje sa, \u017ee bez P\u00e1na Boha \u017eiadne dobro kona\u0165 nevie. \u010clovek by dobre robi\u0165 chcel, ale hriech n\u00e1s odcudzil a vzdialil od zdroja prav\u00e9ho dobra. Plat\u00ed preto to, \u010do apo\u0161tol Pavel povedal o n\u00e1s i o sebe: <i>\u201cV\u00f4\u013eu k dobr\u00e9mu m\u00e1m, ale nem\u00e1m silu, aby som to vykonal! Biedny ja \u010dlovek, kto ma vytrhne z tohto tela smrti\u201d? <\/i>Jasn\u00fdm d\u00f4kazom tejto pravdy je aj samotn\u00fd Pil\u00e1t, ktor\u00fd na jednej strane vyznal a opakoval, \u017ee na Je\u017ei\u0161ovi nenech\u00e1dza \u017eiadnu vinu a predsa Ho dal zbi\u010dova\u0165 a ods\u00fadi\u0165 na smr\u0165 ako zlo\u010dinca.<\/p>\n<p>Aj dne\u0161n\u00fd \u010dlovek je rovnak\u00fd. Vie, \u010do je dobro i \u010do je zlo, a predsa sa nikto nedok\u00e1\u017ee nikto zlu vyhn\u00fa\u0165. Zlo konaj\u00fa \u013eudia aj svojim najbli\u017e\u0161\u00edm v man\u017eelstve, v rodine i v cirkvi. Preto ako kres\u0165ania, na rozdiel od t\u00fdch \u010do svedectvo pravdy neprij\u00edmaj\u00fa a preto klam\u00fa, zat\u013akaj\u00fa pravdu o svojich skutkoch a nechc\u00fa kona\u0165 pok\u00e1nie, prich\u00e1dzame k P\u00e1nu Bohu ako t\u00ed, ktor\u00ed chc\u00fa napravi\u0165 vykonan\u00e9 zlo a zmeni\u0165 svoj \u017eivot. Chceme ako kres\u0165ania aj dnes vyzna\u0165 s M.Lutherom: \u201cSme iba \u017eobr\u00e1ci Bo\u017eej milosti\u201d!&nbsp; Advent je pre kres\u0165ana pr\u00edhodnou chv\u00ed\u013eou, vyzna\u0165 a o\u013eutova\u0165 svoje hriechy a poprosi\u0165 P\u00e1na o radostn\u00fa v\u00fdmenu, ktor\u00fa n\u00e1m pon\u00faka. N\u00edm osloven\u00ed k pok\u00e1niu, chceme a m\u00f4\u017eeme Mu da\u0165 n\u00e1\u0161 \u017eivot a na\u0161e hriechy a prija\u0165 Jeho \u010dist\u00fd a sv\u00e4t\u00fd \u017eivot. On chce na\u0161e po\u0161kvrnen\u00e9 r\u00facho \u017eivota zbieli\u0165 svojou krvou a o\u010disi\u0165 n\u00e1s tak, aby sme boli a zostali Bo\u017e\u00edmi de\u0165mi.<\/p>\n<p>3. Mil\u00ed bratia a sestry!<\/p>\n<p>Svedectvo, ku ktor\u00e9mu sa Je\u017ei\u0161 narodil a ku ktor\u00e9mu pri\u0161iel sa t\u00fdka aj tej tretej veci, ktor\u00fa sme v \u00favode spomenuli. Hovor\u00ed o sp\u00f4sobe, ako m\u00f4\u017ee hrie\u0161nik vojs\u0165 do Jeho kr\u00e1\u013eovstva. D\u00fafam, \u017ee nepoviem ni\u010d nov\u00e9, \u010do by ste u\u017e nevedeli a nepo\u010duli. \u017de smieme vojs\u0165 do kr\u00e1\u013eovstava Bo\u017eieho a by\u0165 dedi\u010dmi ve\u010dn\u00e9ho \u017eivota skrze vieru v Je\u017ei\u0161a. Skrze d\u00f4veru v Jeho \u017eivot a dielo, skrze Jeho sv\u00e4t\u00fa obe\u0165 a to, \u010do dokonal svoj\u00edm ukri\u017eovan\u00edm, ale aj zm\u0155tvychvstan\u00edm.<\/p>\n<p>Dnes si v\u0161ak osobitne pripome\u0148me P\u00e1novo slovo o Jeho vtelen\u00ed pre n\u00e1s. U\u017e vo vtelen\u00ed, v Jeho hlbokom pon\u00ed\u017een\u00ed a pr\u00edchode k n\u00e1m vid\u00edme Jeho slu\u017ebu pre n\u00e1s. Z Bo\u017eej milosti, skrze Krista a d\u00f4veru v Jeho slovo<i> <\/i>m\u00e1me otvoren\u00fa cestu k nebes\u00e1m. Patr\u00ed k nej aj d\u00f4vera v Jeho tajomn\u00fd pr\u00edchod k n\u00e1m v tele panny M\u00e1rie a v narodenom Die\u0165ati v Betleheme.<\/p>\n<p>K spasite\u013enej viere patr\u00ed v\u0161ak aj Jeho osobitn\u00fd pr\u00edchod pod sp\u00f4sobom posv\u00e4ten\u00e9ho chleba a v\u00edna vo sviatosti Jeho sv\u00e4tej Ve\u010dere. Tajomstvo Jeho&nbsp; vtelelenia n\u00e1m pom\u00e1ha veri\u0165, \u017ee aj tu &#8211; v daroch Jeho sv\u00e4tej Ve\u010dere je s nami. \u017de aj tu, <i>\u201cstoj\u00ed pri dver\u00e1ch a klope, aby vo\u0161iel k n\u00e1m a stoloval s nami\u201d&nbsp; <\/i>nielen ako vz\u00e1cny Hos\u0165, ale aj Hostite\u013e.<\/p>\n<p>Tam, kde mu otvor\u00edme na\u0161e du\u0161e, kde Ho v\u00edtame a prij\u00edmame, tam je s nami u\u017e dnes a bude s nami aj v nebi, ako to zas\u013e\u00fabil. Preto aj n\u00e1m dnes hovor\u00ed: <i>\u201cJa som sa na to narodil a pri\u0161iel na svet &#8211; aby som vydal svedetco pravde\u201d<\/i>. Pri\u0161iel, aby n\u00e1m vr\u00e1til straten\u00fd raj a priviedol n\u00e1s k Otcovi u\u017e dnes, i zajtra, i naveky. Aby sme s N\u00edm mohli by\u0165 v Jeho kr\u00e1\u013eovstve v \u010dasnosti i vo ve\u010dnosti. Amen.<\/p>\n<p>\u013dubom\u00edr Batka st.<\/p>\n<p>1.adventn\u00e1 nede\u013ea&nbsp; &#8211; Prietr\u017e &#8211; 2016<\/p>\n","protected":false},"excerpt":{"rendered":"<p>Milos\u0165 v\u00e1m a pokoj od Toho, ktor\u00fd je, ktor\u00fd bol a ktor\u00fd pr\u00edde, od P\u00e1na Je\u017ei\u0161a Krista! (Zjav. 1, 4-5) Amen J\u00e1n 18, 36 -37&nbsp;\u201cA Je\u017ei\u0161 odpovedal: Moje kr\u00e1\u013eovstvo nie je z tohoto sveta. Keby moje kr\u00e1\u013eovstvo bolo z tohoto sveta, moji slu\u017eobn\u00edci bili by sa za m\u0148a, aby som nebol vydan\u00fd \u017didom. Ale moje &#8230; <a title=\"Po\u010dujme hlas pravdy\" class=\"read-more\" href=\"https:\/\/www.e-anjelik.sk\/index.php\/2016\/11\/29\/pocujme-hlas-pravdy\/\" aria-label=\"Pre\u010d\u00edtajte si viac o Po\u010dujme hlas pravdy\">\u010c\u00edta\u0165 viac<\/a><\/p>\n","protected":false},"author":4,"featured_media":0,"comment_status":"open","ping_status":"open","sticky":false,"template":"","format":"standard","meta":{"footnotes":""},"categories":[121],"tags":[],"class_list":["post-31019","post","type-post","status-publish","format-standard","hentry","category-kazne"],"_links":{"self":[{"href":"https:\/\/www.e-anjelik.sk\/index.php\/wp-json\/wp\/v2\/posts\/31019","targetHints":{"allow":["GET"]}}],"collection":[{"href":"https:\/\/www.e-anjelik.sk\/index.php\/wp-json\/wp\/v2\/posts"}],"about":[{"href":"https:\/\/www.e-anjelik.sk\/index.php\/wp-json\/wp\/v2\/types\/post"}],"author":[{"embeddable":true,"href":"https:\/\/www.e-anjelik.sk\/index.php\/wp-json\/wp\/v2\/users\/4"}],"replies":[{"embeddable":true,"href":"https:\/\/www.e-anjelik.sk\/index.php\/wp-json\/wp\/v2\/comments?post=31019"}],"version-history":[{"count":3,"href":"https:\/\/www.e-anjelik.sk\/index.php\/wp-json\/wp\/v2\/posts\/31019\/revisions"}],"predecessor-version":[{"id":31050,"href":"https:\/\/www.e-anjelik.sk\/index.php\/wp-json\/wp\/v2\/posts\/31019\/revisions\/31050"}],"wp:attachment":[{"href":"https:\/\/www.e-anjelik.sk\/index.php\/wp-json\/wp\/v2\/media?parent=31019"}],"wp:term":[{"taxonomy":"category","embeddable":true,"href":"https:\/\/www.e-anjelik.sk\/index.php\/wp-json\/wp\/v2\/categories?post=31019"},{"taxonomy":"post_tag","embeddable":true,"href":"https:\/\/www.e-anjelik.sk\/index.php\/wp-json\/wp\/v2\/tags?post=31019"}],"curies":[{"name":"wp","href":"https:\/\/api.w.org\/{rel}","templated":true}]}}