{"id":31087,"date":"2016-12-20T20:41:38","date_gmt":"2016-12-20T19:41:38","guid":{"rendered":"http:\/\/e-anjelik.sk\/?p=31087"},"modified":"2022-12-11T16:07:14","modified_gmt":"2022-12-11T15:07:14","slug":"aktualne-adventne-vyzvy","status":"publish","type":"post","link":"https:\/\/www.e-anjelik.sk\/index.php\/2016\/12\/20\/aktualne-adventne-vyzvy\/","title":{"rendered":"Aktu\u00e1lne adventn\u00e9 v\u00fdzvy"},"content":{"rendered":"<p><b>&nbsp; &nbsp; &nbsp; &nbsp; &nbsp; &nbsp; &nbsp; &nbsp; &nbsp; &nbsp; &nbsp; &nbsp; &nbsp; &nbsp; &nbsp; &nbsp; &nbsp; &nbsp; &nbsp; &nbsp; &nbsp; &nbsp; &nbsp; &nbsp; &nbsp; &nbsp; &nbsp; &nbsp; &nbsp; &nbsp; &nbsp; &nbsp; &nbsp;Aktu\u00e1lne adventn\u00e9 v\u00fdzvy<\/b><\/p>\n<p><b>F 4, 4-7:<\/b><\/p>\n<p><i>\u201cRadujte sa v P\u00e1nu v\u017edycky! Opakujem: radujte sa! (5) Va\u0161a dobrotivos\u0165 nech je zn\u00e1ma v\u0161etk\u00fdm \u013eu\u010fom. P\u00e1n bl\u00edzko! (6) O ni\u010d nebu\u010fte ustarosten\u00ed, ale vo v\u0161etkom s v\u010fakou predkladajte Bohu svoje \u017eiadosti vo v\u0161etk\u00fdch svojich modlitb\u00e1ch a prosb\u00e1ch. (7) A pokoj Bo\u017e\u00ed, ktor\u00fd prevy\u0161uje ka\u017ed\u00fd rozum, bude h\u00e1ji\u0165 va\u0161e srdcia a va\u0161e mysle v Kristu Je\u017ei\u0161i\u201d. Amen<\/i><\/p>\n<p><b>&nbsp;&nbsp; <\/b>Bohumil\u00ed kres\u0165ania, bratia a sestry v Kristu P\u00e1nu!<\/p>\n<p>U uplynulom t\u00fd\u017edni ma zaujala na facebooku fotografia jedn\u00e9ho n\u00e1\u0161ho evanjelick\u00e9ho far\u00e1ra v olt\u00e1ri. Jednalo sa dokonca o p\u00e1na seniora. Nejak\u00fd recesista mu k \u00fastam prima\u013eoval slov\u00e1, akoby vyd\u00e1val pokyny, \u010di rozkazy typu: <i>\u201cSadnite si! Postavte sa! Spievajte!\u201d\u2026 <\/i>Niektor\u00fdch \u013eud\u00ed to pohor\u0161ilo.<\/p>\n<p>Mo\u017eno mal autor tejto mont\u00e1\u017ee nutkanie vyjadri\u0165 svoj pocit, \u017ee \u017eivot v cirkvi mu pripom\u00edna spolo\u010denstvo, v ktorom jeden \u010dlovek vyd\u00e1va pokyny a ostatn\u00ed s\u00fa tu na to, aby ich plnili. Mo\u017eno maj\u00fa podobn\u00fd pocit aj viacer\u00ed n\u00e1v\u0161tevn\u00edci slu\u017eieb Bo\u017e\u00edch. K bohoslu\u017eobn\u00e9mu poriadku by sme mohli e\u0161te prida\u0165 v\u00fdzvy p\u00f4stne, volaj\u00face v\u0161etk\u00fdch k pok\u00e1niu, ale mo\u017eno aj dne\u0161n\u00fa adventn\u00fa v\u00fdzvu apo\u0161tola Pavla, ktor\u00fd hovor\u00ed: <i>\u201dRadujte sa v P\u00e1nu v\u017edycky! Opakujem: Radujte sa\u201d!&nbsp; <\/i>Sme v cirkvi ako vojaci, ktor\u00ed plnia iba povely a rozkazy a a\u017e potom, po ich splnen\u00ed m\u00f4\u017eu kl\u00e1s\u0165 ot\u00e1zky?<\/p>\n<p>Kl\u00e1dli si tak\u00e9to, \u010di podobn\u00e9 ot\u00e1zky aj filipsk\u00ed kres\u0165ania, ke\u010f si \u010d\u00edtali list Pavlov?&nbsp; Mali pocit, \u017ee \u017eij\u00fa a konaj\u00fa akoby \u201cna povel\u201d, alebo na pokyn \u010dloveka, ktor\u00fd by chcel riadi\u0165 ich \u017eivot?<\/p>\n<p>Mysl\u00edm, \u017ee v\u00e4\u010d\u0161ina kres\u0165anov nielen vo Filipis ale aj inde tak\u00fd pocit nemala. Patrili toti\u017e k t\u00fdm, ktor\u00ed si uvedomovali dar Bo\u017eej milosti, ktor\u00fd prijali, ke\u010f uverili v evanjelium Je\u017ei\u0161a Krista. (F 1, 6-8) Iste rozozn\u00e1vali to, \u010do je hlavn\u00e9 a prioritn\u00e9 v ich \u017eivote, toti\u017e dar milosti v pr\u00edchode a diele Je\u017ei\u0161a Krista. On sa <i>\u201c vzdal hodnosti, toti\u017e svojej rovnosti s Bohom, vzal na seba podobu slu\u017eobn\u00edka, podobn\u00fd sa stal \u013eu\u010fom a ke\u010f sa zjavil ako \u010dlovek, pon\u00ed\u017eil sa a bol poslu\u0161n\u00fd do smrti\u201d\u2026 (F1, 6-8) <\/i>K tomuto z\u00e1kladn\u00e9mu poznaniu pristupovalo aj vedomie, \u017ee Je\u017ei\u0161 Kristus op\u00e4\u0165 pr\u00edde ako P\u00e1n a vtedy \u201c<i>pok\u013eakne pred N\u00edm ka\u017ed\u00e9 koleno.\u201d ( F 1,10-11).&nbsp;<\/i><\/p>\n<p><i>&nbsp;&nbsp; &nbsp; Ak teda apo\u0161tol Pavol hovor\u00ed: \u201cRadujte sa!\u201d, ak privol\u00e1va: \u201c Va\u0161a dobrotivos\u0165 nech je zn\u00e1ma v\u0161etk\u00fdm \u013eu\u010fom \u201c a \u201cnebu\u010fte o ni\u010d ustarosten\u00ed\u201d, <\/i>vypl\u00fdva to v\u0161etko z viery, \u017ee my sme boli skrze Krista najprv obdarovan\u00ed. Potom tie\u017e z vedomia, \u017ee P\u00e1n Je\u017ei\u0161&nbsp; je bl\u00edzko!<\/p>\n<p>Cirkev Kristova ohlasuje t\u00fato pravdu nie preto, \u017ee sa pribl\u00ed\u017eili Vianoce, ale preto, \u017ee s\u00e1m Kristus P\u00e1n&nbsp; je n\u00e1m bl\u00edzky. Je n\u00e1m trvalo naklonen\u00fd a <i>\u201cnie je \u010faleko on nikoho z n\u00e1s, lebo n\u00edm \u017eijeme, h\u00fdbeme sa a trv\u00e1me\u201d. (Sk 17, 28 ) <\/i>Kres\u0165anom do R\u00edma Pavel nap\u00edsal:<i>\u201d&nbsp; Bl\u00edzko teba je slovo, v tvojich \u00fastach a v tvojom srdci a to je slovo viery, ktor\u00e9 k\u00e1\u017eeme\u201d. (R 10,8)<\/i><\/p>\n<p><i>Bratia a sestry!<\/i><\/p>\n<p><i>&nbsp;<\/i>&nbsp; &nbsp;Vedomie o tom, \u017ee sme Kristom P\u00e1nom vyk\u00fapen\u00ed, \u017ee Mu patr\u00edme a stali sme sa dedi\u010dmi \u017eivota ve\u010dn\u00e9ho, viedli a ved\u00fa kres\u0165anov v ka\u017edej dobe k nov\u00e9mu \u017eivotu. Viera a d\u00f4vera v Krista ako P\u00e1na n\u00e1s vedie k tomu, aby sme boli pripraven\u00ed \u017ei\u0165 tak, ako to On od n\u00e1s o\u010dak\u00e1va. Ako veriaci chceme vedome a prirodzene nasledova\u0165 Jeho \u0161\u013eapaje.<\/p>\n<p>Viera v Kristov pr\u00edchod a v dielo, ktor\u00e9 vykonal, s\u00fa z\u00e1kladn\u00e9 kamene na\u0161ej radosti. A to aj vtedy, ke\u010f sa pre mnoh\u00e9 veci nakr\u00e1tko aj rm\u00fatime. Ke\u010f sme sk\u00fa\u0161an\u00ed vo viere, alebo ke\u010f nesieme nejak\u00fd kr\u00ed\u017e. Vedomie: P\u00e1n je bl\u00edzko &#8211; n\u00e1m d\u00e1va odvahu nies\u0165 kr\u00ed\u017e, tak ako ho niesol On. Nejde teda o pr\u00edkaz. Poh\u013ead na Krista, ktor\u00fd si <i>\u201custlal v jasliach<\/i>\u201d n\u00e1s povzbudzuje k trpezlivosti a k n\u00e1deji, \u017ee On na\u0161e bolesti a \u017ealosti obr\u00e1ti skoro na pln\u00fa rados\u0165.<\/p>\n<p>Rados\u0165 kres\u0165anov nie je povrchnu rados\u0165ou, zalo\u017eenou na na\u0161om \u00fasil\u00ed, alebo diele, ale na Jeho diele. Preto nielen apo\u0161tol Pavel, ale aj my&nbsp; sami pre seba m\u00f4\u017eeme vztiahn\u00fa\u0165 konzekvencie a d\u00f4sledky z Kristovho panstva a pov\u00fd\u0161enia: Je n\u00e1m bl\u00edzky! Preto sa radujeme tichou, vn\u00fatornou rados\u0165ou srdca a du\u0161e.<\/p>\n<p>Bratia a sestry v P\u00e1nu!<\/p>\n<p>P\u00e1n Je\u017ei\u0161 n\u00e1s vedie nielen k trvalej radosti, ale n\u00e1s zbavuje aj <b>ka\u017edej ustarostenosti.<\/b> Niekedy je \u010dlovek ustarosten\u00fd vtedy, ke\u010f mysl\u00ed na pre\u017e\u00edvanie \u017eivota v dostatku telesn\u00fdch darov a najm\u00e4 na zabezpe\u010denie d\u00f4stojn\u00e9ho \u017eivota aj v nemoci, alebo vo vysokej starobe.<\/p>\n<p>Ovoc\u00edm kres\u0165anskej viery je iste aj dobro\u010dinnos\u0165, solidarita s bl\u00ed\u017enymi a pripravenos\u0165 k obetavosti a k slu\u017ebe l\u00e1sky &#8211; diakonii, alebo k charitat\u00edvnej \u010dinnosti. Je prirodzen\u00e9, \u017ee t\u00e1to dobrotivos\u0165, obetavos\u0165 a slu\u017eba l\u00e1sky sa deje a dokazuje najm\u00e4 k najbli\u017e\u0161\u00edm a k dom\u00e1cim viery. Ve\u010f ak sa napr\u00edklad dospel\u00e9 deti odv\u010fa\u010duj\u00fa rodi\u010dom v starobe&nbsp; n\u00e1ro\u010dnou slu\u017ebou pomoci, starostlivosti a obetavosti a nenech\u00e1vaj\u00fa t\u00fato slu\u017ebu na in\u00fdch: na \u0161t\u00e1t, na obec, alebo spolo\u010denstvo cirkvi, pom\u00e1haj\u00fa tak v\u0161etk\u00fdm. Tieto spolo\u010denstv\u00e1 potom m\u00f4\u017eu efekt\u00edvne kona\u0165 tam, kde s\u00fa tak\u00ed, ktor\u00ed bl\u00edzkych nemaj\u00fa. Tam potom m\u00e1 nast\u00fapi\u0165 slu\u017eba kres\u0165ansk\u00e9ho spolo\u010denstva.<\/p>\n<p>Darom kres\u0165anstva je iste aj to, ak m\u00e1me vytvoren\u00fd soci\u00e1lny syst\u00e9m \u0161t\u00e1tny, spolo\u010dn\u00fd, alebo r\u00f4zne obecn\u00e9 zriadenia, ktor\u00e9 disponuj\u00fa v\u00e4\u010d\u0161\u00edmi finan\u010dn\u00fdmi mo\u017enos\u0165ami ako samotn\u00e1 cirkev, \u017eij\u00faca zv\u00e4\u010d\u0161a z men\u0161\u00edch milodarov.<\/p>\n<p>Iste je starou a dlhodobo kres\u0165anskou zves\u0165ou podporovan\u00e1 ka\u017ed\u00e1 dobro\u010dinnos\u0165 a dobrotivos\u0165. T\u00e1to m\u00e1 \u0161irok\u00fd z\u00e1ber a vzostup pr\u00e1ve s pr\u00edchodom viano\u010dn\u00fdch sviatkov. Dobrotivos\u0165, obdarovanie, ale aj odkladanie zbyto\u010dnej ustarostenosti je prejavom a dokladom pravej viery.<\/p>\n<p>To samozrejme neznamen\u00e1, \u017ee sa cirkev nem\u00e1 stara\u0165 o to, ako sa v nej \u201c\u0161af\u00e1ri\u201d. \u010ci sa v cirkvi skuto\u010dne deje v\u0161etko \u201cslu\u0161ne v poriadku pred P\u00e1nom i \u013eu\u010fmi&#8220;. Niektor\u00ed to nechc\u00fa pochopi\u0165 a ke\u010f sa n\u00e1jde niekto, kto pouk\u00e1\u017ee na nedostatky, ur\u00e1\u017eaj\u00fa sa a ch\u00e1pu kontrolu ako osobn\u00fd \u00fatok na seba. Neby\u0165 ustarosten\u00ed o zajtraj\u0161\u00ed de\u0148 neznamen\u00e1 ani to, aby sa kres\u0165ania nezauj\u00edmali o to, ako sa \u0161af\u00e1ri aj v \u0161t\u00e1te. Ide o na\u0161e spolo\u010dn\u00e9 hodnoty a nemo\u017eno tu kona\u0165 a mera\u0165 \u201c od buka do buka\u201d, ale zodpovedne a verne.<\/p>\n<p>D\u00f4vera v P\u00e1na Boha ako Otca v\u0161etk\u00fdch sa m\u00e1 prejavi\u0165 aj v zv\u00fd\u0161en\u00fdch modlitb\u00e1ch a prosb\u00e1ch za na\u0161e rodiny, ale aj za v\u0161etk\u00fdch n\u00fadznych. Za dotknut\u00fdch nepokojmi, vojnami, alebo inou \u013eudskou zlobou. Slovo apo\u0161tola Pavla:<i> \u201d O ni\u010d nebu\u010fte ustarosten\u00ed\u201d <\/i>teda neznamen\u00e1, aby sme sa o ni\u010d nestarali a nezauj\u00edmali, ale aby sme nezab\u00fadali na Bo\u017eiu dobrotu a milos\u0165. Ustarostenos\u0165 je len zbyto\u010dn\u00fd, chorobn\u00fd strach a prejav nevery, \u017ee P\u00e1n Boh je \u017eiv\u00fdm, konaj\u00facim a pr\u00edtomn\u00fdm Bohom.<\/p>\n<p>A ak sa niekde na zemi \u201czoskupuj\u00fa zemsk\u00ed kr\u00e1li a knie\u017eat\u00e1 sa spolu radia proti Hospodinovi a Jeho Pomazan\u00e9mu\u201d, ak konaj\u00fa proti Jeho sv\u00e4tej v\u00f4li, On s\u00e1m spretrh\u00e1va ich okovy a put\u00e1 a &#8211; ako \u017ealmista hovor\u00ed: <i>\u201dP\u00e1n sa im vysmieva\u201d! (\u017d 2)<\/i><\/p>\n<p><i>&nbsp; &nbsp; &nbsp;<\/i><i>&nbsp;<\/i>Bratia&nbsp; a sestry v P\u00e1novi!<\/p>\n<p>Vedomie bl\u00edzkosti Bo\u017eej a vedomie o druhom pr\u00edchode Krista P\u00e1na k s\u00fadu, nie je d\u00f4vodom k strachu, k ustarostenosti, ale ani k duchovnej letargii. T\u00fdm menej k nezodpovedn\u00e9mu a nel\u00e1skav\u00e9mu konaniu. Pr\u00e1ve naopak!<\/p>\n<p>Preto n\u00e1m zneje aj na vrchole adventnej doby slovo o trvalej radosti a o ponuke <i>\u201cpokoja, ktor\u00fd prevy\u0161uje ka\u017ed\u00fd rozum\u201d. <\/i>Prijatie Bo\u017eej milosti a Kristovho diela skrze vieru znamen\u00e1 pr\u00edchod mnoh\u00fdch hodn\u00f4t k n\u00e1m, do na\u0161ich \u017eivotov. Umo\u017e\u0148uje pr\u00edchod pokoja do na\u0161ich s\u0155dc i mysl\u00ed v Kristu Je\u017ei\u0161i. Nech dar radosti a pokoja obohat\u00ed a napln\u00ed v\u0161etk\u00fdch v\u00e1s dnes, i po\u010das sviatkov Kristovho narodenia. Amen<\/p>\n<p>4. adventn\u00e1 nede\u013ea&nbsp; &nbsp; &#8211; &nbsp; &nbsp; &nbsp; &nbsp; Prietr\u017e 2016 &nbsp; &nbsp; &#8211; &nbsp; &nbsp; \u013dubom\u00edr Batka st.<\/p>\n","protected":false},"excerpt":{"rendered":"<p>&nbsp; &nbsp; &nbsp; &nbsp; &nbsp; &nbsp; &nbsp; &nbsp; &nbsp; &nbsp; &nbsp; &nbsp; &nbsp; &nbsp; &nbsp; &nbsp; &nbsp; &nbsp; &nbsp; &nbsp; &nbsp; &nbsp; &nbsp; &nbsp; &nbsp; &nbsp; &nbsp; &nbsp; &nbsp; &nbsp; &nbsp; &nbsp; &nbsp;Aktu\u00e1lne adventn\u00e9 v\u00fdzvy F 4, 4-7: \u201cRadujte sa v P\u00e1nu v\u017edycky! Opakujem: radujte sa! (5) Va\u0161a dobrotivos\u0165 nech je zn\u00e1ma v\u0161etk\u00fdm \u013eu\u010fom. P\u00e1n &#8230; <a title=\"Aktu\u00e1lne adventn\u00e9 v\u00fdzvy\" class=\"read-more\" href=\"https:\/\/www.e-anjelik.sk\/index.php\/2016\/12\/20\/aktualne-adventne-vyzvy\/\" aria-label=\"Pre\u010d\u00edtajte si viac o Aktu\u00e1lne adventn\u00e9 v\u00fdzvy\">\u010c\u00edta\u0165 viac<\/a><\/p>\n","protected":false},"author":4,"featured_media":0,"comment_status":"open","ping_status":"open","sticky":false,"template":"","format":"standard","meta":{"footnotes":""},"categories":[583,179,121,152],"tags":[],"class_list":["post-31087","post","type-post","status-publish","format-standard","hentry","category-4-adventna-nedela","category-advent","category-kazne","category-prietrz"],"_links":{"self":[{"href":"https:\/\/www.e-anjelik.sk\/index.php\/wp-json\/wp\/v2\/posts\/31087","targetHints":{"allow":["GET"]}}],"collection":[{"href":"https:\/\/www.e-anjelik.sk\/index.php\/wp-json\/wp\/v2\/posts"}],"about":[{"href":"https:\/\/www.e-anjelik.sk\/index.php\/wp-json\/wp\/v2\/types\/post"}],"author":[{"embeddable":true,"href":"https:\/\/www.e-anjelik.sk\/index.php\/wp-json\/wp\/v2\/users\/4"}],"replies":[{"embeddable":true,"href":"https:\/\/www.e-anjelik.sk\/index.php\/wp-json\/wp\/v2\/comments?post=31087"}],"version-history":[{"count":4,"href":"https:\/\/www.e-anjelik.sk\/index.php\/wp-json\/wp\/v2\/posts\/31087\/revisions"}],"predecessor-version":[{"id":35842,"href":"https:\/\/www.e-anjelik.sk\/index.php\/wp-json\/wp\/v2\/posts\/31087\/revisions\/35842"}],"wp:attachment":[{"href":"https:\/\/www.e-anjelik.sk\/index.php\/wp-json\/wp\/v2\/media?parent=31087"}],"wp:term":[{"taxonomy":"category","embeddable":true,"href":"https:\/\/www.e-anjelik.sk\/index.php\/wp-json\/wp\/v2\/categories?post=31087"},{"taxonomy":"post_tag","embeddable":true,"href":"https:\/\/www.e-anjelik.sk\/index.php\/wp-json\/wp\/v2\/tags?post=31087"}],"curies":[{"name":"wp","href":"https:\/\/api.w.org\/{rel}","templated":true}]}}