{"id":31089,"date":"2016-12-20T21:12:11","date_gmt":"2016-12-20T20:12:11","guid":{"rendered":"http:\/\/e-anjelik.sk\/?p=31089"},"modified":"2016-12-25T02:41:21","modified_gmt":"2016-12-25T01:41:21","slug":"advent-pozvanim-vecnosti","status":"publish","type":"post","link":"https:\/\/www.e-anjelik.sk\/index.php\/2016\/12\/20\/advent-pozvanim-vecnosti\/","title":{"rendered":"Advent s pozvan\u00edm k ve\u010dnosti"},"content":{"rendered":"<p><b>Zjav 21, 5-7:&nbsp;<\/b><i>\u201cTen, ktor\u00fd sedel na tr\u00f3ne, povedal: Ajh\u013ea, nov\u00e9 \u010din\u00edm v\u0161etko!&nbsp;<\/i><\/p>\n<p><i>A povedal e\u0161te: Nap\u00ed\u0161, \u017ee tieto slov\u00e1 s\u00fa vern\u00e9 a prav\u00e9.&nbsp;<\/i><\/p>\n<p><i>A dolo\u017eil: Stalo sa! Ja som Alfa i Omega, Po\u010diatok i koniec.<\/i><\/p>\n<p><i>Ja \u017e\u00edzniv\u00e9mu zdarma d\u00e1m z prame\u0148a vody \u017eivota.&nbsp;<\/i><\/p>\n<p><i>Kto zv\u00ed\u0165az\u00ed, obdr\u017e\u00ed toto: Budem mu Bohom a on mi bude synom\u201d. Amen<\/i><\/p>\n<p>Sm\u00fato\u010dn\u00e9 pohrebn\u00e9 zhroma\u017edenie, skorm\u00faten\u00e1 rodina, bratia a sestry v Kristu, P\u00e1novi!<\/p>\n<p>Adventn\u00fd \u010das, ktor\u00fd pre\u017e\u00edvame je \u010dasom pr\u00edprav na Vianoce. Slovo <i>\u201cadvent\u201d<\/i> znamen\u00e1: <i>pr\u00edchod.<\/i> Ako kres\u0165ania mysl\u00edme nielen na pr\u00edchod samotn\u00fdch viano\u010dn\u00fdch sviatkov, ale najm\u00e4 na pr\u00edchod Toho, ktor\u00fd je ich jedine\u010dn\u00fdm obsahom, ich Darcom a s\u00fa\u010dasne Darom pre n\u00e1s. Je to Je\u017ei\u0161 Kristus, ktor\u00fd pri\u0161iel v plnosti \u010dasu medzi \u013eud\u00ed tohoto sveta. On vst\u00fapil v pravom \u010dase do na\u0161ej \u010dasnosti a pominute\u013enosti. V advente preto oslavujeme Je\u017ei\u0161ov pr\u00edchod<b> <\/b>na svet a v\u0161etko, \u010do mu predch\u00e1dzalo, najm\u00e4 Jeho po\u010datie z moci Ducha Sv\u00e4t\u00e9ho, jeho sl\u00e1vne vtelenie a potom narodenie z panny M\u00e1rie.<\/p>\n<p>Advent m\u00e1 v\u0161ak <b>aj in\u00fd rozmer <\/b>ako je Jeho prv\u00fd pr\u00edchod v \u013eudskom tele. Je toti\u017e s\u00fa\u010dasne aj Jeho trval\u00fdm <i>pr\u00edchodom a prich\u00e1dzan\u00edm k n\u00e1m v Jeho Slove a vo sviatostiach.<\/i> Ale <b>okrem toho <\/b>deje sa Kristov pr\u00edchod v Jeho nemennom a mocnom slove aj vtedy, ke\u010f n\u00e1m zazneje ako<b> zavolanie k n\u00e1vratu<\/b> z tejto \u010dasnosti do ve\u010dnosti. Ke\u010f pr\u00edde a zazneje ako osobn\u00e9 pozvanie k n\u00e1vratu \u010dloveka <i>\u201cdo n\u00e1ru\u010de Bo\u017eej, odkia\u013e sme vy\u0161li\u201d. <\/i>Ke\u010f povie:<i> \u201cPo\u010fte, vr\u00e1\u0165te sa \u013eudsk\u00ed synovia a dc\u00e9ry\u201d!<\/i><\/p>\n<p><i>&nbsp; &nbsp; <\/i>Niekedy je Kristovo pozvanie k n\u00e1vratu o\u010dak\u00e1van\u00e9. S\u00fa medzi nami \u013eudia nas\u00fdten\u00ed vekom a neraz aj dlh\u00fdm utrpen\u00edm. Neraz si oni sami \u017eelaj\u00fa tento n\u00e1vrat a osobne o\u010dak\u00e1vaj\u00fa pr\u00edchod \u017eiv\u00e9ho P\u00e1na v Jeho moci, ktor\u00e1 sa dokazuje aj ako Jeho panstvo nad \u017eivotom a smr\u0165ou \u010dloveka.<\/p>\n<p>Niekedy n\u00e1s v\u0161ak pr\u00edchod P\u00e1na prekvap\u00ed. Jeho slovo a zavolanie prich\u00e1dza ne\u010dakane a men\u00ed na\u0161e pl\u00e1ny a z\u00e1mery. Vieme s\u00edce, \u017ee na\u0161ou \u00falohou, popri mno\u017estve in\u00fdch \u00faloh ktor\u00e9 m\u00e1me, je aj tak\u00e1 \u00faloha, aby sme boli \u013eu\u010fmi, ktor\u00ed pam\u00e4taj\u00fa na P\u00e1nov pr\u00edchod. Ktor\u00ed bdej\u00fa, ako tie m\u00fadre dru\u017ei\u010dky z podobenstva, ktor\u00e9 \u010dakali na pr\u00edchod nebesk\u00e9ho \u017den\u00edcha.<\/p>\n<p>Apo\u0161tol Pavel n\u00e1m d\u00e1va pr\u00edklad, ako o\u010dak\u00e1va\u0165 na tento sp\u00f4sob pr\u00edchodu Je\u017ei\u0161a Krista, ke\u010f vyznal: <i>\u201dT\u00fa\u017eim u\u017e umrie\u0165 a by\u0165 s Kristom a to by bolo iste omnoho lep\u0161ie\u2026\u201d<\/i> Na inom mieste hovor\u00ed: <i>\u201cLebo nem\u00e1me tu trval\u00e9ho miesta, ale ono bud\u00face h\u013ead\u00e1me\u201d! &nbsp;<\/i><\/p>\n<p><i>&nbsp;<\/i><i>V\u00e1\u017een\u00e1 sm\u00fatiaca rodinka!<\/i><\/p>\n<p><i>&nbsp;&nbsp; <\/i>Aj tak\u00fato podobu m\u00f4\u017ee ma\u0165 advent. Tak sa to stalo aj vo va\u0161ej rodine, vo Va\u0161om man\u017eelstve a vo Va\u0161om rodinnom spolo\u010denstve, ke\u010f P\u00e1n n\u00e1hle odvolal z tejto \u010dasnosti do ve\u010dnosti va\u0161u man\u017eelku, mamku, star\u00fa mamu, ale aj dc\u00e9ru a pr\u00edbuzn\u00fa, na\u0161u spolusestru vo viere: V. H. Nepochybne, je to smutn\u00e1 a bo\u013eav\u00e1 chv\u00ed\u013ea s ktorou sa mus\u00edte vyrovna\u0165, a v\u00e1\u017ena sk\u00fa\u0161ka V\u00e1\u0161ho \u017eivota.<\/p>\n<p>Preto pri dne\u0161nej poslednej rozl\u00fa\u010dke s \u0148ou h\u013ead\u00e1me pomoc a svetielko n\u00e1deje v tejto tme \u017eivota. Usmernen\u00edm n\u00e1m m\u00f4\u017ee by\u0165 poh\u013ead na adventn\u00fd veniec so \u0161tyrmi adventn\u00fdmi svie\u010dkami. Tieto <b>\u0161tyri sviece&nbsp; <\/b>s\u00fa symbolom: pokoja, viery, n\u00e1deje a l\u00e1sky. To s\u00fa hodnoty, ktor\u00e9 iste aj my v\u0161etci h\u013ead\u00e1me a potrebujeme. Zvl\u00e1\u0161\u0165 v takejto chv\u00edli je ich upozornenie na zdroj pokoja, viery a n\u00e1deje d\u00f4le\u017eit\u00e9 a vz\u00e1cne.<\/p>\n<p>Bratia a sestry v Kristu P\u00e1nu!<\/p>\n<p>V dne\u0161nom biblickom slove sa n\u00e1m predstavuje a prihov\u00e1ra Je\u017ei\u0161 Kristus, ako P\u00e1n p\u00e1nov a Kr\u00e1\u013e kr\u00e1\u013eov. On oslovil apo\u0161tola J\u00e1na na ostrove Patmos, v jeho \u0165a\u017ekej a bez\u00fate\u0161nej chv\u00edli. Oslovil aj t\u00fdch, ktor\u00ed J\u00e1nov\u00fdm vyhnanstvom boli prestra\u0161en\u00ed a zastra\u0161en\u00ed a c\u00edtili sa opusten\u00ed a bezradn\u00ed. Boli to najm\u00e4 vtedaj\u0161ie cirkevn\u00e9 zbory v Malej \u00c1zii.<\/p>\n<p>K J\u00e1novi prehovoril Je\u017ei\u0161 ako Ten, ktor\u00fd sed\u00ed na tom najvy\u0161\u0161om tr\u00f3ne. Toti\u017e na tr\u00f3ne nebeskom, ktor\u00fd sa nepohne a neskl\u00e1ti, na rozdiel od tr\u00f3nov mocn\u00fdch tohoto sveta. Lebo aj t\u00ed, ktor\u00ed si mysleli \u017ee rozhoduj\u00fa o \u017eivote apo\u0161tola a cirkvi, s\u00fa rovnako pominute\u013en\u00ed ako v\u0161etci ostat\u00ed smrte\u013en\u00edci. Je\u017ei\u0161 sa aj n\u00e1m prihov\u00e1ra ako V\u00ed\u0165az nad smr\u0165ou, peklom i Poku\u0161ite\u013eom a hovor\u00ed: <i>\u201cJa som Alfa i Omega!<\/i> <i>Ja som Po\u010diatok i koniec\u201d<\/i>. Kristus hovor\u00ed ako ten, ktor\u00e9ho slovom bolo v\u0161etko stvoren\u00e9, i \u010dlovek na tejto zemi. On d\u00e1va \u017eivot v\u0161etk\u00e9mu a On je ten, ktor\u00fd m\u00e1 moc \u017eivot da\u0165 i&nbsp; du\u0161u \u010dloveka vzia\u0165 sp\u00e4\u0165. My nepatr\u00edme sami sebe, ani \u017eiadnemu in\u00e9mu \u010dloveku, ak len to nechceme v l\u00e1ske sami a slobodne. Ale najm\u00e4 nemus\u00edme trvalo patri\u0165 moci hriechu, alebo moci smrti. Slovo o pokoji a k pokoju srdca ved\u00face n\u00e1m aj dnes zneje predov\u0161etk\u00fdm z posolstva Krista P\u00e1na, ktor\u00fd hovor\u00ed a zas\u013eubuje:<i>\u201d Ajh\u013ea, nov\u00e9 \u010din\u00edm v\u0161etko\u201d.<\/i><\/p>\n<p>&nbsp;<\/p>\n<p>Bratia a sestry, mil\u00ed priatelia!<\/p>\n<p>Ako kres\u0165ania m\u00e1me by\u0165 \u013eu\u010fmi viery a n\u00e1deje a o\u010dak\u00e1va\u0165 naplnenie v\u0161etk\u00fdch Bo\u017e\u00edch zas\u013e\u00faben\u00ed. \u00c1no, aj tohoto slova, v ktorom po\u010dujeme o novom stvorite\u013eskom skutku.<i> \u201cJa nov\u00e9 \u010din\u00edm v\u0161etko!<\/i><\/p>\n<p>My \u010dasto vid\u00edme a vn\u00edmame smr\u0165 ako nezmenite\u013en\u00fd koniec v\u0161etk\u00e9ho. Aj toho, \u010do bolo a je mil\u00e9 a vz\u00e1cne na\u0161im o\u010diam. Dnes tak mo\u017eno vid\u00edte koniec man\u017eelsk\u00e9ho \u017eivota, koniec rodinn\u00e9ho spolo\u010denstva a koniec \u017eivota va\u0161ej drahej, a napokon i koniec \u017eivota ka\u017ed\u00e9ho z n\u00e1s. Slovo o n\u00e1vrate \u010dloveka do zeme, z ktorej je vzat\u00e9 na\u0161e telo je s\u00edce pravdiv\u00e9, ale nie je jedin\u00e9 slovo Stvorite\u013ea a n\u00e1\u0161ho P\u00e1na a Spasite\u013ea. On aj nad prachom a nad na\u0161\u00edm umieran\u00edm a smr\u0165ou v tejto \u010dasnosti hovor\u00ed n\u00e1dejne, l\u00e1skavo a milostivo: <i>\u201cAjh\u013ea, nov\u00e9 \u010din\u00edm v\u0161etko\u201d.<\/i><\/p>\n<p>Ten, ktor\u00fd st\u00e1l na po\u010diatku v\u0161etk\u00e9ho, pri svojom druhom pr\u00edchode&nbsp; zas\u013eubuje stvorenie \u201c<i>novej zeme a nov\u00e9ho neba\u201d<\/i>. To je slovo o n\u00e1deji a pokoji. On chce, aby sme poznali prav\u00fd zmysel a cie\u013e \u017eivota &#8211; napriek \u010dasnej&nbsp; pominute\u013enosti tela. Posledn\u00e9 slovo teda patr\u00ed a bude patri\u0165 Tomu, ktor\u00fd<i> \u201cnov\u00e9 \u010din\u00e9 v\u0161etko\u201d. <\/i>Preto sa aj dnes smieme l\u00fa\u010di\u0165 v takejto viere. Slovo, ktor\u00e9 V\u00e1s, i n\u00e1s v\u0161ekt\u00fdch chce naplni\u0165 pokojom, ut\u00ed\u0161en\u00edm, ale aj pravou vierou a n\u00e1dejou je slovo Je\u017ei\u0161ovo, ktor\u00e9mu je Otcom nebesk\u00fdm <i>\u201cdan\u00e1 v\u0161etka moc, na nebi i na zemi\u201d. <\/i>On s\u00e1m je Pokojom, lebo je Alfou i Omegou, Po\u010diatkom i koncom v\u0161etk\u00e9ho.<\/p>\n<p>Bratia a sestry v Kristu P\u00e1nu, v\u00e1\u017een\u00e1 sm\u00fatiaca rodina!<\/p>\n<p>Ka\u017ed\u00fd z n\u00e1s t\u00fa\u017ei po \u017eivote. Tak sme boli stvoren\u00ed a usp\u00f4soben\u00ed, ako aj n\u00e1\u0161 b\u00e1snik Hviezdoslav hovor\u00ed:<i> \u201c\u017di\u0165 chceme, \u017ei\u0165, Bo\u017ee \u017eiv\u00fd\u201d.&nbsp;<\/i>P\u00e1n Je\u017ei\u0161 vie o tejto na\u0161ej t\u00fa\u017ebe. On sa stal \u010dlovekom aj preto, aby n\u00e1m dobre rozumel. Aj On bol ten, ktor\u00fd pri\u0161iel i odch\u00e1dzal na Bo\u017e\u00ed pr\u00edkaz. Aj On pre\u0161iel cestu \u017eivota, utrpenia i umierania. Pil\u00e1tovi Je\u017ei\u0161 pripom\u00ednal: <i>\u201cNemal by si moci nado mnou, keby ti nebolo dan\u00e9 zhora\u201d<\/i>. Na kr\u00ed\u017ei povedal: <i>\u201c\u017d\u00edznim\u201d<\/i>, a potom aj slovo:<i> \u201cDokonan\u00e9 je!<\/i>\u201d Ale ke\u010f Mu dali k \u00fastam namo\u010den\u00fa hubku s vodou, nechcel pi\u0165. Je\u017ei\u0161 toti\u017e t\u00fa\u017eil a \u017e\u00edznil po \u017eivote &#8211; nie po ut\u00ed\u0161en\u00ed telesn\u00e9ho sm\u00e4du! Chcel pi\u0165 predov\u0161etk\u00fdm z Toho nebesk\u00e9ho prame\u0148a \u017eivota, ktor\u00fd opustil, ke\u010f sa stal \u010dlovekm. Av\u0161ak pri\u0161iel, aby c\u00edtil s nami a rozumel na\u0161im slz\u00e1m a n\u00e1\u0161mu srdcu ako prav\u00fd \u010dlovek. Napokon zaznelo aj Jeho slovo o viere a n\u00e1deji \u201d Ot\u010de, do Tvojich r\u00fak por\u00fa\u010dam svojho ducha\u201d, aby sme aj my \u017eili a dokon\u00e1vali ako On. T\u00e1to Jeho viera a n\u00e1dej nebola sklaman\u00e1.<\/p>\n<p>Preto Je\u017ei\u0161, ktor\u00e9mu Otec v\u0161etko dal do r\u00fak, chce poveda\u0165 dnes v\u00e1m i n\u00e1m v\u0161etk\u00fdm: <i>\u201cJa \u017e\u00edzniv\u00e9mu zdarma d\u00e1m z prame\u0148a vody \u017eivota\u201d!&nbsp;<\/i>To nie je slovo rozpr\u00e1vky. To je slovo a s\u013eub Toho, ktor\u00fd bol, je a zost\u00e1va nielen \u010dlovekom, ale aj prav\u00fdm Bohom, Po\u010diatkom i koncom v\u0161etk\u00e9ho.&nbsp;L\u00e1skou a mocou, ktor\u00fa m\u00e1 a ktorou je naplnen\u00fd, chce aj n\u00e1s pozva\u0165 k Bo\u017eiemu detinstvu.<\/p>\n<p>Urobil tak u\u017e po na\u0161om naroden\u00ed v dare Krstnej zmluvy. U\u017e vtedy sp\u00f4sobil a uistil n\u00e1s o tom, \u017ee sme sa skrze Jeho Krst stali Bo\u017e\u00edmi de\u0165mi, synmi a dc\u00e9rami nebesk\u00e9ho Otca a boli tak vyk\u00fapen\u00ed pre nebo a \u017eivot ve\u010dn\u00fd. K detinstvu n\u00e1s poz\u00fdva aj vtedy, ke\u010f po\u010d\u00favame a pr\u00edj\u00edmame Jeho z\u00e1kon i evanjelim. Rob\u00ed n\u00e1s \u00fa\u010dastn\u00edkmi nebesk\u00e9ho stola aj vtedy, ke\u010f n\u00e1s host\u00ed darom svojho tela a krvi vo svoje Sv\u00e4tej Ve\u010deri.<\/p>\n<p>Napokon aj pri tom poslednom osloven\u00ed a zavolan\u00ed n\u00e1s priv\u00e1dza k Otcovi ako svojich s\u00farodencov, ktor\u00fdm d\u00e1va podiel na svojom \u017eivote, na svoje moci i sl\u00e1ve! Preto oznamuje: <i>\u201cKto zv\u00ed\u0165az\u00ed, obdr\u017e\u00ed toto: Budem mu Bohom a on mi bude synom\u201d. <\/i>Chce, aby sme aj my v\u0161etci boli v\u00ed\u0165azmi, tak ako sa On stal V\u00ed\u0165azom nad smr\u0165ou. U\u017e dnes n\u00e1m chce pom\u00f4c\u0165, aby sme zv\u00ed\u0165azili nad svojimi pochybnos\u0165ami, nad neverou sveta i nad zvodmi diabla.<\/p>\n<p>Preto aj pr\u00edchod P\u00e1na \u017eivota v smrti, v tom poslednom zavolan\u00ed a pozvan\u00ed sa net\u00fdka iba na\u0161ej zve\u010dnelej spolusestry, ale n\u00e1s v\u0161etk\u00fdch: pozostalej rodiny i n\u00e1s ostatn\u00fdch. Je pozvan\u00edm nie k ni\u010dote a z\u00e1niku, ale k \u017eivotu, ktor\u00fd n\u00e1m Je\u017ei\u0161 pripravil svojou obetou a vzkriesen\u00edm. Preto aj dne\u0161n\u00e1 rozl\u00fa\u010dka nie je bez n\u00e1deje. Napriek va\u0161ej bolesti a z\u00e1rmutku, mil\u00e1 pozostal\u00e1 rodina a na\u0161ej spolo\u010dnej \u00fa\u010dasti na va\u0161om b\u00f4li, je tento z\u00e1rmutok pre\u017eiaren\u00fd svetielkami \u0161tyroch adventn\u00fdch svie\u010dok, symbolizuj\u00facich: pokoj, vieru, n\u00e1dej i l\u00e1sku.<\/p>\n<p>Zverte svoju drah\u00fa, ktor\u00fa ste milovali ako svoju man\u017eelku, mami\u010dku, star\u00fa mamu, a dc\u00e9ru Tomu, ktor\u00fd je na\u0161\u00edm miluj\u00facim Otcom, skrze P\u00e1na Krista, ktor\u00fd je na\u0161\u00edm jedin\u00fdm Vykupite\u013eom. Jeho pr\u00edchod<b> <\/b>a pozvanie z \u010dasnosti do ve\u010dnosti je nielen pretrhnut\u00edm va\u0161ich vz\u00e1cnych rodinn\u00fdch zv\u00e4zkov, ale je s\u00fa\u010dasne aj pozvan\u00edm do ve\u010dn\u00e9ho spolo\u010denstva s Kristom. Pozvan\u00edm k Jeho stolu nebesk\u00e9mu, k radosti a \u017eivotu ve\u010dn\u00e9mu s T\u00fdm, ktor\u00fd je: <i>Po\u010diatok i koniec<\/i> v\u0161etk\u00fdch vec\u00ed.<\/p>\n<p>Vy, ktor\u00ed najviac sm\u00fatite v tomto predviano\u010dnom \u010dase, pr\u00edjmite radu a v\u00fdzvu apo\u0161tola Petra v\u0161etk\u00fdm \u017ealostiacim: <i>\u201cPokorte sa pod mocn\u00fa ruku Bo\u017eiu, aby v\u00e1s \u010dasom pov\u00fd\u0161il\u201d. ( 1 Pt 5,6) <\/i>Zotrvajme spolo\u010dne vo vyznan\u00ed, ako ho vyspieval n\u00e1\u0161 n\u00e1bo\u017en\u00fd pevec:<\/p>\n<p><i>&nbsp;&nbsp; &nbsp; &nbsp; <\/i><b><i>Viem ja<\/i><\/b><i>, \u017ee v nebi je miesto kr\u00e1sne,&nbsp;<\/i><\/p>\n<p><i>&nbsp;&nbsp; &nbsp; &nbsp; kde sa skvie Kristus, nad slnko jasn\u00e9;<\/i><\/p>\n<p><i>&nbsp;&nbsp; &nbsp; &nbsp; l\u00e1ska a n\u00e1dej, pravda a viera \/ do toho neba dvere otv\u00e1ra.<\/i><\/p>\n<p><i>&nbsp;&nbsp; &nbsp; &nbsp; A ke\u010f so svetom sa rozl\u00fa\u010dime, v nebi n\u00e1s \u010dak\u00e1 miesto, ver\u00edme!<\/i><\/p>\n<p><i>&nbsp;&nbsp; &nbsp; &nbsp; Volajme k P\u00e1nu vo svojej viere: Pr\u00ed\u010f, Pane, otvor n\u00e1m nebies dvere!&nbsp; Amen&nbsp; &nbsp; &nbsp; &nbsp; &nbsp; &nbsp; &nbsp; &nbsp; &nbsp; &nbsp; &nbsp; &nbsp; &nbsp; &nbsp; &nbsp; &nbsp; &nbsp; &nbsp; &nbsp; &nbsp; &nbsp; &nbsp; &nbsp; &nbsp; &nbsp; &nbsp; &nbsp; &nbsp; &nbsp; <\/i><\/p>\n<p><i>&nbsp; &nbsp; &nbsp; (Ev.Fun. 86, 1a 5)<\/i><\/p>\n<p><i>Pohreb V.H. v Prietr\u017ei&nbsp; &nbsp; &nbsp; &nbsp; &#8211;&nbsp; Advent 2016&nbsp; &nbsp; &nbsp; &#8211; \u013dubom\u00edr Batka st.<\/i><\/p>\n","protected":false},"excerpt":{"rendered":"<p>Zjav 21, 5-7:&nbsp;\u201cTen, ktor\u00fd sedel na tr\u00f3ne, povedal: Ajh\u013ea, nov\u00e9 \u010din\u00edm v\u0161etko!&nbsp; A povedal e\u0161te: Nap\u00ed\u0161, \u017ee tieto slov\u00e1 s\u00fa vern\u00e9 a prav\u00e9.&nbsp; A dolo\u017eil: Stalo sa! Ja som Alfa i Omega, Po\u010diatok i koniec. Ja \u017e\u00edzniv\u00e9mu zdarma d\u00e1m z prame\u0148a vody \u017eivota.&nbsp; Kto zv\u00ed\u0165az\u00ed, obdr\u017e\u00ed toto: Budem mu Bohom a on mi bude synom\u201d. &#8230; <a title=\"Advent s pozvan\u00edm k ve\u010dnosti\" class=\"read-more\" href=\"https:\/\/www.e-anjelik.sk\/index.php\/2016\/12\/20\/advent-pozvanim-vecnosti\/\" aria-label=\"Pre\u010d\u00edtajte si viac o Advent s pozvan\u00edm k ve\u010dnosti\">\u010c\u00edta\u0165 viac<\/a><\/p>\n","protected":false},"author":4,"featured_media":0,"comment_status":"open","ping_status":"open","sticky":false,"template":"","format":"standard","meta":{"footnotes":""},"categories":[371,152],"tags":[],"class_list":["post-31089","post","type-post","status-publish","format-standard","hentry","category-pohreby","category-prietrz"],"_links":{"self":[{"href":"https:\/\/www.e-anjelik.sk\/index.php\/wp-json\/wp\/v2\/posts\/31089","targetHints":{"allow":["GET"]}}],"collection":[{"href":"https:\/\/www.e-anjelik.sk\/index.php\/wp-json\/wp\/v2\/posts"}],"about":[{"href":"https:\/\/www.e-anjelik.sk\/index.php\/wp-json\/wp\/v2\/types\/post"}],"author":[{"embeddable":true,"href":"https:\/\/www.e-anjelik.sk\/index.php\/wp-json\/wp\/v2\/users\/4"}],"replies":[{"embeddable":true,"href":"https:\/\/www.e-anjelik.sk\/index.php\/wp-json\/wp\/v2\/comments?post=31089"}],"version-history":[{"count":3,"href":"https:\/\/www.e-anjelik.sk\/index.php\/wp-json\/wp\/v2\/posts\/31089\/revisions"}],"predecessor-version":[{"id":31103,"href":"https:\/\/www.e-anjelik.sk\/index.php\/wp-json\/wp\/v2\/posts\/31089\/revisions\/31103"}],"wp:attachment":[{"href":"https:\/\/www.e-anjelik.sk\/index.php\/wp-json\/wp\/v2\/media?parent=31089"}],"wp:term":[{"taxonomy":"category","embeddable":true,"href":"https:\/\/www.e-anjelik.sk\/index.php\/wp-json\/wp\/v2\/categories?post=31089"},{"taxonomy":"post_tag","embeddable":true,"href":"https:\/\/www.e-anjelik.sk\/index.php\/wp-json\/wp\/v2\/tags?post=31089"}],"curies":[{"name":"wp","href":"https:\/\/api.w.org\/{rel}","templated":true}]}}