{"id":3109,"date":"2010-10-25T10:22:09","date_gmt":"2010-10-25T10:22:09","guid":{"rendered":"http:\/\/e-anjelik.sk\/?p=3109"},"modified":"2010-10-25T10:22:09","modified_gmt":"2010-10-25T10:22:09","slug":"vytvorili-reformovanu-rozhlasovu-radu-karpatskeho-obluka","status":"publish","type":"post","link":"https:\/\/www.e-anjelik.sk\/index.php\/2010\/10\/25\/vytvorili-reformovanu-rozhlasovu-radu-karpatskeho-obluka\/","title":{"rendered":"Vytvorili Reformovan\u00fa rozhlasov\u00fa radu Karpatsk\u00e9ho obl\u00faka"},"content":{"rendered":"<p>V ma\u010farskom stredisku M&aacute;lyi M&eacute;cses vytvorili deleg&aacute;ti reformovan&yacute;ch di&scaron;triktov z Karpatsk&eacute;ho obl&uacute;ka , reformovan&yacute;ch rozhlasov a z&aacute;stupcov Emission tak&eacute; teleso, ktor&eacute;ho &uacute;lohou bude vypracovanie spolo\u010dnej misijnej strat&eacute;gie rozhlasu pre Karpatsk&yacute; obl&uacute;k. Na porade sa z&uacute;\u010dastnili deleg&aacute;ti di&scaron;triktov ref. cirkvi z Ma\u010farska, Podkarpatska, Slovenska, Sedmohradska a piatich reformovan&yacute;ch&nbsp;rozhlasov.<\/p>\n<p>(<a href=\"http:\/\/www.reformata.sk\">www.reformata.sk<\/a>)<\/p>\n","protected":false},"excerpt":{"rendered":"<p>V ma\u010farskom stredisku M&aacute;lyi M&eacute;cses vytvorili deleg&aacute;ti reformovan&yacute;ch di&scaron;triktov z Karpatsk&eacute;ho obl&uacute;ka , reformovan&yacute;ch rozhlasov a z&aacute;stupcov Emission tak&eacute; teleso, ktor&eacute;ho &uacute;lohou bude vypracovanie spolo\u010dnej misijnej strat&eacute;gie rozhlasu pre Karpatsk&yacute; obl&uacute;k. Na porade sa z&uacute;\u010dastnili deleg&aacute;ti di&scaron;triktov ref. cirkvi z Ma\u010farska, Podkarpatska, Slovenska, Sedmohradska a piatich reformovan&yacute;ch&nbsp;rozhlasov. (www.reformata.sk)<\/p>\n","protected":false},"author":22,"featured_media":0,"comment_status":"open","ping_status":"open","sticky":false,"template":"","format":"standard","meta":{"footnotes":""},"categories":[2,9,10],"tags":[],"class_list":["post-3109","post","type-post","status-publish","format-standard","hentry","category-ekumena","category-europa","category-zo-sveta"],"_links":{"self":[{"href":"https:\/\/www.e-anjelik.sk\/index.php\/wp-json\/wp\/v2\/posts\/3109","targetHints":{"allow":["GET"]}}],"collection":[{"href":"https:\/\/www.e-anjelik.sk\/index.php\/wp-json\/wp\/v2\/posts"}],"about":[{"href":"https:\/\/www.e-anjelik.sk\/index.php\/wp-json\/wp\/v2\/types\/post"}],"author":[{"embeddable":true,"href":"https:\/\/www.e-anjelik.sk\/index.php\/wp-json\/wp\/v2\/users\/22"}],"replies":[{"embeddable":true,"href":"https:\/\/www.e-anjelik.sk\/index.php\/wp-json\/wp\/v2\/comments?post=3109"}],"version-history":[{"count":0,"href":"https:\/\/www.e-anjelik.sk\/index.php\/wp-json\/wp\/v2\/posts\/3109\/revisions"}],"wp:attachment":[{"href":"https:\/\/www.e-anjelik.sk\/index.php\/wp-json\/wp\/v2\/media?parent=3109"}],"wp:term":[{"taxonomy":"category","embeddable":true,"href":"https:\/\/www.e-anjelik.sk\/index.php\/wp-json\/wp\/v2\/categories?post=3109"},{"taxonomy":"post_tag","embeddable":true,"href":"https:\/\/www.e-anjelik.sk\/index.php\/wp-json\/wp\/v2\/tags?post=3109"}],"curies":[{"name":"wp","href":"https:\/\/api.w.org\/{rel}","templated":true}]}}