{"id":31093,"date":"2016-12-20T21:50:12","date_gmt":"2016-12-20T20:50:12","guid":{"rendered":"http:\/\/e-anjelik.sk\/?p=31093"},"modified":"2016-12-22T10:05:07","modified_gmt":"2016-12-22T09:05:07","slug":"zomrel-brat-farar-mgr-branislav-koleny","status":"publish","type":"post","link":"https:\/\/www.e-anjelik.sk\/index.php\/2016\/12\/20\/zomrel-brat-farar-mgr-branislav-koleny\/","title":{"rendered":"Zomrel brat far\u00e1r v.v. Mgr. Branislav Kol\u00e9ny"},"content":{"rendered":"<p>Pozostal\u00e1 zarm\u00faten\u00e1, ale do v\u00f4le Bo\u017eej oddan\u00e1 rodina oznamuje evanjelickej verejnosti, \u017ee v sobotu 17.decembra 2016<\/p>\n<p>zomrel brat far\u00e1r Mgr.Branislav Kol\u00e9ny vo veku 86 rokov.<\/p>\n<p>Pohrebn\u00e1 rozl\u00fa\u010dka s n\u00edm bude 21.decembra v Ev.a.v.kostole v \u010castkove o 13.00.hod.<\/p>\n<p>&nbsp;<\/p>\n<p>&#8222;Boh je moja skala, moja sp\u00e1sa, m\u00f4j hrad, neskl\u00e1tim sa&#8220;. \u017dalm 65,7<\/p>\n","protected":false},"excerpt":{"rendered":"<p>Pozostal\u00e1 zarm\u00faten\u00e1, ale do v\u00f4le Bo\u017eej oddan\u00e1 rodina oznamuje evanjelickej verejnosti, \u017ee v sobotu 17.decembra 2016 zomrel brat far\u00e1r Mgr.Branislav Kol\u00e9ny vo veku 86 rokov. Pohrebn\u00e1 rozl\u00fa\u010dka s n\u00edm bude 21.decembra v Ev.a.v.kostole v \u010castkove o 13.00.hod. &nbsp; &#8222;Boh je moja skala, moja sp\u00e1sa, m\u00f4j hrad, neskl\u00e1tim sa&#8220;. \u017dalm 65,7<\/p>\n","protected":false},"author":4,"featured_media":0,"comment_status":"open","ping_status":"open","sticky":false,"template":"","format":"standard","meta":{"footnotes":""},"categories":[173,6,371],"tags":[],"class_list":["post-31093","post","type-post","status-publish","format-standard","hentry","category-castkov","category-myjavsky-seniorat","category-pohreby"],"_links":{"self":[{"href":"https:\/\/www.e-anjelik.sk\/index.php\/wp-json\/wp\/v2\/posts\/31093","targetHints":{"allow":["GET"]}}],"collection":[{"href":"https:\/\/www.e-anjelik.sk\/index.php\/wp-json\/wp\/v2\/posts"}],"about":[{"href":"https:\/\/www.e-anjelik.sk\/index.php\/wp-json\/wp\/v2\/types\/post"}],"author":[{"embeddable":true,"href":"https:\/\/www.e-anjelik.sk\/index.php\/wp-json\/wp\/v2\/users\/4"}],"replies":[{"embeddable":true,"href":"https:\/\/www.e-anjelik.sk\/index.php\/wp-json\/wp\/v2\/comments?post=31093"}],"version-history":[{"count":1,"href":"https:\/\/www.e-anjelik.sk\/index.php\/wp-json\/wp\/v2\/posts\/31093\/revisions"}],"predecessor-version":[{"id":31094,"href":"https:\/\/www.e-anjelik.sk\/index.php\/wp-json\/wp\/v2\/posts\/31093\/revisions\/31094"}],"wp:attachment":[{"href":"https:\/\/www.e-anjelik.sk\/index.php\/wp-json\/wp\/v2\/media?parent=31093"}],"wp:term":[{"taxonomy":"category","embeddable":true,"href":"https:\/\/www.e-anjelik.sk\/index.php\/wp-json\/wp\/v2\/categories?post=31093"},{"taxonomy":"post_tag","embeddable":true,"href":"https:\/\/www.e-anjelik.sk\/index.php\/wp-json\/wp\/v2\/tags?post=31093"}],"curies":[{"name":"wp","href":"https:\/\/api.w.org\/{rel}","templated":true}]}}