{"id":3111,"date":"2010-10-26T09:21:43","date_gmt":"2010-10-26T09:21:43","guid":{"rendered":"http:\/\/e-anjelik.sk\/?p=3111"},"modified":"2010-10-26T09:21:43","modified_gmt":"2010-10-26T09:21:43","slug":"konferencia-etiopskej-mladeze","status":"publish","type":"post","link":"https:\/\/www.e-anjelik.sk\/index.php\/2010\/10\/26\/konferencia-etiopskej-mladeze\/","title":{"rendered":"Konferencia eti\u00f3pskej ml\u00e1de\u017ee"},"content":{"rendered":"<p>7.a\u017e 9. okt. t.r. sa konalo ve\u013ek&eacute; stretnutie evanjelickej&nbsp;ml&aacute;de\u017ee Eti&oacute;pie z 20 n&aacute;rodov a n&aacute;rodnost&iacute; v meste Arbanminch. Na nede\u013en&yacute;ch bohoslu\u017eb&aacute;ch ich bolo vy&scaron;e 500. Konferenciu zorganizoval far&aacute;r pre pr&aacute;cu s ml&aacute;de\u017eou Juho-Z&aacute;padnej synody (diec&eacute;zy) EECMY &#8211; Eti&oacute;pskej evanjelickej cirkvi Mekane Yesus Angama Angassa. Ka\u017ed&yacute; zbor z diec&eacute;zy vyslal po dvoch deleg&aacute;tov, pri&scaron;li aj in&iacute; z&aacute;ujemcovia, napr. a\u017e zo 400 km vzdialen&eacute;ho kraja Omo pri ke\u0148skej hranici. Ml&aacute;de\u017e bola spojen&aacute; evanjeliom Je\u017ei&scaron;a Krista a Sv. Ducha spievala a modlila sa . Far&aacute;r Thorsten Schuerhoff z Herrmanburgskej misie viedol biblick&eacute; &scaron;t&uacute;dium k duchov&eacute;mu rastu. Mision&aacute;r z Eti&oacute;pskej medzin&aacute;rodnej misijnej spolo\u010dnosti Gashahun Nemosa povzbudzoval mlad&yacute;ch, aby sa stali so\u013eou a svetlom pre svet, aby hrali akt&iacute;vnu &uacute;lohu pri vytv&aacute;ran&iacute; kres\u0165anskej spolo\u010dnosti a pr&aacute;ce pre lep&scaron;iu bud&uacute;cnos\u0165. Motivoval &uacute;\u010dastn&iacute;kov, aby &scaron;&iacute;rili evanjelium aj mimo hran&iacute;c Eti&oacute;pie.On s&aacute;m so svojou rodinou \u010doskoro p&ocirc;jde misijne sl&uacute;\u017ei\u0165 do Mali. Mlad&iacute; si mohli k&uacute;pi\u0165 duchovn&uacute; literat&uacute;ru, a tak sa vyzbroji\u0165 do slu\u017eby. Zaviazali sa, \u017ee v prospech Misijnej spolo\u010dnosti odpracuj&uacute; ka\u017ed&uacute; posledn&uacute; septembrov&uacute; sobotu.&nbsp;<\/p>\n<p>\/www.eecmy.org)&nbsp;<\/p>\n","protected":false},"excerpt":{"rendered":"<p>7.a\u017e 9. okt. t.r. sa konalo ve\u013ek&eacute; stretnutie evanjelickej&nbsp;ml&aacute;de\u017ee Eti&oacute;pie z 20 n&aacute;rodov a n&aacute;rodnost&iacute; v meste Arbanminch. Na nede\u013en&yacute;ch bohoslu\u017eb&aacute;ch ich bolo vy&scaron;e 500. Konferenciu zorganizoval far&aacute;r pre pr&aacute;cu s ml&aacute;de\u017eou Juho-Z&aacute;padnej synody (diec&eacute;zy) EECMY &#8211; Eti&oacute;pskej evanjelickej cirkvi Mekane Yesus Angama Angassa. Ka\u017ed&yacute; zbor z diec&eacute;zy vyslal po dvoch deleg&aacute;tov, pri&scaron;li aj in&iacute; &#8230; <a title=\"Konferencia eti\u00f3pskej ml\u00e1de\u017ee\" class=\"read-more\" href=\"https:\/\/www.e-anjelik.sk\/index.php\/2010\/10\/26\/konferencia-etiopskej-mladeze\/\" aria-label=\"Pre\u010d\u00edtajte si viac o Konferencia eti\u00f3pskej ml\u00e1de\u017ee\">\u010c\u00edta\u0165 viac<\/a><\/p>\n","protected":false},"author":22,"featured_media":0,"comment_status":"open","ping_status":"open","sticky":false,"template":"","format":"standard","meta":{"footnotes":""},"categories":[50,10],"tags":[187],"class_list":["post-3111","post","type-post","status-publish","format-standard","hentry","category-afrika","category-zo-sveta","tag-mladez-3"],"_links":{"self":[{"href":"https:\/\/www.e-anjelik.sk\/index.php\/wp-json\/wp\/v2\/posts\/3111","targetHints":{"allow":["GET"]}}],"collection":[{"href":"https:\/\/www.e-anjelik.sk\/index.php\/wp-json\/wp\/v2\/posts"}],"about":[{"href":"https:\/\/www.e-anjelik.sk\/index.php\/wp-json\/wp\/v2\/types\/post"}],"author":[{"embeddable":true,"href":"https:\/\/www.e-anjelik.sk\/index.php\/wp-json\/wp\/v2\/users\/22"}],"replies":[{"embeddable":true,"href":"https:\/\/www.e-anjelik.sk\/index.php\/wp-json\/wp\/v2\/comments?post=3111"}],"version-history":[{"count":0,"href":"https:\/\/www.e-anjelik.sk\/index.php\/wp-json\/wp\/v2\/posts\/3111\/revisions"}],"wp:attachment":[{"href":"https:\/\/www.e-anjelik.sk\/index.php\/wp-json\/wp\/v2\/media?parent=3111"}],"wp:term":[{"taxonomy":"category","embeddable":true,"href":"https:\/\/www.e-anjelik.sk\/index.php\/wp-json\/wp\/v2\/categories?post=3111"},{"taxonomy":"post_tag","embeddable":true,"href":"https:\/\/www.e-anjelik.sk\/index.php\/wp-json\/wp\/v2\/tags?post=3111"}],"curies":[{"name":"wp","href":"https:\/\/api.w.org\/{rel}","templated":true}]}}