{"id":3113,"date":"2010-10-28T09:37:03","date_gmt":"2010-10-28T09:37:03","guid":{"rendered":"http:\/\/e-anjelik.sk\/?p=3113"},"modified":"2010-10-28T09:37:03","modified_gmt":"2010-10-28T09:37:03","slug":"vo-viedni-zasadali-synody-ev-cirkvi-a-a-h-vyznania","status":"publish","type":"post","link":"https:\/\/www.e-anjelik.sk\/index.php\/2010\/10\/28\/vo-viedni-zasadali-synody-ev-cirkvi-a-a-h-vyznania\/","title":{"rendered":"Vo Viedni zasadali synody ev. cirkv\u00ed a. a h. vyznania"},"content":{"rendered":"<p>V nede\u013eu 24. okt. t.r. vo ve\u010dern&yacute;ch hodin&aacute;ch sa za\u010dalo zasadnutie synody oboch vyznan&iacute; spolo\u010dn&yacute;mi slu\u017ebami Bo\u017e&iacute;mi v lut. mestskom chr&aacute;me , na ktor&yacute;ch k&aacute;zal synodn&yacute; senior J. Ruml z \u010ceskobratskej ev. cirkvi v Prahe. Synody potom v pondelok a utorok rokovali osobitne, aby nakoniec v stredu a vo &scaron;tvrtok mali spolo\u010dn&eacute; plen&aacute;rne zasadnutie . Synoda ECAV v Rak&uacute;sku schv&aacute;lila:<\/p>\n<p>* uznesenie o d\u013a\u017eke funkcie superitendentov. Ak sa 12 -ro\u010dn&aacute; z&aacute;konn&aacute; slu\u017eba superitendenta kon\u010d&iacute; pred 61. rokom \u017eivota, t&aacute;to sa pred\u013a\u017ei a\u017e do term&iacute;nu jeho odchodu do starobn&eacute;ho d&ocirc;chodku.<\/p>\n<p>* reforma &uacute;rovne zborov. Synoda oboch vyznan&iacute; schv&aacute;lila reformu cirkevn&yacute;ch zborov. Novela sa t&yacute;ka zn&iacute;\u017eenia po\u010dtu \u010dlenov zborov&yacute;ch z&aacute;stupcov a presbyterov, zjednodu&scaron;enie predpisov o rozpusten&iacute;, vytv&aacute;ran&iacute; \u010di zlu\u010dovan&iacute; zborov.<\/p>\n<p>*smernice o neordinovan&yacute;ch. Schv&aacute;lili smernice o neordinovan&yacute;ch s cie\u013eom posilnenia ich funkci&iacute; v cirkvi ,ako aj vyzdvihnutia \u010destnosti tohto &uacute;radu.<\/p>\n<p>\/www.evang.at)<\/p>\n","protected":false},"excerpt":{"rendered":"<p>V nede\u013eu 24. okt. t.r. vo ve\u010dern&yacute;ch hodin&aacute;ch sa za\u010dalo zasadnutie synody oboch vyznan&iacute; spolo\u010dn&yacute;mi slu\u017ebami Bo\u017e&iacute;mi v lut. mestskom chr&aacute;me , na ktor&yacute;ch k&aacute;zal synodn&yacute; senior J. Ruml z \u010ceskobratskej ev. cirkvi v Prahe. Synody potom v pondelok a utorok rokovali osobitne, aby nakoniec v stredu a vo &scaron;tvrtok mali spolo\u010dn&eacute; plen&aacute;rne zasadnutie . &#8230; <a title=\"Vo Viedni zasadali synody ev. cirkv\u00ed a. a h. vyznania\" class=\"read-more\" href=\"https:\/\/www.e-anjelik.sk\/index.php\/2010\/10\/28\/vo-viedni-zasadali-synody-ev-cirkvi-a-a-h-vyznania\/\" aria-label=\"Pre\u010d\u00edtajte si viac o Vo Viedni zasadali synody ev. cirkv\u00ed a. a h. vyznania\">\u010c\u00edta\u0165 viac<\/a><\/p>\n","protected":false},"author":22,"featured_media":0,"comment_status":"open","ping_status":"open","sticky":false,"template":"","format":"standard","meta":{"footnotes":""},"categories":[9],"tags":[],"class_list":["post-3113","post","type-post","status-publish","format-standard","hentry","category-europa"],"_links":{"self":[{"href":"https:\/\/www.e-anjelik.sk\/index.php\/wp-json\/wp\/v2\/posts\/3113","targetHints":{"allow":["GET"]}}],"collection":[{"href":"https:\/\/www.e-anjelik.sk\/index.php\/wp-json\/wp\/v2\/posts"}],"about":[{"href":"https:\/\/www.e-anjelik.sk\/index.php\/wp-json\/wp\/v2\/types\/post"}],"author":[{"embeddable":true,"href":"https:\/\/www.e-anjelik.sk\/index.php\/wp-json\/wp\/v2\/users\/22"}],"replies":[{"embeddable":true,"href":"https:\/\/www.e-anjelik.sk\/index.php\/wp-json\/wp\/v2\/comments?post=3113"}],"version-history":[{"count":0,"href":"https:\/\/www.e-anjelik.sk\/index.php\/wp-json\/wp\/v2\/posts\/3113\/revisions"}],"wp:attachment":[{"href":"https:\/\/www.e-anjelik.sk\/index.php\/wp-json\/wp\/v2\/media?parent=3113"}],"wp:term":[{"taxonomy":"category","embeddable":true,"href":"https:\/\/www.e-anjelik.sk\/index.php\/wp-json\/wp\/v2\/categories?post=3113"},{"taxonomy":"post_tag","embeddable":true,"href":"https:\/\/www.e-anjelik.sk\/index.php\/wp-json\/wp\/v2\/tags?post=3113"}],"curies":[{"name":"wp","href":"https:\/\/api.w.org\/{rel}","templated":true}]}}