{"id":31132,"date":"2017-01-05T21:05:32","date_gmt":"2017-01-05T20:05:32","guid":{"rendered":"http:\/\/e-anjelik.sk\/?p=31132"},"modified":"2017-01-07T12:17:23","modified_gmt":"2017-01-07T11:17:23","slug":"novy-rok-zivot-viery","status":"publish","type":"post","link":"https:\/\/www.e-anjelik.sk\/index.php\/2017\/01\/05\/novy-rok-zivot-viery\/","title":{"rendered":"Nov\u00fd rok a \u017eivot z viery"},"content":{"rendered":"<p><i>&nbsp; &nbsp; &nbsp; &nbsp; &nbsp; &nbsp; &nbsp; &nbsp; &nbsp; &nbsp; &nbsp; &nbsp; &nbsp; &nbsp; &nbsp; &nbsp; &nbsp; &nbsp; &nbsp;&nbsp;<\/i><b> Nov\u00fd rok, obrezanie Krista P\u00e1na a \u017eivot z viery<\/b><\/p>\n<p><i>S nov\u00fdm r\u00e1nom &#8211; nov\u00fd rok,<\/i><\/p>\n<p><i>Bo\u017ee dobr\u00fd, Bo\u017ee mil\u00fd,&nbsp;<\/i><\/p>\n<p><i>po\u017eehnaj n\u00e1\u0161 ka\u017ed\u00fd krok,<\/i><\/p>\n<p><i>ude\u013e viery, ude\u013e sily,<\/i><\/p>\n<p><i>by sme Teba &#8211; ve\u013ek\u00ed, mal\u00ed &#8211;<\/i><\/p>\n<p><i>uctili a posl\u00fachali,<\/i><\/p>\n<p><i>a tak mali v hojnosti,<\/i><\/p>\n<p><i>to, \u010do k \u017eitiu prin\u00e1le\u017e\u00ed,<\/i><\/p>\n<p><i>z l\u00e1sky Tvojej &#8211; \u0161tedrosti. Amen<\/i><\/p>\n<p><b>Gal 3,23-29:<\/b><\/p>\n<p><i>\u201cPrv v\u0161ak, ako pri\u0161la viera, boli sme zavret\u00ed pod dozorom z\u00e1kona a\u017e do (\u010dasu) viery, ktor\u00e1 sa mala zjavi\u0165. (24) Tak\u017ee z\u00e1kon stal sa n\u00e1m vychov\u00e1vate\u013eom po Krista, aby sme z viery boli ospravedlnen\u00ed. (25) Ale ke\u010f pri\u0161la viera, u\u017e nie sme pod vychov\u00e1vate\u013eom. (26) Lebo vierou ste v\u0161etci synovia Bo\u017e\u00ed v Kristu Je\u017ei\u0161i. (27) Ve\u010f ktor\u00ed ste boli pokrsten\u00ed v Krista, Krista ste si obliekli. (28) Nie je ani \u017did ani Gr\u00e9k, nie je ani otrok ani slobodn\u00fd, nie je ani mu\u017e ani \u017eena, lebo v\u0161etci jedno ste v Kristu Je\u017ei\u0161i. (29) A ak ste Kristvi, ste potomci Abrah\u00e1movi, dedi\u010dia pod\u013ea zas\u013e\u00fabenia\u201d. Amen<\/i><\/p>\n<p><b>&nbsp; &nbsp; &nbsp; &nbsp;<\/b><\/p>\n<p>Sviato\u010dn\u00e9 kres\u0165ansk\u00e9 zhroma\u017edenie, mil\u00ed bratia a sestry v P\u00e1nu!<\/p>\n<p>Dne\u0161n\u00e9 novoro\u010dn\u00e9 r\u00e1no a prv\u00fd de\u0148 roku vn\u00edmame ako nov\u00fd za\u010diatok n\u00e1\u0161ho \u017eivota. Nad star\u00fdm rokom sme vyslovili svoje <i>absolut\u00f3rium<\/i> &#8211; teda pova\u017eujeme ho za uzavret\u00fd. Vzali sme na vedomie v\u0161etky akt\u00edva a pas\u00edva, ku ktor\u00fdm u\u017e ni\u010d nem\u00f4\u017eeme prida\u0165.<\/p>\n<p>Nov\u00fd rok n\u00e1m prin\u00e1\u0161a nov\u00e9 v\u00fdzvy a ciele a mnoh\u00ed od neho o\u010dak\u00e1vaj\u00fa lep\u0161ie dni a t\u00fd\u017edne.&nbsp;K novej \u017eivotnej ceste si navz\u00e1jom \u017eel\u00e1me v\u0161etko najlep\u0161ie. I ja v\u00e1m v\u0161etk\u00fdm prajem \u0161\u0165astliv\u00fd nov\u00fd rok!<\/p>\n<p>Mnoh\u00e9 blaho\u017eelania a \u017eelania vyslovujeme aj my kres\u0165ania, aj ke\u010f nezab\u00fadame, \u017ee len m\u00e1lo z\u00e1vis\u00ed od n\u00e1\u0161ho \u017eelania a priania, ale v\u0161etko z\u00e1vis\u00ed od Bo\u017eieho po\u017eehnania. Preto prich\u00e1dzme aj v dne\u0161n\u00fd de\u0148 do chr\u00e1mu na slu\u017eby Bo\u017eie, aby sme v mene Bo\u017eom vykro\u010dili na nov\u00fa cestu a tak \u017eili i konali pod\u013ea Jeho sv\u00e4tej v\u00f4le.&nbsp;To, za \u010do sme v\u010dera \u010fakovali je dnes predmetom na\u0161ich t\u00fa\u017eob a n\u00e1deje: Milos\u0165 n\u00e1\u0161ho P\u00e1na, l\u00e1ska Bo\u017eia a \u00fa\u010dastenstvo Ducha sv\u00e4t\u00e9ho nech je so v\u0161etk\u00fdmi nami!<\/p>\n<p>V\u010dera sme si v k\u00e1zni pripomenuli, \u017ee z\u00e1vierka ob\u010dianskeho roka nie je cirkevn\u00fdm sviatkom. Dnes, naopak, treba zd\u00f4razni\u0165, \u017ee za\u010diatok nov\u00e9ho roku je s\u00fa\u010dasne aj cirkevn\u00fdm sviatkom. Dnes si zo \u017eivota P\u00e1na Je\u017ei\u0161a Krista pripom\u00edname Jeho obrezanie a predstavenie v chr\u00e1me, ktor\u00e9 bolo vykonan\u00e9 pod\u013ea oby\u010daje z\u00e1kona Moj\u017ei\u0161ovho, ako n\u00e1m o tom sved\u010dilo evanjelium.<\/p>\n<p>Prik\u00e1zan\u00e1 obriezka v SZ znamenala podrobenie sa z\u00e1konu Moj\u017ei\u0161ovmu a tak aj z\u00e1konu Bo\u017eiemu. T\u00e1to skuto\u010dnos\u0165 pripom\u00edna n\u00e1m, \u013eudu NZ, \u017ee P\u00e1n Je\u017ei\u0161, Bo\u017e\u00ed Syn ktor\u00fd pri\u0161iel na svet, vyplnil Bo\u017e\u00ed z\u00e1kon aj za n\u00e1s. Vyplnil nielen t\u00fato jednu po\u017eiadavku z\u00e1kona, ale aj v\u0161etky ostatn\u00e9. V\u0161etky, ktor\u00e9 ani pohania, ale ani \u017didia nedok\u00e1zali ani z\u010faleka splni\u0165. Preto sa cestou z\u00e1konana a jeho plnenia nemohli dosta\u0165 k Bohu a z\u00edska\u0165 Bo\u017eie ospravedlnenie.<\/p>\n<p>Apo\u0161tol Pavel v dne\u0161nom texte o tom hovor\u00ed a sved\u010d\u00ed takto:<\/p>\n<p><i>&nbsp;\u201d Prv v\u0161ak, ako pri\u0161la viera,<\/i><b><i> <\/i><\/b><i>boli sme zavret\u00ed pod dozorom z\u00e1kona, a\u017e do \u010dasu viery, ktor\u00e1 sa mala zjavi\u0165. Tak\u017ee z\u00e1kon stal sa n\u00e1m vychov\u00e1vate\u013eom po Krista, <\/i><b><i>aby sme z viery boli ospravedlnen\u00ed.<\/i><\/b><i> Ale ke\u010f pri\u0161la viera, u\u017e nie sme pod vychov\u00e1vate\u013eom\u201d.<\/i><\/p>\n<p><i>&nbsp; &nbsp;<\/i> Je\u017ei\u0161 pri\u0161iel na svet, aby otvoril nov\u00fa cestu k zmiereniu Boha s hrie\u0161nym \u010dlovekom a svetom. P\u00e1n Je\u017ei\u0161 z\u00e1kon Bo\u017e\u00ed nezru\u0161il, ale naplnil ho aj za n\u00e1s. Jeho pr\u00edchodom sa preto za\u010dala nov\u00e1 doba, doba milosti. Bo\u017eia milos\u0165 je pon\u00faknut\u00e1 ka\u017ed\u00e9mu skrze Krista. Slov\u00e1 apo\u0161tola: <i>\u201dPrv v\u0161ak, ako pri\u0161la viera \u201c<\/i>\u2026znamenaj\u00fa to ist\u00e9, ako keby povedal: <i>Prv v\u0161ak, ako pri\u0161iel Je\u017ei\u0161!&nbsp;<\/i><\/p>\n<p>Hodnota Bo\u017eieho z\u00e1kona bola a je v tom, \u017ee z\u00e1kon Bo\u017e\u00ed je vychov\u00e1vate\u013eom \u010dloveka po Krista a ku Kristu. Spasenie a nov\u00fd, ve\u010dn\u00fd \u017eivot n\u00e1m v\u0161ak z\u00edskal a zabezpe\u010dil On s\u00e1m svojou poslu\u0161nos\u0165ou, svojimi z\u00e1sluhami a svoj\u00edm vyplnen\u00edm z\u00e1kona.&nbsp;Vr\u00e1tane z\u00e1kona a prik\u00e1zania l\u00e1sky k Bohu a k bl\u00ed\u017enemu. Od \u010dasu pr\u00edchodu a dokonan\u00e9ho diela Kristovho u\u017e nie sme pod vychov\u00e1vate\u013eom, ale<i> \u201cvierou sa st\u00e1vame synovia &#8211; a dc\u00e9ry &#8211; Bo\u017eie\u201d.<\/i><\/p>\n<p>Bratia a sestry v P\u00e1nu!<\/p>\n<p>Tak, ako si s v\u010fakou pripom\u00edname znovu a znovu Kristov pr\u00edchod na n\u00e1\u0161 svet, tak si pripom\u00edname aj <b>\u00f4smy de\u0148<\/b> po Jeho naroden\u00ed, ke\u010f P\u00e1n Je\u017ei\u0161 za\u010dal nap\u013a\u0148a\u0165 Bo\u017e\u00ed z\u00e1kon za n\u00e1s a pre n\u00e1s. \u00d4smy de\u0148 je teda sl\u00e1vnym d\u0148om, ktor\u00fdm sa za\u010dal nov\u00fd vek, nov\u00e1 \u00e9ra a nov\u00fd vz\u0165ah medzi nebom a zemou, medzi v\u0161emoh\u00facim Bohom a hrie\u0161nym \u010dlovekom. Boh s\u00e1m, skrze Krista zaplatil na\u0161e \u00fa\u010dty a dlhy l\u00e1sky a vyhl\u00e1sil dobu milosti. Na nesplaten\u00e9 \u00fa\u010dty sveta vyhl\u00e1sil svoje absolut\u00f3rium.<\/p>\n<p>Ak\u00fd z\u00e1ver z toho vyvod\u00edme my, mil\u00ed bratia a sestry?<\/p>\n<p>Apo\u0161tol Pavel a v\u0161etci, ktor\u00ed Krista prijali vierou, si uvedomili, \u017ee sa skrze Neho stali Bo\u017e\u00edmi de\u0165mi. A ke\u010f de\u0165mi, tak aj dedi\u010dmi Bo\u017e\u00edmi a Kristov\u00fdmi. Preto aj my, odpovedaj\u00fac na dne\u0161n\u00fa dobr\u00fa spr\u00e1vu o za\u010diatku novej doby a o mo\u017enosti by\u0165 ospravedlnen\u00ed skze Krista, pr\u00edj\u00edmajme Jeho slu\u017ebu a \u017eime s Kristom P\u00e1nom.<\/p>\n<p>Pripome\u0148me si aj dnes, \u017ee Bo\u017eiu milos\u0165 v Kristovi sme prijali aj my u\u017e vtedy, ke\u010f sme boli v Krista P\u00e1na pokrsten\u00ed. Ke\u010f sme si, ako hovor\u00ed apo\u0161tol Pavel <b>\u201cKrista obliekli\u201d. <\/b>To je to r\u00facho a tie \u0161aty, ktor\u00e9 vid\u00ed na n\u00e1s P\u00e1n Boh. On chce vidie\u0165 toto r\u00facho na n\u00e1s a neh\u013ead\u00ed na na\u0161e vlastn\u00e9 zlyhania. Nepozer\u00e1 na na\u0161e star\u00e9 r\u00facho, na r\u00facho star\u00e9ho Adama, \u010di Evy.<\/p>\n<p>Stvorite\u013e to u\u017e v raji predzna\u010dil svoj\u00edm konan\u00edm, ke\u010f hrie\u0161nikov z rajskej z\u00e1hrady s\u00e1m zaodel do z\u00e1ster, ktor\u00fdmi prikryl ich hriech. Pre v\u0161etk\u00fdch ich potomkov to urobil v dare Krstu sv\u00e4t\u00e9ho. U\u017e nie telesn\u00e1 obriezka, ale Kristov Krst je r\u00fachom spravodlivosti pre n\u00e1s. Nie iba \u017didia, nie iba mu\u017ei, ale v\u0161etci \u013eudia bez rozdielu m\u00f4\u017eu by\u0165 a m\u00f4\u017eu sa sta\u0165 Bo\u017e\u00edmi de\u0165mi.<\/p>\n<p>Kristovo podrobenie sa z\u00e1konu neznamen\u00e1 teda jeho zru\u0161enie, ale naplnenie. K naplnen\u00e9mu z\u00e1konu \u010dlovek u\u017e nem\u00f4\u017ee a ani nemus\u00ed prid\u00e1va\u0165 vlastn\u00e9 z\u00e1sluhy. Je to dostato\u010dn\u00e9 dielo v Bo\u017e\u00edch o\u010diach. Preto plat\u00ed apo\u0161tolsk\u00e9 slovo: <i>\u201cA ak ste Kristovi, ste potomci Abrah\u00e1movi, dedi\u010dia pod\u013ea za\u013e\u00fabenia\u201d.<\/i><\/p>\n<p>To, \u010do dostal pre vieru Abrah\u00e1m, otec viery, dost\u00e1va ka\u017ed\u00fd, kto je Kristov. Nov\u00fa rodinu, nov\u00fa vlas\u0165, nov\u00fa bud\u00facnos\u0165, nov\u00e9 po\u017eehnanie. Ide len o to, \u010di sme Kristovi a \u010di chceme vo viere v Neho \u017ei\u0165. Za\u010d\u00edna\u0165 na\u0161e cesty s N\u00edm a s N\u00edm ich aj dokon\u00e1va\u0165.<\/p>\n<p>&nbsp;<\/p>\n<p>Mil\u00ed bratia a sestry!<\/p>\n<p>By\u0165 v Krista oble\u010den\u00ed, znamen\u00e1 \u017eivot s Kristom. Tak, ako si \u0161portovci s hrdoso\u0165u obliekaj\u00fa dres svojej krajiny ktorej sa c\u00edtia s\u00fa\u010das\u0165ou, tak aj my kres\u0165ania evanjelici nosme s hrdos\u0165ou na\u0161e vlastn\u00e9 dresy, \u017eivot z viery v evanjelium. Na\u0161e v\u00fdsostn\u00e9 znaky a symboly na\u0161ej slobody, d\u00f4stojnosti a hodnosti. Znaky a prejavy \u017eivota, ktor\u00fd bude jasne sved\u010di\u0165, \u017ee sme Kristovi.<\/p>\n<p>S nast\u00e1vaj\u00facim nov\u00fdm rokom vstupujeme do v\u00fdznamn\u00e9ho z\u00e1pasu a behu &#8211; <b>jubilejn\u00e9ho p\u00e4\u0165st\u00e9ho roku Lutherovej reform\u00e1cie. <\/b>Aj jej znakom a vlajkou je Pavlovo poznanie, \u017ee ospravedlnen\u00ed sme z Bo\u017eej milosti, skze Krista, ktor\u00e9ho prij\u00edmame vierou. To je z\u00e1kladn\u00fd znak a symbol reforma\u010dn\u00e9ho odkazu i svedectva evanjelia.<\/p>\n<p>To neznamen\u00e1, \u017ee in\u00e9 roky, pred, \u010di po tomto jubileu s\u00fa menej d\u00f4le\u017eit\u00e9 a v\u00fdznamn\u00e9. Ide v\u0161ak o tom, aby sme nezlyhali vtedy, ak pr\u00edde k mo\u017en\u00e9mu znev\u00e1\u017eeniu na\u0161ej evanjelicko &#8211; kres\u0165anskej viery, n\u00e1\u0161ho dresu s v\u00fdsostn\u00fdmi znakmi, ktor\u00fdmi s\u00fa Bo\u017eia milos\u0165, Kristove z\u00e1sluhy a na\u0161a pln\u00e1 d\u00f4vera v Neho, ako n\u00e1\u0161ho Spasite\u013ea.<\/p>\n<p>Ani vtedy, ke\u010f svet bude pozorne sledova\u0165, ak\u00fd je ten n\u00e1\u0161 \u017eivot, zalo\u017een\u00fd na evanjeliu, na viere v Krista a na radostnej v\u010fake za to, \u010do sme dostali bez na\u0161ich z\u00e1sluh.<\/p>\n<p>Dok\u00e1\u017eme na\u0161e detinstvo Bo\u017eie, pr\u00edslu\u0161nos\u0165 ku Kristu a v\u010fa\u010dnos\u0165 za nebesk\u00e9 dedi\u010dstvo novou poslu\u0161nos\u0165ou a radostn\u00fdm nasledovan\u00edm P\u00e1na aj v tomto novom roku. Amen<\/p>\n<p>Nov\u00fd rok&nbsp; 2017 &#8211;&nbsp; Obrezanie Krista &#8211;&nbsp; Prietr\u017e&nbsp; &#8211;&nbsp; \u013dubom\u00edr Batka st.<\/p>\n","protected":false},"excerpt":{"rendered":"<p>&nbsp; &nbsp; &nbsp; &nbsp; &nbsp; &nbsp; &nbsp; &nbsp; &nbsp; &nbsp; &nbsp; &nbsp; &nbsp; &nbsp; &nbsp; &nbsp; &nbsp; &nbsp; &nbsp;&nbsp; Nov\u00fd rok, obrezanie Krista P\u00e1na a \u017eivot z viery S nov\u00fdm r\u00e1nom &#8211; nov\u00fd rok, Bo\u017ee dobr\u00fd, Bo\u017ee mil\u00fd,&nbsp; po\u017eehnaj n\u00e1\u0161 ka\u017ed\u00fd krok, ude\u013e viery, ude\u013e sily, by sme Teba &#8211; ve\u013ek\u00ed, mal\u00ed &#8211; uctili a &#8230; <a title=\"Nov\u00fd rok a \u017eivot z viery\" class=\"read-more\" href=\"https:\/\/www.e-anjelik.sk\/index.php\/2017\/01\/05\/novy-rok-zivot-viery\/\" aria-label=\"Pre\u010d\u00edtajte si viac o Nov\u00fd rok a \u017eivot z viery\">\u010c\u00edta\u0165 viac<\/a><\/p>\n","protected":false},"author":4,"featured_media":0,"comment_status":"open","ping_status":"open","sticky":false,"template":"","format":"standard","meta":{"footnotes":""},"categories":[121,15,152],"tags":[],"class_list":["post-31132","post","type-post","status-publish","format-standard","hentry","category-kazne","category-novy-rok","category-prietrz"],"_links":{"self":[{"href":"https:\/\/www.e-anjelik.sk\/index.php\/wp-json\/wp\/v2\/posts\/31132","targetHints":{"allow":["GET"]}}],"collection":[{"href":"https:\/\/www.e-anjelik.sk\/index.php\/wp-json\/wp\/v2\/posts"}],"about":[{"href":"https:\/\/www.e-anjelik.sk\/index.php\/wp-json\/wp\/v2\/types\/post"}],"author":[{"embeddable":true,"href":"https:\/\/www.e-anjelik.sk\/index.php\/wp-json\/wp\/v2\/users\/4"}],"replies":[{"embeddable":true,"href":"https:\/\/www.e-anjelik.sk\/index.php\/wp-json\/wp\/v2\/comments?post=31132"}],"version-history":[{"count":2,"href":"https:\/\/www.e-anjelik.sk\/index.php\/wp-json\/wp\/v2\/posts\/31132\/revisions"}],"predecessor-version":[{"id":31142,"href":"https:\/\/www.e-anjelik.sk\/index.php\/wp-json\/wp\/v2\/posts\/31132\/revisions\/31142"}],"wp:attachment":[{"href":"https:\/\/www.e-anjelik.sk\/index.php\/wp-json\/wp\/v2\/media?parent=31132"}],"wp:term":[{"taxonomy":"category","embeddable":true,"href":"https:\/\/www.e-anjelik.sk\/index.php\/wp-json\/wp\/v2\/categories?post=31132"},{"taxonomy":"post_tag","embeddable":true,"href":"https:\/\/www.e-anjelik.sk\/index.php\/wp-json\/wp\/v2\/tags?post=31132"}],"curies":[{"name":"wp","href":"https:\/\/api.w.org\/{rel}","templated":true}]}}