{"id":31135,"date":"2017-01-05T21:33:06","date_gmt":"2017-01-05T20:33:06","guid":{"rendered":"http:\/\/e-anjelik.sk\/?p=31135"},"modified":"2022-04-25T13:38:49","modified_gmt":"2022-04-25T11:38:49","slug":"povstan-zaskvej-sa","status":"publish","type":"post","link":"https:\/\/www.e-anjelik.sk\/index.php\/2017\/01\/05\/povstan-zaskvej-sa\/","title":{"rendered":"Povsta\u0148 a zaskvej sa!"},"content":{"rendered":"<p>Na cest\u00e1ch m\u00f4jho \u017eivota,<\/p>\n<p>si svetlo moje jasn\u00e9.<\/p>\n<p>Si pomoc, vz\u00e1cna \u00fatecha,<\/p>\n<p>s Tebou je srdce \u0161\u0165astn\u00e9.<\/p>\n<p>Si Slnko, svetlo \u017eiariv\u00e9,<\/p>\n<p>zdroj viery, \u017eivej n\u00e1deje,<\/p>\n<p>Tvoja l\u00e1ska hreje. Amen<\/p>\n<p><b>\u00a0\u00a0 \u00a0 \u00a0 \u00a0 \u00a0<\/b><\/p>\n<p><b>Iz 60, 1 &#8211; 6:<\/b><\/p>\n<p><i>\u201cPovsta\u0148 a zaskvej sa, preto\u017ee prich\u00e1dza tvoje svetlo a sl\u00e1va Hospodinova vzch\u00e1dza nad tebou. (2) Lebo, h\u013ea, tma kryje zem a temnota n\u00e1rody, ale nad tebou vzch\u00e1dza Hospodin a Jeho sl\u00e1va sa zjavuje nad Tebou. (3) N\u00e1rody pr\u00eddu k tvojmu svetlu a kr\u00e1li k jasu, ktor\u00fd \u017eiari nad tebou. (4) Pozdvihni o\u010di dookola a pozri: v\u0161etci sa zhroma\u017edia a pr\u00eddu k tebe; tvoji synovia pr\u00eddu z\u010faleka a tvoje dc\u00e9ry v n\u00e1ru\u010d\u00ed bud\u00fa nosen\u00e9. (5) Potom uvid\u00ed\u0161 a bude\u0161 \u017eiari\u0165, zadiv\u00ed a rozradost\u00ed sa ti srdce, lebo poklady mora sa k tebe obr\u00e1tia, bohatstvo n\u00e1rodov pr\u00edde k tebe. (6) Mno\u017estvo tiav \u0165a zaplav\u00ed, mlad\u00e9 ve\u013ebl\u00fady z Midjanu a \u00c9fy; v\u0161etci zo S\u00e1by pr\u00eddu, dones\u00fa zlato a kadidlo a hl\u00e1sa\u0165 bud\u00fa chv\u00e1lyhodn\u00e9 skutky Hospodinove\u201d. Amen<\/i><\/p>\n<p>Bratia a sestry v Kristu P\u00e1nu!<\/p>\n<p><i>\u201cKe\u010f dvaja robia to ist\u00e9, nemus\u00ed to by\u0165 to ist\u00e9<\/i>\u201d, hovor\u00ed zn\u00e1my slogan. Obmenou mo\u017eno na \u00favod dne\u0161n\u00e9ho posolstva poveda\u0165: \u201c<i>Ke\u010f dvaja hovoria to ist\u00e9, nemus\u00ed to by\u0165 to ist\u00e9\u201d.<\/i> Ilustr\u00e1ciou toho s\u00fa aj obrazy s t\u00e9mou: \u201cKla\u0148anie sa mudrcov Je\u017ei\u0161ovi\u201d, ktor\u00e9 vystihuj\u00fa podstatu dne\u0161n\u00e9ho sviatku: \u010dlovek na kolen\u00e1ch!<\/p>\n<p>Ke\u010f niekto povie: som na kolen\u00e1ch, m\u00f4\u017ee to by\u0165 obraz nejakej jeho por\u00e1\u017eky, pon\u00ed\u017eenia a chce t\u00fdmito slovami vyjadri\u0165 svoj stav, z ktor\u00e9ho je \u0165a\u017ek\u00e9 povsta\u0165. Ale v\u00fdrok: som na kolen\u00e1ch, m\u00f4\u017ee znamena\u0165 aj nie\u010do in\u00e9. Je to napr\u00edklad obraz modliaceho sa \u010dloveka alebo cirkvi. Vyjadrenie d\u00f4very a n\u00e1deje, ktor\u00fa \u010dlovek nach\u00e1dza v Bohu. Veriaci \u010dlovek je pred P\u00e1nom Bohom s\u00edce ako\u00a0 pokorn\u00fd prosebn\u00edk, ale nie pokoren\u00fd. Je na kolen\u00e1ch preto, lebo vie v koho uveril a kto mu u\u017e neraz v \u017eivote dal radostn\u00fa silu a n\u00e1dej.<\/p>\n<p><b>Sviatok Zjavenia Krista P\u00e1na <\/b>zah\u0155\u0148a v sebe obe spomenut\u00e9 situ\u00e1cie. Je historickou skuto\u010dnos\u0165ou, \u017ee \u013eud SZ bol babylonsk\u00fdm zajat\u00edm zrazen\u00fd na kolen\u00e1, \u017ee stenal pod nadvl\u00e1dou cudzej mocnosti. Ale nebolo to inak ani v \u010dase narodenia Je\u017ei\u0161a Krista, ke\u010f trpel pod nadvl\u00e1dou mocnosti r\u00edmskeho cis\u00e1ra Augusta a navy\u0161e aj pod nadvl\u00e1dou nen\u00e1viden\u00e9ho vazalsk\u00e9ho kr\u00e1\u013ea, Idumejca Herodesa.<\/p>\n<p>Okrem svetsk\u00fdch kr\u00e1\u013eov n\u00e1m v\u0161ak dne\u0161n\u00fd sviatok kladie do\u00a0 pozornosti mudrcov od v\u00fdchodu. \u010casto s\u00fa, hoci \u00faplne nespr\u00e1vne -ozna\u010dovan\u00ed ako kr\u00e1li. T\u00edto mudrci priniesli s\u00edce svoj hold najsk\u00f4r do Jeruzalema, kde sa cheli pokloni\u0165 novonaroden\u00e9mu kr\u00e1\u013eovi. Bo\u017e\u00edm riaden\u00edm v\u0161ak svoj hold, svoju poklonu a dary zlo\u017eili v Betleheme k noh\u00e1m nemluv\u0148a\u0165a Je\u017ei\u0161ka. <i>\u201cPoklonili sa mu a obetovali mu svoje dary \u201c-<\/i>\u00a0 sved\u010d\u00ed evanjelista Mat\u00fa\u0161. (2,11)<\/p>\n<p>T\u00fdchto mu\u017eov vid\u00edme s\u00edce na kolen\u00e1ch, ale v ich postoji nie je vidie\u0165 vazalstvo a strach, ale n\u00e1dej, rados\u0165 a odvahu viery. Rozhoduj\u00face bolo, \u017ee neboli na kolen\u00e1ch pred Herodesom, ale pred Je\u017ei\u0161om Kristom. Pred t\u00fdm, ktor\u00fd sa pre n\u00e1s pon\u00ed\u017eil, aby n\u00e1s pov\u00fd\u0161il. V ich postoji vid\u00edme za\u010diatok naplnenia prorock\u00fdch slov, ako n\u00e1m zaznievaj\u00fa z pre\u010d\u00edtan\u00fdch ver\u0161ov:<i>\u201d N\u00e1rody pr\u00eddu k Tojmu svetlu a kr\u00e1li k jasu, ktor\u00fd \u017eiari nad tebou\u201d. (v. 3)<\/i><\/p>\n<p><i>\u00a0\u00a0 <\/i>Bratia a sestry v Kristu P\u00e1nu!<\/p>\n<p>Dne\u0161n\u00fd sviatok sv\u00e4t\u00edme s\u00edce ako posledn\u00fd viano\u010dn\u00fd sviatok, ale pre cirkev je ve\u013emi d\u00f4le\u017eit\u00fd. Vianoce priniesli ponuku radosti v\u0161etk\u00fdm \u013eu\u010fom. Roz\u017eiarili tv\u00e1r de\u0165om i dospel\u00fdm a udivili svojim posolstvo mnoh\u00fdch. Len\u017ee svet s demont\u00e1\u017eou viano\u010dnej v\u00fdzdoby a viano\u010dn\u00fdch strom\u010dekov na Krista zab\u00fada. Svet Je\u017ei\u0161a ako svojho P\u00e1na neprijal a nek\u013eak\u00e1 pred N\u00edm. Svet ide a p\u00f4jde svojimi star\u00fdmi cestami. Bude d\u00e1va\u0165 na obdiv svoju silu, moc a tvrdos\u0165, fanatizmus a ne\u013eudskos\u0165.<\/p>\n<p>Cirkev P\u00e1nova, ktor\u00e1 sa na Vianoce aspo\u0148 na chv\u00ed\u013eu dostala do m\u00e9di\u00ed a na\u0161la k\u00fasok priestoru hl\u00e1sa\u0165 na verejnosti <i>\u201cdivn\u00e9 skutky Hospodinove\u201d,<\/i> bude op\u00e4\u0165 ter\u010dom obch\u00e1dzania a niekde aj \u00fatokov. Bude zdanlivo \u201cna kolen\u00e1ch\u201d &#8211; zazn\u00e1van\u00e1 a odp\u00edsan\u00e1.<\/p>\n<p>Aby sme tento pocit nemali a nemuseli ma\u0165, zneje n\u00e1m aj dnes v\u00fdzva podobn\u00e1 tej, ktor\u00e1 znela na Vianoce: <i>\u201cPovsta\u0148 a zaskvej sa, preto\u017ee prich\u00e1dza tvoje svetlo a sl\u00e1va Hospodinova vzch\u00e1dza nad tebou. Lebo, h\u013ea, tma kryje zem a temnota n\u00e1rody, ale nad tebou vzch\u00e1dza Hospodin a Jeho sl\u00e1va sa zjavuje nad tebou\u201d.<\/i><\/p>\n<p>Veriaci \u013eud Bo\u017e\u00ed, ktor\u00fd s v\u010fakou, v pokore a na kolen\u00e1ch prijal betlehemsk\u00e9 Die\u0165a, nem\u00e1 ma\u0165 nikdy porazeneck\u00fa n\u00e1ladu. Duchovne povsta\u0165 a zaskvie\u0165 sa rados\u0165ou m\u00e1me nielen vo chv\u00ed\u013each viano\u010dn\u00fdch sviatkov, ktor\u00e9 dovo\u013euj\u00fa veriacim tro\u0161ku zdvihn\u00fa\u0165 hlavu a <i>\u201cnarovna\u0165 chrb\u00e1t\u201d. <\/i>Je to v\u00fdzva k trvalej radosti, ktor\u00e1 pramen\u00ed vo Svetle, ktor\u00e9 pri\u0161lo na svet. Vo Svetle, ktor\u00e9 <i>\u201csvieti v tme a tma ho nepohltila.\u201d (J 1,5)<\/i><\/p>\n<p><i>\u00a0<\/i>\u00a0 Bratia a sestry v Kristu P\u00e1nu!<\/p>\n<p>V\u00fdzva: <i>\u201cPovsta\u0148 a zaskvej sa\u201d!<\/i>\u00a0 bola oznamovan\u00e1 u\u017e \u013eudu SZ, ke\u010f nielen Izrael, ale vlastne cel\u00fd svet bol v tme. V tme duchovnej, n\u00e1bo\u017eenskej, v tme mor\u00e1lnej, v tme mnohej nevedomosti i bezn\u00e1de. Podobnej tmy a temnoty je \u017eia\u013e aj dnes v mnoh\u00fdch n\u00e1rodoch, v mnoh\u00fdch \u010dastiach sveta, ale aj medzi nami, v na\u0161om svete a n\u00e1rode ve\u013ea.<\/p>\n<p>P\u00e1n Boh v\u0161ak t\u00fdm, \u017ee sa v Kristu P\u00e1nu zjavil svetu a d\u00e1va zvestova\u0165 svoje posolstvo evanjelia, pon\u00faka Svetlo n\u00e1deje v\u0161etk\u00fdm n\u00e1rodom. Zjavenie Bo\u017eej milosti v Je\u017ei\u0161ovi je d\u00f4vod k tomu, aby sa \u010dlovek mohol za\u010da\u0165 v srdci usmieva\u0165. Nielen Izraelsk\u00fd \u013eud, ale v\u0161etky n\u00e1rody sa sm\u00fa te\u0161i\u0165 z Toho, ktor\u00fd d\u00e1va svetlo a jas do tmy hriechov, povery, i do tmy smrti.<\/p>\n<p>K na\u0161ej viere patr\u00ed aj d\u00f4vera v s\u013eub, ktor\u00fd ozn\u00e1mil d\u00e1vno pred naroden\u00edm Krista P\u00e1na prorok Izai\u00e1\u0161:<i> \u201cN\u00e1rody pr\u00eddu k tvojmu svetlu a kr\u00e1li k jasu, ktor\u00fd \u017eiari nad tebou\u201d. <\/i>My smieme a m\u00e1me veri\u0165 tejto pravde. Napriek tomu, \u017ee sa neraz zd\u00e1, \u017ee evanjelium zanik\u00e1 v hluku a lomoze sveta a napriek obch\u00e1dzaniu Je\u017ei\u0161a ako svetla\u00a0 sveta. \u00c1no, i napriek s\u00fastreden\u00e9mu \u00fatoku diabla a jeho prisluhova\u010dov, i napriek duchovnej letargii a niekedy aj zlyhania niektor\u00fdch kres\u0165anov, smieme \u017ei\u0165 v n\u00e1deji, \u017ee Bo\u017eia milos\u0165 a moc sp\u00f4sob\u00ed to, \u017ee <i>\u201cv\u0161etci sa zhroma\u017edia\u201d<\/i> a pr\u00eddu k Je\u017ei\u0161ovi ako k Spasite\u013eovi sveta.<\/p>\n<p>Ke\u010f prorok vyslovil tieto slov\u00e1, stav \u013eudu SZ ned\u00e1val \u017eiadny d\u00f4vod k optimizmu. Mnoh\u00ed nevideli d\u00f4vod po\u010d\u00fava\u0165 slov\u00e1 povzbudenia, ktor\u00e9 zneli z prorokov\u00fdch \u00fast:\u00a0<i> \u201cPozdvihni o\u010di dookola a pozri: v\u0161etci sa zhroma\u017edia a pr\u00eddu k tebe; tvoji synovia pr\u00eddu z\u010faleka a tvoje dc\u00e9ry v n\u00e1ru\u010d\u00ed bud\u00fa nosen\u00e9\u201d. <\/i>Stalo sa to v\u0161ak inak, ako si to predstavovali niektor\u00ed v Izraeli. Je\u017ei\u0161 sp\u00e1ja v jednote viery mnoh\u00e9 n\u00e1rody. Fakt je, \u017ee v\u00e4\u010d\u0161ina Izraela st\u00e1le \u010dak\u00e1 svojho vlastn\u00e9ho Mesi\u00e1\u0161a, ke\u010f\u017ee Krista neprijali.<\/p>\n<p>Realitou je dnes aj snaha islamu sta\u0165 sa \u201csvetlom n\u00e1rodov\u201d.\u00a0Islam m\u00e1 na chr\u00e1movej hore v Jeruzaleme svoje dve v\u00fdznamn\u00e9 me\u0161ity, ovl\u00e1da mesto Betlehem a mnoh\u00e9 in\u00e9 miesta v Arabskom svete, v Afrike a dnes u\u017e aj v Eur\u00f3pe. <b>Potomkovia Izmaela,<\/b> syna Abrah\u00e1ma a Hagar, maj\u00fa pocit, \u017ee ke\u010f sa naplnilo posolstvo anjela: <i>\u201cVemi rozmno\u017e\u00edm tvoje potomstvo, tak\u017ee ho pre mno\u017estvo nebude mo\u017en\u00e9 ani spo\u010d\u00edta\u0165\u201d, <\/i>stali sa dedi\u010dmi aj in\u00fdch Bo\u017e\u00edch zas\u013e\u00faben\u00ed.<\/p>\n<p>To vyvol\u00e1va v mysliach \u013eud\u00ed zm\u00e4tok, u niektor\u00fdch strach, u in\u00fdch rezign\u00e1ciu vo viere v Je\u017ei\u0161a ako Svetlo sveta. Preto je d\u00f4le\u017eit\u00e9 pozna\u0165 Bo\u017e\u00ed z\u00e1mer a slovo zas\u013e\u00fabenia aj o Izmaelovi: <i>\u201cBude to \u010dlovek ako div\u00fd osol; jeho ruka bude proti v\u0161etk\u00fdm a ruky v\u0161etk\u00fdch bud\u00fa proti nemu; bude naprotive\u0148 v\u0161etk\u00fdm bratom\u201d. ( 1 M 16, 12)<\/i><\/p>\n<p><i>\u00a0<\/i> \u00a0 Bratia a sestry v Kristu P\u00e1nu!<\/p>\n<p>V tento viano\u010dn\u00fd sviatok sa vraciame v duchu do Betlehema a k slov\u00e1m anjelskej zvesti, ke\u010f sa otvorilo nebo a zaznelo slovo o ve\u013ekej radosti <i>\u201cv\u0161etk\u00e9mu \u013eudu\u201d. <\/i>Pr\u00e1ve pr\u00edchod pohansk\u00fdch mudrcov, reprezentantov nielen svojej vlasnej krajiny, ale aj reprezentantov\u00a0 m\u00fadrych \u013eud\u00ed, vedcov a vedy, ktor\u00e1 sk\u00fama stvorite\u013esk\u00e9 Bo\u017eie dielo vr\u00e1tane nebeskej oblohy otv\u00e1ra cestu evanjelia do sveta.<\/p>\n<p>T\u00ed, ktor\u00fdch viedla &#8222;nov\u00e1 hviezda&#8220;, poklonili sa Je\u017ei\u0161ovi a tak sa vr\u00e1tili do svojich domovov a do svojej vlasti. Je\u017ei\u0161ovi odovzdali i dary, ktor\u00e9 symbolizuj\u00fa Jeho hodnos\u0165, \u00farad a poslanie. Hodnos\u0165 najvy\u0161\u0161ieho k\u0148aza, kr\u00e1\u013ea a proroka. S d\u00f4kladnos\u0165ou \u013eud\u00ed, typickou pre \u013eud\u00ed h\u013abav\u00fdch a sk\u00famaj\u00facich, sp\u00fdtali sa na v\u0161etko, \u010do s\u00faviselo s Je\u017ei\u0161om a Jeho naroden\u00edm. Kr\u00e1\u013e Herodes sa ich pok\u00fasil zaviaza\u0165 k spolupr\u00e1ci, pok\u00fasil sa o z\u00edskanie inform\u00e1ci\u00ed, ktor\u00e9 mu ch\u00fdbali a chcel nasmerova\u0165 ich \u017eivoty k vazalskej z\u00e1vislosti.<\/p>\n<p>Mudrci od v\u00fdchodu v\u0161ak prijali in\u00fa autoritu! Autoritu Bo\u017eieho slova a Bo\u017eieho pokynu. O Je\u017ei\u0161ovi za\u010dali hovori\u0165, ale nie pred t\u00fdm, ktor\u00fd chcel prekazi\u0165 Bo\u017e\u00ed z\u00e1mer. Niesli radostn\u00fa zves\u0165 evanjelia \u013eu\u010fom dobrej v\u00f4le a do svojej domoviny. Cirkev P\u00e1nova v tomto ich po\u010d\u00ednan\u00ed vid\u00ed za\u010diatok svojej misijnej \u010dinnosti vo svete. Z poverenia Bo\u017eieho chce prin\u00e1\u0161a\u0165 rados\u0165 zo sp\u00e1sy skrze Krista v\u0161etk\u00fdm \u013eu\u010fom dobrej v\u00f4le. T\u00e1to misijn\u00e1 \u00faloha je \u00falohou trvalou, ktor\u00e1 skon\u010den\u00edm osl\u00e1v naroden\u00e9ho Krista P\u00e1na nekon\u010d\u00ed, ale pokra\u010duje.<\/p>\n<p>Ide aj dnes o to, aby sme aj my, evanjelick\u00ed kres\u0165ania videli a spoznali v Je\u017ei\u0161ovi Kristovi Kr\u00e1\u013ea kr\u00e1\u013eov, n\u00e1\u0161ho Ve\u013ek\u0148aza nad domom Bo\u017e\u00edm a n\u00e1\u0161ho najvy\u0161\u0161ieho U\u010dite\u013ea a Proroka. Preto Mu ochotne dajme k dispoz\u00edcii na\u0161e \u017eivoty, n\u00e1\u0161 rozum, na\u0161e schopnosti a na\u0161u v\u010faku. V zmysle slov proroka Izai\u00e1\u0161a: <i>\u201c V\u0161etci zo S\u00e1by pr\u00eddu, dones\u00fa zlato a kadidlo a hl\u00e1sa\u0165 bud\u00fa chv\u00e1lyhodn\u00e9 skutky Hospodinove\u201d. (v.6)\u00a0<\/i><\/p>\n<p><i>\u00a0 \u00a0 \u00a0 <\/i>Ako evanjelick\u00ed kres\u0165ania c\u00ed\u0165me sa aj my vyslancami naroden\u00e9ho Kr\u00e1\u013ea, Je\u017ei\u0161a. Ako Mesiac odr\u00e1\u017ea svetlo Slnka do priestoru kozmu, \u0161\u00edrme prijat\u00e9 svetlo evanjelia do n\u00e1\u0161ho sveta, po\u010dn\u00fac od na\u0161ich rod\u00edn a na\u0161ej cirkvi. Dne\u0161n\u00fd sviatok n\u00e1m d\u00e1va in\u0161pir\u00e1ciu k neseniu a hl\u00e1saniu slova a svetla Kristovho svetu v ktorom \u017eijeme. Preto po\u010dujme prorock\u00e9 povzbudenie: <i>\u201cPovsta\u0148 a zaskvej sa, preto\u017ee prich\u00e1dza tvoje svetlo a sl\u00e1va Hospodinova vzch\u00e1dza nad tebou\u201d. Amen<\/i><\/p>\n<p><i>\u00a0 Zjavenia Krista P\u00e1na mudrcom &#8211; Prietr\u017e\u00a0 2017 &#8211; \u013dubom\u00edr Batka st.<\/i><\/p>\n","protected":false},"excerpt":{"rendered":"<p>Na cest\u00e1ch m\u00f4jho \u017eivota, si svetlo moje jasn\u00e9. Si pomoc, vz\u00e1cna \u00fatecha, s Tebou je srdce \u0161\u0165astn\u00e9. Si Slnko, svetlo \u017eiariv\u00e9, zdroj viery, \u017eivej n\u00e1deje, Tvoja l\u00e1ska hreje. Amen \u00a0\u00a0 \u00a0 \u00a0 \u00a0 \u00a0 Iz 60, 1 &#8211; 6: \u201cPovsta\u0148 a zaskvej sa, preto\u017ee prich\u00e1dza tvoje svetlo a sl\u00e1va Hospodinova vzch\u00e1dza nad tebou. (2) Lebo, &#8230; <a title=\"Povsta\u0148 a zaskvej sa!\" class=\"read-more\" href=\"https:\/\/www.e-anjelik.sk\/index.php\/2017\/01\/05\/povstan-zaskvej-sa\/\" aria-label=\"Pre\u010d\u00edtajte si viac o Povsta\u0148 a zaskvej sa!\">\u010c\u00edta\u0165 viac<\/a><\/p>\n","protected":false},"author":4,"featured_media":0,"comment_status":"open","ping_status":"open","sticky":false,"template":"","format":"standard","meta":{"footnotes":""},"categories":[121,152,544],"tags":[],"class_list":["post-31135","post","type-post","status-publish","format-standard","hentry","category-kazne","category-prietrz","category-zjavenie-epifania"],"_links":{"self":[{"href":"https:\/\/www.e-anjelik.sk\/index.php\/wp-json\/wp\/v2\/posts\/31135","targetHints":{"allow":["GET"]}}],"collection":[{"href":"https:\/\/www.e-anjelik.sk\/index.php\/wp-json\/wp\/v2\/posts"}],"about":[{"href":"https:\/\/www.e-anjelik.sk\/index.php\/wp-json\/wp\/v2\/types\/post"}],"author":[{"embeddable":true,"href":"https:\/\/www.e-anjelik.sk\/index.php\/wp-json\/wp\/v2\/users\/4"}],"replies":[{"embeddable":true,"href":"https:\/\/www.e-anjelik.sk\/index.php\/wp-json\/wp\/v2\/comments?post=31135"}],"version-history":[{"count":5,"href":"https:\/\/www.e-anjelik.sk\/index.php\/wp-json\/wp\/v2\/posts\/31135\/revisions"}],"predecessor-version":[{"id":31150,"href":"https:\/\/www.e-anjelik.sk\/index.php\/wp-json\/wp\/v2\/posts\/31135\/revisions\/31150"}],"wp:attachment":[{"href":"https:\/\/www.e-anjelik.sk\/index.php\/wp-json\/wp\/v2\/media?parent=31135"}],"wp:term":[{"taxonomy":"category","embeddable":true,"href":"https:\/\/www.e-anjelik.sk\/index.php\/wp-json\/wp\/v2\/categories?post=31135"},{"taxonomy":"post_tag","embeddable":true,"href":"https:\/\/www.e-anjelik.sk\/index.php\/wp-json\/wp\/v2\/tags?post=31135"}],"curies":[{"name":"wp","href":"https:\/\/api.w.org\/{rel}","templated":true}]}}