{"id":3115,"date":"2010-10-28T10:05:34","date_gmt":"2010-10-28T10:05:34","guid":{"rendered":"http:\/\/e-anjelik.sk\/?p=3115"},"modified":"2010-10-28T10:05:34","modified_gmt":"2010-10-28T10:05:34","slug":"pamiatka-reformacie-v-duchu-pokania","status":"publish","type":"post","link":"https:\/\/www.e-anjelik.sk\/index.php\/2010\/10\/28\/pamiatka-reformacie-v-duchu-pokania\/","title":{"rendered":"Pamiatka Reform\u00e1cie v duchu pok\u00e1nia"},"content":{"rendered":"<p>31. okt&oacute;bra si evanjelici na celom svete pripom&iacute;naj&uacute; Pamiatku Reform&aacute;cie. Tohtoro\u010dn&eacute; oslavy sa maj&uacute; kona\u0165 v duchu pok&aacute;nia. Cel&aacute; liturgia t&yacute;chto bohoslu\u017eieb m&aacute; by\u0165 kaj&uacute;ca. Odpor&uacute;\u010da to v&scaron;etk&yacute;m 145 \u010dlensk&yacute;m cirkv&aacute;m SLZ jej gener&aacute;lny tajomn&iacute;k, \u010c&iacute;\u013ean Martin Junge, ktor&yacute; v &uacute;rade nahradil far&aacute;ra zo Zimbabwe Ishmaela Noko, p&ocirc;sobiaceho vo funkcii od roku 1994. O.i. povedal:&quot; Ak sa pribli\u017eujeme k n&aacute;&scaron;mu jubileu v duchu pok&aacute;nia, kon&aacute;me tak zo stredu na&scaron;ej viery. Spozn&aacute;vame, \u017ee Bo\u017e&iacute; Duch, ktor&yacute; vyvolal Reform&aacute;ciu, p&ocirc;sob&iacute; medzi nami aj dnes.&quot;<\/p>\n<p>\/www.idea.de)<\/p>\n","protected":false},"excerpt":{"rendered":"<p>31. okt&oacute;bra si evanjelici na celom svete pripom&iacute;naj&uacute; Pamiatku Reform&aacute;cie. Tohtoro\u010dn&eacute; oslavy sa maj&uacute; kona\u0165 v duchu pok&aacute;nia. Cel&aacute; liturgia t&yacute;chto bohoslu\u017eieb m&aacute; by\u0165 kaj&uacute;ca. Odpor&uacute;\u010da to v&scaron;etk&yacute;m 145 \u010dlensk&yacute;m cirkv&aacute;m SLZ jej gener&aacute;lny tajomn&iacute;k, \u010c&iacute;\u013ean Martin Junge, ktor&yacute; v &uacute;rade nahradil far&aacute;ra zo Zimbabwe Ishmaela Noko, p&ocirc;sobiaceho vo funkcii od roku 1994. O.i. povedal:&quot; &#8230; <a title=\"Pamiatka Reform\u00e1cie v duchu pok\u00e1nia\" class=\"read-more\" href=\"https:\/\/www.e-anjelik.sk\/index.php\/2010\/10\/28\/pamiatka-reformacie-v-duchu-pokania\/\" aria-label=\"Pre\u010d\u00edtajte si viac o Pamiatka Reform\u00e1cie v duchu pok\u00e1nia\">\u010c\u00edta\u0165 viac<\/a><\/p>\n","protected":false},"author":22,"featured_media":0,"comment_status":"open","ping_status":"open","sticky":false,"template":"","format":"standard","meta":{"footnotes":""},"categories":[26],"tags":[],"class_list":["post-3115","post","type-post","status-publish","format-standard","hentry","category-pamiatka-reformacie"],"_links":{"self":[{"href":"https:\/\/www.e-anjelik.sk\/index.php\/wp-json\/wp\/v2\/posts\/3115","targetHints":{"allow":["GET"]}}],"collection":[{"href":"https:\/\/www.e-anjelik.sk\/index.php\/wp-json\/wp\/v2\/posts"}],"about":[{"href":"https:\/\/www.e-anjelik.sk\/index.php\/wp-json\/wp\/v2\/types\/post"}],"author":[{"embeddable":true,"href":"https:\/\/www.e-anjelik.sk\/index.php\/wp-json\/wp\/v2\/users\/22"}],"replies":[{"embeddable":true,"href":"https:\/\/www.e-anjelik.sk\/index.php\/wp-json\/wp\/v2\/comments?post=3115"}],"version-history":[{"count":0,"href":"https:\/\/www.e-anjelik.sk\/index.php\/wp-json\/wp\/v2\/posts\/3115\/revisions"}],"wp:attachment":[{"href":"https:\/\/www.e-anjelik.sk\/index.php\/wp-json\/wp\/v2\/media?parent=3115"}],"wp:term":[{"taxonomy":"category","embeddable":true,"href":"https:\/\/www.e-anjelik.sk\/index.php\/wp-json\/wp\/v2\/categories?post=3115"},{"taxonomy":"post_tag","embeddable":true,"href":"https:\/\/www.e-anjelik.sk\/index.php\/wp-json\/wp\/v2\/tags?post=3115"}],"curies":[{"name":"wp","href":"https:\/\/api.w.org\/{rel}","templated":true}]}}