{"id":31151,"date":"2017-01-09T22:21:11","date_gmt":"2017-01-09T21:21:11","guid":{"rendered":"http:\/\/e-anjelik.sk\/?p=31151"},"modified":"2017-01-10T13:49:43","modified_gmt":"2017-01-10T12:49:43","slug":"ziva-obet-bohu-nasa-rozumna-sluzba","status":"publish","type":"post","link":"https:\/\/www.e-anjelik.sk\/index.php\/2017\/01\/09\/ziva-obet-bohu-nasa-rozumna-sluzba\/","title":{"rendered":"\u017div\u00e1 obe\u0165 Bohu &#8211; na\u0161a rozumn\u00e1 slu\u017eba"},"content":{"rendered":"<p><i>D\u013ea darov, \u010dos n\u00e1m udelil,<\/i><\/p>\n<p><i>\u00f3, Hospodine po\u017eehnan\u00fd,<\/i><\/p>\n<p><i>nech vzrast\u00e1me zo d\u0148a na de\u0148,<\/i><\/p>\n<p><i>v pravom, \u010distom milovan\u00ed.<\/i><\/p>\n<p><i>A neleniv\u00ed pri pr\u00e1ci<\/i><\/p>\n<p><i>c\u00edtime sladkos\u0165 prav\u00fdch cnost\u00ed,<\/i><\/p>\n<p><i>v\u017edy zdielni a Tebe dobrore\u010diaci,<\/i><\/p>\n<p><i>\u017eijeme v Tvojej pravici. Amen&nbsp; \/M.R\/<\/i><\/p>\n<p><b>R 12,1-5:<\/b><\/p>\n<p><i>\u201cPros\u00edm v\u00e1s teda, bratia, pre milosrdenstvo Bo\u017eie, vyd\u00e1vajte svoje tel\u00e1 v \u017eiv\u00fa, sv\u00e4t\u00fa, Bohu pr\u00edjemn\u00fa obe\u0165, va\u0161u rozumn\u00fa to slu\u017ebu Bohu. (2) A nepripodob\u0148ujte sa tomuto svetu, ale preme\u0148te sa obnoven\u00edm mysle, aby ste rozsudzovali, \u010do je v\u00f4\u013ea Bo\u017eia, toti\u017e, \u010do je dobr\u00e9, mil\u00e9 a dokonal\u00e9. (3) Lebo mocou milosti ktor\u00e1 je mi dan\u00e1, hovor\u00edm ka\u017ed\u00e9mu medzi vami, aby si nemyslel o sebe viac ako treba, ale aby skromne zm\u00fd\u0161\u013eal, ako Boh komu udelil mieru viery. (4) Lebo ako v jednom tele m\u00e1me mnoho \u00fadov, ale v\u0161etky \u00fady nevykon\u00e1vaj\u00fa t\u00fa ist\u00fa \u010dinnos\u0165, (5) tak aj my mnoh\u00ed sme jedno telo v Kristu, jednotlive sme si v\u0161ak navz\u00e1jom \u00fadmi.\u201d Amen<\/i><\/p>\n<p>Mil\u00ed bratia a sestry v Kristu P\u00e1nu!<\/p>\n<p><i>&nbsp;&nbsp; &nbsp;<\/i>Po viano\u010dn\u00fdch sviatkoch sme pre\u017eili aj prv\u00e9 dni nov\u00e9ho roku. Zajtra za\u010dne pre mnoh\u00fdch pracovn\u00fd de\u0148. Nechcem poveda\u0165, \u017ee za\u010dne <i>\u201cv\u0161edn\u00fd\u201d<\/i> de\u0148, preto\u017ee \u017eivot je s\u00e1m osebe nev\u0161edn\u00fd. Je divom a z\u00e1zrakom. Napriek tomuto kon\u0161tatovaniu treba pripusti\u0165, \u017ee mnoh\u00e9 na\u0161e pr\u00e1ce, povinnosti a \u00falohy s\u00fa rovnak\u00e9, ako boli predt\u00fdm a tak\u00fdmi aj zost\u00e1vaj\u00fa. Neraz n\u00e1m niektor\u00e9 z nich pripadaj\u00fa v\u0161edn\u00e9, \u0161ediv\u00e9, akoby \u201cbez ducha\u201d. \u010co znamenaj\u00fa tak\u00e9to dni a \u00falohy pre n\u00e1s, ako cirkev a spolo\u010denstvo veriacich? Ako ich vn\u00edmame?<\/p>\n<p>Cez sviatky sa jav\u00ed slu\u017eba kres\u0165anskej cirkvi ako potrebn\u00e1. Niektor\u00ed si ju v\u00e1\u017eia, in\u00ed ju aspo\u0148 toleruj\u00fa. M\u00e1m na mysli slu\u017ebu slova, \u010di\u017ee bohoslu\u017eby. Ale teraz? Mnoh\u00fdm pripad\u00e1 slu\u017eba cirkvi ako pou\u017eit\u00fd viano\u010dn\u00fd strom\u010dek, ktor\u00fd smeruje do kontajnera, alebo na smetisko. Ak\u00e9 \u00falohy \u010dakaj\u00fa n\u00e1s, ako spolo\u010denstvo cirkvi a tajomn\u00e9 telo Kristovo? Ako kr\u00e1\u010da\u0165 \u010falej pr\u00e1ve v t\u00fdch v\u0161edn\u00fdch d\u0148och? Na \u010do sa treba zamera\u0165 a s\u00fastredi\u0165?<\/p>\n<p>Sviatky, ktor\u00e9 sme pre\u017eili n\u00e1m poodhalili nesmiernu ve\u013ekos\u0165 Bo\u017eej l\u00e1sky. Uk\u00e1zali n\u00e1m milos\u0165 Bo\u017eiu, ktor\u00e1 sa prejavila v dare betlehemsk\u00e9ho Die\u0165a\u0165a svetu. Odpove\u010f na predlo\u017een\u00e9 ot\u00e1zky n\u00e1m pon\u00faka aj dne\u0161n\u00e9 pre\u010d\u00edtan\u00e9 slovo Bo\u017eie, ako ho nap\u00edsal apo\u0161tol Pavel: \u201c<i>Pros\u00edm v\u00e1s teda, bratia, pre milosrdenstvo Bo\u017eie, vyd\u00e1vajte svoje tel\u00e1 v \u017eiv\u00fa, sv\u00e4t\u00fa, Bohu pr\u00edjemn\u00fa obe\u0165, va\u0161u rozumn\u00fa to slu\u017ebu Bohu\u201d.<\/i> Celkom pokojne m\u00f4\u017eeme tento v\u00fdrok vyslovi\u0165 aj vo viano\u010dnom t\u00f3ne, alebo r\u00fachu:<i>\u201d Pros\u00edm v\u00e1s, bratia, pre naroden\u00e9ho Je\u017ei\u0161a Krista &#8211; vyd\u00e1vajte&nbsp; svoje tel\u00e1 v \u017eiv\u00fa, sv\u00e4t\u00fa, Bohu pr\u00edjemn\u00fa obe\u0165, va\u0161u rozumn\u00fa to slu\u017ebu Bohu\u201d.<\/i><\/p>\n<p>\u010co teda hovor\u00ed a na \u010do mysl\u00ed apo\u0161tol? Mysl\u00ed na bohat\u00e9 obdarovanie Bo\u017eou milos\u0165ou a milosrdenstvom, na obe\u0165 P\u00e1na Krista pre n\u00e1s a pros\u00ed, aby sme aj my konali podobne. Aby sme na dan\u00fd a n\u00e1m darovan\u00fd Dar odpovedali Bohu pr\u00edjemnou obe\u0165ou n\u00e1\u0161ho \u017eivota v prejavoch \u017eivej a rozumnej slu\u017eby Bohu.<\/p>\n<p>Mil\u00ed bratia a sestry!<\/p>\n<p>Najsk\u00f4r si teda m\u00e1me uvedomi\u0165 ve\u013ekos\u0165 a hodnotu daru, ktor\u00fd sme na prv\u00e9 Vianoce dostali. Boh Ho dal a vlo\u017eil do r\u00fak \u010dloveka. Dal Ho i do na\u0161ich r\u00fak. My s t\u00fdmto darom m\u00f4\u017eeme urobi\u0165 to ist\u00e9, \u010do s ktor\u00fdmko\u013evek in\u00fdm darom! M\u00f4\u017eeme Ho prija\u0165 s v\u010fakou a dobrore\u010den\u00edm, alebo Ho nepr\u00edjmeme. Z\u00e1le\u017e\u00ed na n\u00e1s, \u010di Ho chceme vyu\u017ei\u0165 pre svoj \u017eivot, pre svoju pr\u00edtomnos\u0165 i bud\u00facnos\u0165, alebo s n\u00edm nepo\u010d\u00edtame. Lebo s\u00fa samozrejme aj tak\u00ed, ktor\u00fdch Dar Vianoc nepote\u0161il a odkladaj\u00fa Ho, ako mo\u017eno pekn\u00fd, ale nepotrebn\u00fd viano\u010dn\u00fd dar\u010dek. Nesiahnu po \u0148om, aby ho vysk\u00fa\u0161ali. Podobne mnoh\u00ed pokrsten\u00ed neurobia ni\u010d, aby sk\u00fasili \u017ei\u0165 s Je\u017ei\u0161om. Preto sa nezauj\u00edmaj\u00fa o Jeho pr\u00edklad, alebo konanie.<\/p>\n<p>S\u00fa aj tak\u00ed, ktor\u00ed Ho vzdaj\u00fa \u00faplne. Obrazne povedan\u00e9, \u201cvytesnia\u201d Ho zo svojho \u017eivota, zo svojho bytu a rodiny\u2026Ka\u017ed\u00fd m\u00f4\u017ee s Je\u017ei\u0161om nalo\u017ei\u0165 ako chce. Apo\u0161tol Pavel sa v\u0161ak nezaober\u00e1 s t\u00fdmi, ktor\u00ed Je\u017ei\u0161a neprijali. Ktor\u00ed zost\u00e1vaj\u00fa ako kame\u0148, le\u017eiaci na dne rieky. Kame\u0148 le\u017e\u00ed vo vode cel\u00e9 roky, ale voda do neho neprenikne. V strede zostane such\u00fd a tvrd\u00fd. Aj tak\u00fd postoj m\u00e1&nbsp; svoje d\u00f4sledky\u2026<\/p>\n<p>Ale veriacim apo\u0161tol Pavel hovor\u00ed: \u201c<i>Nepripodob\u0148ujte sa tomuto svetu, ale preme\u0148te sa obnoven\u00edm mysle\u201d.&nbsp;<\/i> Zmena myslenia \u010dloveka predch\u00e1dza zmenu jeho konania. Ide o prejav pok\u00e1nia, \u010do nie je \u013eahk\u00e9, ani samozrejm\u00e9, preto\u017ee \u010dlovek po p\u00e1de sa rod\u00ed ako hrie\u0161nik a hrie\u0161nikom aj ost\u00e1va. Vinu dedi\u010dn\u00e9ho i skuto\u010dn\u00e9ho hriechu n\u00e1m v\u0161ak Boh odp\u00fa\u0161\u0165a v dare Krstu sv\u00e4t\u00e9ho.<\/p>\n<p>Ka\u017ed\u00fd kres\u0165an, ktor\u00fd prijal Krista vierou, c\u00edti svoju zodpovednos\u0165 za dar sp\u00e1sonosnej viery. Ak sme veriaci, p\u00fdtame sa na v\u00f4\u013eu Bo\u017eiu, ktor\u00e1 je v\u017edy dobr\u00e1. D\u00f4vod jej sk\u00famania je spoznanie toho, \u010do je dobr\u00e9, \u010do je mil\u00e9 a dokonal\u00e9 pre v\u0161etk\u00fdch.<\/p>\n<p>Spravodlivos\u0165 veriaceho kres\u0165ana je dokonalej\u0161ia ako spravodlivos\u0165 kohoko\u013evek, kto si zaklad\u00e1 na sebe a na svojich z\u00e1slu\u017enych skutkoch. T\u00fato pravdu pr\u00edzvukoval aj P\u00e1n Je\u017ei\u0161, ke\u010f povedal: <i>\u201cAk va\u0161a spravodlivos\u0165 nebude dokonalej\u0161ia, ako spravodlivos\u0165 farizejov a z\u00e1konn\u00edkov, nikdy nevojdete od kr\u00e1\u013eovstva nebesk\u00e9ho\u201d.(Mt 5,20)<\/i>&nbsp; Lebo <i>\u201cskutkom Bo\u017e\u00edm je veri\u0165 v Krista\u201d<\/i>&nbsp;(J 6,29) a spolieha\u0165 sa na Neho a Jeho dielo Vykupite\u013ea.<\/p>\n<p>Je pr\u00edzna\u010dn\u00e9, ako apo\u0161tol Pavel varuje kres\u0165anov pred farizejskou p\u00fdchou a duchovnou namyslenos\u0165ou, ktor\u00e1 sa tak \u010dasto prejavovala pr\u00e1ve u nich. T\u00edto s\u00edce form\u00e1ne, navonok zachov\u00e1vali z\u00e1kon, ale v skuto\u010dnosti ho obch\u00e1dzali. Preto apo\u0161tol zd\u00f4raz\u0148uje: <i>\u201cLebo mocou milosti, ktor\u00e1 je mi dan\u00e1, hovor\u00edm ka\u017ed\u00e9mu medzi vami, aby si nemyslel o sebe viac, ako treba, ale aby skromne zm\u00fd\u0161\u013eal, ako Boh komu udelil mieru viery.\u201d<\/i><\/p>\n<p><i>&nbsp;&nbsp; &nbsp; &nbsp;<\/i>Ani samotn\u00e1 viera v Je\u017ei\u0161a nie je z\u00e1sluhou \u010dloveka, ale darom a dielom Ducha Sv\u00e4t\u00e9ho. Viera je z po\u010d\u00favania Kristovho Slova. (R 10, 17) Viera nie je d\u00f4vodom na\u0161ej chv\u00e1ly, ale chv\u00e1ly Toho, ktor\u00fd n\u00e1m ju dal do s\u0155dc a du\u0161\u00ed. Ke\u010f n\u00e1s teda apo\u0161tol oslovuje, aby sme tak ako kres\u0165ania v R\u00edme, aj my ostatn\u00ed d\u00e1vali do slu\u017eby Bohu na\u0161e tel\u00e1 a na\u0161e \u017eivoty, chce, aby sme tak robili predov\u0161etk\u00fdm v cirkvi, v spolo\u010denstve veriacich. Tak, ako \u00fady tela nevykon\u00e1va\u00fa t\u00fa ist\u00fa \u010dinnos\u0165, ale konaj\u00fa ju v prospech cel\u00e9ho tela, tak je to a to m\u00e1 by\u0165 aj v cirkvi. Ide o vz\u00e1jomn\u00fa slu\u017ebu jedn\u00fdch vo\u010di druh\u00fdm a z\u00e1rove\u0148 ide o spolo\u010dn\u00fa slu\u017ebu. Ka\u017ed\u00e1 \u010das\u0165 tela sl\u00fa\u017ei in\u00fdm a tak aj sebe.<\/p>\n<p>Bratia a sestry v P\u00e1nu!<\/p>\n<p>Slovo, ktor\u00e9 sa stalo telom, Je\u017ei\u0161 Kristus pri\u0161iel pre n\u00e1s a vykonal slu\u017ebu zmierenia a z\u00e1chrany sk\u00f4r, ako sme my pri\u0161li na svet. M\u00e1me v\u0161ak skrze Jeho Krst pln\u00fa \u00fa\u010das\u0165 na Jeho diele. On prijal \u013eudsk\u00e9 telo, nie ako nie\u010do menejcenn\u00e9, ale preto, sl\u00fa\u017eil n\u00e1m, n\u00e1\u0161mu telu, du\u0161i i duchu. Kie\u017e by sme teda ochotne a s v\u010fa\u010dnos\u0165ou nasledovali Jeho \u0161\u013eapaje a na\u0161ou rozumnou slu\u017ebou sl\u00fa\u017eili Jeho cirkvi t\u00fdmi darmi, ktor\u00fdmi n\u00e1s obdaril a po\u017eehnal.&nbsp; Amen<\/p>\n<p>1.nede\u013ea po Zjaven\u00ed &nbsp; &nbsp; &nbsp; &nbsp; Prietr\u017e 2017&nbsp; &nbsp; &nbsp; &nbsp; &nbsp; &nbsp; \u013dubom\u00edr Batka st.<\/p>\n","protected":false},"excerpt":{"rendered":"<p>D\u013ea darov, \u010dos n\u00e1m udelil, \u00f3, Hospodine po\u017eehnan\u00fd, nech vzrast\u00e1me zo d\u0148a na de\u0148, v pravom, \u010distom milovan\u00ed. A neleniv\u00ed pri pr\u00e1ci c\u00edtime sladkos\u0165 prav\u00fdch cnost\u00ed, v\u017edy zdielni a Tebe dobrore\u010diaci, \u017eijeme v Tvojej pravici. Amen&nbsp; \/M.R\/ R 12,1-5: \u201cPros\u00edm v\u00e1s teda, bratia, pre milosrdenstvo Bo\u017eie, vyd\u00e1vajte svoje tel\u00e1 v \u017eiv\u00fa, sv\u00e4t\u00fa, Bohu pr\u00edjemn\u00fa obe\u0165, &#8230; <a title=\"\u017div\u00e1 obe\u0165 Bohu &#8211; na\u0161a rozumn\u00e1 slu\u017eba\" class=\"read-more\" href=\"https:\/\/www.e-anjelik.sk\/index.php\/2017\/01\/09\/ziva-obet-bohu-nasa-rozumna-sluzba\/\" aria-label=\"Pre\u010d\u00edtajte si viac o \u017div\u00e1 obe\u0165 Bohu &#8211; na\u0161a rozumn\u00e1 slu\u017eba\">\u010c\u00edta\u0165 viac<\/a><\/p>\n","protected":false},"author":4,"featured_media":0,"comment_status":"open","ping_status":"open","sticky":false,"template":"","format":"standard","meta":{"footnotes":""},"categories":[1,121,21,152],"tags":[],"class_list":["post-31151","post","type-post","status-publish","format-standard","hentry","category-adventna-modlitba","category-kazne","category-nedela-po-zjaveni","category-prietrz"],"_links":{"self":[{"href":"https:\/\/www.e-anjelik.sk\/index.php\/wp-json\/wp\/v2\/posts\/31151","targetHints":{"allow":["GET"]}}],"collection":[{"href":"https:\/\/www.e-anjelik.sk\/index.php\/wp-json\/wp\/v2\/posts"}],"about":[{"href":"https:\/\/www.e-anjelik.sk\/index.php\/wp-json\/wp\/v2\/types\/post"}],"author":[{"embeddable":true,"href":"https:\/\/www.e-anjelik.sk\/index.php\/wp-json\/wp\/v2\/users\/4"}],"replies":[{"embeddable":true,"href":"https:\/\/www.e-anjelik.sk\/index.php\/wp-json\/wp\/v2\/comments?post=31151"}],"version-history":[{"count":2,"href":"https:\/\/www.e-anjelik.sk\/index.php\/wp-json\/wp\/v2\/posts\/31151\/revisions"}],"predecessor-version":[{"id":31155,"href":"https:\/\/www.e-anjelik.sk\/index.php\/wp-json\/wp\/v2\/posts\/31151\/revisions\/31155"}],"wp:attachment":[{"href":"https:\/\/www.e-anjelik.sk\/index.php\/wp-json\/wp\/v2\/media?parent=31151"}],"wp:term":[{"taxonomy":"category","embeddable":true,"href":"https:\/\/www.e-anjelik.sk\/index.php\/wp-json\/wp\/v2\/categories?post=31151"},{"taxonomy":"post_tag","embeddable":true,"href":"https:\/\/www.e-anjelik.sk\/index.php\/wp-json\/wp\/v2\/tags?post=31151"}],"curies":[{"name":"wp","href":"https:\/\/api.w.org\/{rel}","templated":true}]}}