{"id":31196,"date":"2017-02-04T22:38:30","date_gmt":"2017-02-04T21:38:30","guid":{"rendered":"http:\/\/e-anjelik.sk\/?p=31196"},"modified":"2017-02-07T13:27:48","modified_gmt":"2017-02-07T12:27:48","slug":"za-bratom-fararom-thb-pavlom-proksom","status":"publish","type":"post","link":"https:\/\/www.e-anjelik.sk\/index.php\/2017\/02\/04\/za-bratom-fararom-thb-pavlom-proksom\/","title":{"rendered":"Za bratom far\u00e1rom ThB.Pavlom Proksom"},"content":{"rendered":"<p><b> Za bratom far\u00e1rom ThB. Pavlom Proksom<\/b><\/p>\n<p>* 3.novembra 1919 v Malom Z\u00e1lu\u017e\u00ed&nbsp; &nbsp; &nbsp; &nbsp; &nbsp; +18.12.2016 v Hol\u00ed\u010di<\/p>\n<p><i>\u201cTy s\u00fa\u010f ma, Bo\u017ee, v bolesti<br \/>\nprikry ma svoju velebou<br \/>\nopust\u00edm hriech i neresti,<br \/>\nidem pokorne za Tebou\u201d.<\/i><\/p>\n<p>\u0160tvorver\u0161ie z b\u00e1sne brata far\u00e1ra ThB. Pavla Proksu nap\u00edsanej desa\u0165 rokov pred jeho smr\u0165ou dokazuje, \u017ee bol na svoj skon u\u017e d\u00e1vno pripraven\u00fd, lebo vedel v koho uveril, komu patr\u00ed v \u017eivote i v smrti. Po smrti jeho man\u017eelky <b>Anny rod. Fuskovej,<\/b> ktor\u00e1 mu bola vernou pomocou od Hospodina, s ktorou bol viac ako 71 rokov spojen\u00fd man\u017eelskou l\u00e1skou a oddanos\u0165ou, v h\u013abke du\u0161e vyzn\u00e1val s apo\u0161tolom Pavlom: <i>\u201dTiahne ma to z oboch str\u00e1n: T\u00fa\u017eim u\u017e umrie\u0165 a by\u0165 s Kristom a to by bolo iste omnoho lep\u0161ie\u201d.<\/i> (&nbsp; Fil 1, 23 )<\/p>\n<p>Obdaren\u00fd dlh\u00fdm \u017eivotom v \u010dasnosti, bol skuto\u010dn\u00fdm kme\u0165om nielen v Myjavskom senior\u00e1te, ale v celej na\u0161ej cirkvi. V\u00fdsti\u017ene to vyjadril v pohrebnej k\u00e1zni brat far\u00e1r Ivan E\u013eko z Nitry, ke\u010f povedal:<\/p>\n<p><i>&nbsp;\u201d My v\u0161etci si uvedomujeme, \u017ee l\u00fa\u010di\u0165 sa s Pavlom Proksom znamen\u00e1 ma\u0165 pred sebou storo\u010die \u017eivota jedn\u00e9ho \u010dloveka a jednej rodiny. \u010ealej to znamen\u00e1 ma\u0165 pred sebou jedno storo\u010die dej\u00edn na\u0161ej drahej Evanjelickej cirkvi tak, ako sa odohr\u00e1vali v ich celku, v tomto&nbsp; senior\u00e1te, \u010di v tomto malebnom k\u00fate Z\u00e1horia\u201d.&nbsp;<\/i><\/p>\n<p><i>&nbsp;&nbsp; &nbsp;<\/i> Jeho skon v predviano\u010dnom \u010dase n\u00e1s sm\u00fatkom naplnil aj preto, \u017ee ho P\u00e1n povolal iba de\u0148 po skone Branislava Kol\u00e9nyho, jeho dlhoro\u010dn\u00e9ho spolupracovn\u00edka v olt\u00e1rnej slu\u017ebe, d\u00f4vern\u00e9ho priate\u013ea a niekdaj\u0161ieho mil\u00e9ho spolubrata v susednom zbore \u010dastkovskom.<\/p>\n<p>Aj pohrebn\u00e1 rozl\u00fa\u010dka v kostole v Hol\u00ed\u010di nasledovala hne\u010f na druh\u00fd de\u0148 po rozl\u00fa\u010dke v \u010castkove.<\/p>\n<p>&nbsp;Brat Pavel Proksa sa narodil v Malom Z\u00e1lu\u017e\u00ed. Jeho rodi\u010dia boli ro\u013en\u00edci. Okrem chleba ka\u017edodenn\u00e9ho prij\u00edmal doma aj duchovn\u00fd pokrm zo starod\u00e1vnej <b>Postily Martina Filadelfa Z\u00e1mrsk\u00e9ho z roku 1592 a z Cithary sanctorum J. Tranovsk\u00e9ho.<\/b> Prv\u00e9 \u0161kolsk\u00e9 roky absolvoval v rodisku a n\u00e1sledne osemro\u010dn\u00e9 gymn\u00e1zium v Nitre. Ako gymnazista sa zauj\u00edmal o pr\u00edrodn\u00e9 vedy, ale po maturite sa rozhodol, ako akt\u00edvny \u010dlen SEM, pre \u0161t\u00fadium teol\u00f3gie na EBF v Bratislave. Ordinovan\u00fd bol 27.6.1943. E\u0161te po\u010das \u0161t\u00fadia teol\u00f3gie v rokoch 1942\/43 p\u00f4sobil ako duchovn\u00fd spr\u00e1vca Letoviska SEM v brezovskej Matejkovej. Na Brezovej za\u010d\u00ednal ako kapl\u00e1n aj svoje k\u0148azsk\u00e9 poslanie, ktor\u00e9 pokra\u010dovalo v Nov\u00fdch Sadoch, Tur\u010dianskom Sv.Martine, Bratislave a Pie\u0161\u0165anoch. Od 1. j\u00fala 1945 administroval opusten\u00fd cirkevn\u00fd zbor v Ko\u0161arisk\u00e1ch &#8211; Priepasnom, z ktor\u00e9ho odi\u0161la ve\u013ek\u00e1 skupina rod\u00e1kov do Mischdorfu spolu so svoj\u00edm far\u00e1rom \u0160.Bojn\u00e1kom, kde zalo\u017eili CZ Nov\u00e9 Ko\u0161arisk\u00e1, dnes Dunajsk\u00e1 Lu\u017en\u00e1. V Ko\u0161arisk\u00e1ch &#8211; Priepasnom bol po zlo\u017een\u00ed k\u0148azskej sk\u00fa\u0161ky zvolen\u00fd 9.decembra 1945 za riadneho far\u00e1ra.&nbsp;<\/p>\n<p>Vo svoje poslednej knihe: <i>So \u0161\u0165ast\u00edm bych sa delil&nbsp; &#8211; Kamienky ko\u0161ariskej mozaiky <\/i>v \u00favode spom\u00edna aj na svoje tunaj\u0161ie korene, preto\u017ee matka poch\u00e1dzala z krajnianskych V\u00e1peniek. Star\u00e1 matka jeho man\u017eelky poch\u00e1dzala z kopan\u00edc u \u0160indleov a na Ko\u0161arisk\u00e1ch chodila do \u0161koly s Milanom Rastislavom \u0160tef\u00e1nikom. Tieto korene i d\u00f4vern\u00e1 znalos\u0165 \u017eivota a odkazu M.R.\u0160tef\u00e1nika ho natrvalo spojila s t\u00fdmto krajom i zborom. Toto spojenie trvalo a\u017e do konca jeho \u017eivota. Po\u010das desa\u0165ro\u010dn\u00e9ho p\u00f4sobenia sa v zbore naplno venoval kazate\u013eskej i misijnej \u010dinnosti.<\/p>\n<p>Patr\u00edm k t\u00fdm, ktor\u00ed chodili do \u201cZ\u00e1hradky P\u00e1novej \u201c ktor\u00fa tu viedli man\u017eelia Proksovci na fare pre deti. Brat far\u00e1r bol pr\u00edsny, ako niekdaj\u0161\u00ed k\u0148az Pavol \u0160tef\u00e1nik, ale aj l\u00e1skav\u00fd a vern\u00fd du\u0161pastier. Okrem pastierskej slu\u017eby pustil sa s odvahou a el\u00e1nom s cirkevn\u00edkmi do gener\u00e1lnej opravy kostola. Bolo to v \u0165a\u017ek\u00fdch, povojnov\u00fdch \u010dasoch. O tom, \u010do v\u0161etko museli prekona\u0165 a vykona\u0165, ale aj o Bo\u017eej milosti a pomoci rozpr\u00e1va podrobne a p\u00fatavo <i>Pam\u00e4tnica posv\u00e4tenia chr\u00e1mu ev.v. v Ko\u0161arisk\u00e1ch- Priepasnom,<\/i> ktor\u00fa zostavil a ktor\u00fa CZ vydal v r. 1948. Je v nej zachovan\u00e1 aj jeho burcuj\u00faca k\u00e1ze\u0148 na pamiatku posv\u00e4tenia chr\u00e1mu v roku 1946 v N\u00e1rodnom dome, uprostred <i>\u201cbudovania hradieb Siona\u201d. <\/i>Pr\u00edkladom a priam mottom nielen nasleduj\u00faceho obdobia, ale celej jeho duchovnej slu\u017eby stal sa odkaz z prvej k\u00e1zne Pavla \u0160tef\u00e1nika z 22.1.1871, povedanej na z\u00e1klade<i> Efez. 2, 19-22, <\/i>odpovedaj\u00faci na ot\u00e1zku, <i>\u201cak\u00fdm sp\u00f4sobom t\u00fato novozalo\u017een\u00fa cirkev privedieme k vzrastu a rozkvetu:<\/i><\/p>\n<p><i>1. ak budeme ma\u0165 vieru, ktor\u00e1 hory pren\u00e1\u0161a,<\/i><\/p>\n<p><i>2. modlitbu, ktot\u00e1 nebo prer\u00e1\u017ea,<\/i><\/p>\n<p><i>3. horlivos\u0165, ktor\u00e1 obete prin\u00e1\u0161a.<\/i><\/p>\n<p><i>&nbsp;<\/i>E\u0161te mnoho raz, nielen v mlad\u00edckej zanietenosti, ale aj v zrelom&nbsp; veku, a\u017e do staroby a \u0161ed\u00edn, takto verne a neochvejte hovoril, k\u00e1zal, konal a dokazoval sa zve\u010dnel\u00fd brat. V roku 1949 bol dekanom v Nitrianskom senior\u00e1te, nesk\u00f4r zapisovate\u013eom a pokladn\u00edkm SPK a predsedom senior\u00e1lnej Podporovne. Po desiatich rokoch pre\u0161iel v roku 1955 z Ko\u0161ar\u00edsk do Hol\u00ed\u010da. Tu pokra\u010doval v pr\u00e1ci na P\u00e1novej vinici, nadv\u00e4zuj\u00fac na takmer 80 ro\u010dn\u00fa pr\u00e1cu Bo\u00f3rovcov, J\u00e1na Jarom\u00edra Boora a jeho syna Petra. Bolo to v dobe, ke\u010f sa st\u00e1le stup\u0148oval tlak ateiz\u00e1cie a socializ\u00e1cie. Mestsk\u00e9 prostredie prin\u00e1\u0161alo nov\u00e9 v\u00fdzvy, ale aj \u0165a\u017ekosti, ktor\u00e9 stato\u010dne a neohrozene prekon\u00e1val. V rokoch 1958-1964 bol konseniorom MyS.<\/p>\n<p>Bol \u010dlovek hlboko zbo\u017en\u00fd, nekonfliktn\u00fd, ale pritom z\u00e1sadov\u00fd a charaktern\u00fd. Odv\u00e1\u017ene \u010delil upodozrievaniu, udava\u010dstvu a tlakom v duchovno n\u00e1bo\u017eenskej oblasti. Vo svojom misijnom \u00fasil\u00ed a zanieten\u00ed nepo\u013eavoval. Jeden d\u00f4kaz hovor\u00ed za v\u0161etko: v mestskom prostred\u00ed udr\u017eal vyu\u010dovanie n\u00e1bo\u017eenstva v \u0161kol\u00e1ch, i ke\u010f v obmedzenom po\u010dte. To sa v tomto obdob\u00ed dialo nepretr\u017eite iba v troch zboroch senior\u00e1tu. Bol akt\u00edvny v pastoriz\u00e1cii, pravdiv\u00fd a vern\u00fd v hl\u00e1san\u00ed evanjelia. Mravnos\u0165ou a osobnou stato\u010dnos\u0165ou oslovil mnoh\u00fdch. V&nbsp; gratula\u010dnej re\u010di k 50-ke, povedal senior, neskor\u0161\u00ed biskup ZD Rudolf Ko\u0161tial aj tak\u00e9to slov\u00e1:<i> \u201dTakmer sa ani veri\u0165 nechce, \u017ee tento horliv\u00fd, tak\u00fd svie\u017ei a energick\u00fd brat, v\u017edy zap\u00e1len\u00fd za kr\u00e1snu cirkev Bo\u017eiu a v\u017edy hotov\u00fd podpori\u0165 v\u0161etko, \u010do je k dobru cirkvi a Bo\u017eiemu \u013eudu u\u017e m\u00e1 tie\u017e p\u00e4\u0165desiat rokov. V jeho vzorne spravovanom zbore hol\u00ed\u010dskom c\u00edti\u0165 jeho cie\u013eavedomos\u0165 a svie\u017eos\u0165 ducha. V\u00fdu\u010dba a v\u00fdchova konfirmandov a \u0161kolskej ml\u00e1de\u017ee je na vysokej \u00farovni, spolupr\u00e1ca s bratom dozorcom a cel\u00fd presbyterstvom je tak\u00e1 prirodzen\u00e1, siln\u00e1 a p\u00f4sobiv\u00e1, \u017ee cel\u00fd zbor m\u00e1 z toho osoh a rados\u0165. Cirkevn\u00e1 \u00fastava m\u00e1 v bratovi Pavlovi Proksovi ve\u013ek\u00e9ho znate\u013ea a z\u00e1stancu, v Symbolick\u00fdch knih\u00e1ch a v P\u00edsme sv\u00e4tom m\u00e1 tak\u00fa z\u00e1\u013eubu, \u017ee jeho duch mu prenikol do samej dreni. T\u00fa\u017ei po obnove cirkvi, aby mohla e\u0161te lep\u0161ie sl\u00fa\u017ei\u0165 a skvie\u0165 sa aj tomuto pokoleniu. Jeho presn\u00e1 znalos\u0165 veci a nefal\u0161ovan\u00e9 priamos\u0165 vzbudzuj\u00fa \u00factu. \u0160es\u0165 rokov vykon\u00e1val funkciu konseniora Myjavsk\u00e9ho senior\u00e1tu a osved\u010dil sa ako svedomit\u00fd a iniciat\u00edvny mu\u017e, na ktor\u00e9ho integritu a vernos\u0165 prijat\u00fdm z\u00e1sad\u00e1m sa mo\u017eno plne spo\u013eahn\u00fa\u0165\u201d.&nbsp;<\/i><\/p>\n<p>&nbsp;<\/p>\n<p>Tak ho poznali k\u0148azi i \u010dlenovia cirkvi nielen v roku Dub\u010dekovej jari, ale aj nesk\u00f4r a tak\u00fd zostal a\u017e do konca svojho akt\u00edvneho p\u00f4sobenia v CZ Hol\u00ed\u010d. Aj v \u0161ir\u0161om spolo\u010denstve cirkvi je zn\u00e1ma jeho k\u00e1ze\u0148 na VZ obnoven\u00e9ho Zdru\u017eenia evanjelick\u00fdch duchovn\u00fdch v roku 1990 v Pie\u0161\u0165anoch. Kto in\u00fd, ako on mal a mohol takto prehovori\u0165 a s \u010dist\u00fdm \u0161t\u00edtom sa postavi\u0165 pred k\u0148azstvo ECAV.<\/p>\n<p>Tento odkaz je trvalo platn\u00fd aj dnes, preto\u017ee je zalo\u017een\u00fd na apo\u0161tolskom slove: <i>\u201c\u017dite tak, ako je hodn\u00e9 povolania, ktor\u00fdm ste boli povolan\u00ed\u2026\u201d( Ef 4,1)<\/i><\/p>\n<p>&nbsp;<\/p>\n<p>\u0160t\u00e1tny s\u00fahlas k vo\u013ebe do vy\u0161\u0161\u00edch gr\u00e9mi\u00ed s\u00edce nez\u00edskal, sk\u00f4r sa ho sna\u017eili uml\u010da\u0165. On v\u0161ak zost\u00e1val v\u017edy mor\u00e1lnou autoritou v kruhu bratov. Ani cirkevn\u00e1 vrchnos\u0165 po\u010das \u201cnormaliz\u00e1cie\u201d nemala odvahu oceni\u0165 jeho duchovn\u00e9 a mor\u00e1lne kvality. Prat Pavel Proksa v\u0161ak nebol<i> \u201c nedbal\u00fd vo svojej pr\u00e1ci\u201d. <\/i>Svoje postoje zverej\u0148oval prostredn\u00edctvom cirkevnej tla\u010de vo v\u0161etk\u00fdch cirkevn\u00fdch \u010dasopisoch. Od roku 1938 a\u017e do vy\u0161\u0161ieho veku uverejnil asi 240 pr\u00edspevkov r\u00f4zneho zamerania. Nech\u00fdbali medzi nimi ani b\u00e1sne a piesne, ale aj preklady. Osobitnou l\u00e1skou na cel\u00fd \u017eivot sa mu stala hist\u00f3ria. V&nbsp; historick\u00fdch \u010dasopisoch publikoval 79 populariza\u010dno-historick\u00fdch \u010dl\u00e1nkov a \u0161t\u00fadi\u00ed. Jeho prec\u00edzny a erudovan\u00fd pr\u00edstup ku sk\u00famaniu hist\u00f3rie najm\u00e4 dom\u00e1ceho CZ sa dok\u00e1zala v jedine\u010dnom, skoro 1500 stranovom rukopise<i> Dej\u00edn evanjelickej cirkvi a.v. v Hol\u00ed\u010di. <\/i>Dielo, z ktor\u00e9ho dnes i v bud\u00facnosti m\u00f4\u017ee CZ \u010derpa\u0165 inform\u00e1cie, pou\u010denie i povzbudenie. Mo\u017eno poveda\u0165, \u017ee ide o ojedinel\u00e9 dielo v r\u00e1mci celej na\u0161ej ECAV na Slovensku, v ktorom sa dok\u00e1zal ako skvel\u00fd region\u00e1lny historik a nasledovn\u00edk zn\u00e1meho hol\u00ed\u010dskeho rod\u00e1ka Daniela Rapanta.<\/p>\n<p>U\u017e vy\u0161\u0161ie sme spomenuli dve vydan\u00e9 knihy Pavla Proksu. V tej poslednej dok\u00e1zal svoj obdiv, \u00factu a dokonal\u00fa znalos\u0165 \u017eivota a diela M.R.\u0160tef\u00e1nika. Bol preto viackr\u00e1t osloven\u00fd, aby o M.R.\u0160tef\u00e1nikovi k\u00e1zal, predn\u00e1\u0161al, alebo p\u00edsal. Okrem toho sa r\u00e1d z\u00fa\u010dast\u0148oval ako prispievate\u013e a \u010dlen redak\u010dnej rady aj odbornej pr\u00e1ce \u010dasopisu <i>Z\u00e1horie <\/i>v Skalici.<\/p>\n<p>Hist\u00f3rii sa venoval aj v knihe <i>St\u00e1nok Bo\u017e\u00ed s \u013eu\u010fmi (1955)<\/i>. Cenn\u00e1 kni\u017eka je<i> Bdejte, stojte pevne vo viere <\/i>&#8211; v\u00fdber z diela Juraja Struh\u00e1rika (2000) a najm\u00e4 zmapovan\u00e1 hist\u00f3ria SPK &#8211;<i> Od Hurbana k Struh\u00e1rikovi (2003).<\/i> Ako prekladate\u013e sa podie\u013eal na knihe <i>Gerthrud Buschovej Povolanie (Tranoscius 1999).<\/i> Je spoluautorom knihy<i> Z dej\u00edn evanjelickej cirkvi a.v. v Skalici (1997)<\/i> a autorom mnoh\u00fdch bibliografick\u00fdch hesiel. Predstavil v nich najm\u00e4 osobnosti na\u0161ej cirkvi. Pre hol\u00ed\u010dsku monografiu spracoval 66 hesiel zn\u00e1mych i menej zn\u00e1mych osobnost\u00ed hol\u00ed\u010dskej hist\u00f3rie.<\/p>\n<p>&nbsp;<\/p>\n<p>Brat Bra\u0148o Kol\u00e9ny, jeho najbli\u017e\u0161\u00ed priate\u013e o \u0148om nap\u00edsal v <i>Kamienkoch ko\u0161ari\u0161skej mozaiky<\/i> medziin\u00fdm aj tak\u00e9to slov\u00e1: <i>\u201dBystr\u00fd, duchovne h\u00fa\u017eevnat\u00fd, so zdrav\u00fdm luteranizmom presiaknut\u00fd Bo\u017e\u00ed slu\u017eobn\u00edk a pastier Bo\u017eieho st\u00e1da\u201d.<\/i><\/p>\n<p><i>&nbsp; &nbsp; &nbsp; <\/i>Po odchode do d\u00f4chodku 1.9. 1999 b\u00fdval s man\u017eelkou v Hol\u00ed\u010di. Zauj\u00edmal sa o duchovn\u00fd \u017eivot zboru a pracoval \u010falej pod\u013ea obdarovania, ktor\u00e9 mu poprial Hospodin. Napokon sa predsa do\u017eil aj uznania a ocenenia zo strany ECAV. V roku 1995 dostal cenu Daniela Krmana a vo febru\u00e1ri 2016 mu cirkev udelila Cenu Leonarda St\u00f6ckela za celo\u017eivotn\u00e9 dielo.<\/p>\n<p>&nbsp;22.12.2016 sme ho odprevadili k ve\u010dn\u00fdm Vianociam. Do ticha pred Hospodinom P\u00e1nom, v ktorom vyslovujeme \u00factu a v\u010faku zve\u010dnel\u00e9mu, zneje jeho ver\u0161:<\/p>\n<p><i>Tu stoj\u00edm pred Tebou<br \/>\nsl\u00e1vou i velebou,<br \/>\n\u00f3, Bo\u017ee sv\u00e4tosti<br \/>\na spravodlivosti\u2026<\/i><\/p>\n<p><i>Ty sa ma nevzd\u00e1va\u0161,<br \/>\nle\u017e pri mne zost\u00e1va\u0161<br \/>\ni v mojej krehkosti,<br \/>\nStudnica milosti.<\/i><\/p>\n<p><i>Drah\u00fd m\u00f4j Je\u017ei\u0161i,<br \/>\nBar\u00e1nok najtich\u0161\u00ed,<br \/>\ndo Tvojich sv\u00e4t\u00fdch r\u00e1n<br \/>\ns d\u00f4verou sa odd\u00e1m.<\/i><\/p>\n<p><i><br \/>\n<\/i><i><\/i><i>Ty si ma privinie\u0161,<br \/>\nke\u010f svet s\u00fadi\u0165 pr\u00edde\u0161<br \/>\ns poslednou velebou<br \/>\nTicho som pred Tebou.<\/i><\/p>\n<p>\u013dubom\u00edr Batka st.<\/p>\n","protected":false},"excerpt":{"rendered":"<p>Za bratom far\u00e1rom ThB. Pavlom Proksom * 3.novembra 1919 v Malom Z\u00e1lu\u017e\u00ed&nbsp; &nbsp; &nbsp; &nbsp; &nbsp; +18.12.2016 v Hol\u00ed\u010di \u201cTy s\u00fa\u010f ma, Bo\u017ee, v bolesti prikry ma svoju velebou opust\u00edm hriech i neresti, idem pokorne za Tebou\u201d. \u0160tvorver\u0161ie z b\u00e1sne brata far\u00e1ra ThB. Pavla Proksu nap\u00edsanej desa\u0165 rokov pred jeho smr\u0165ou dokazuje, \u017ee bol na &#8230; <a title=\"Za bratom far\u00e1rom ThB.Pavlom Proksom\" class=\"read-more\" href=\"https:\/\/www.e-anjelik.sk\/index.php\/2017\/02\/04\/za-bratom-fararom-thb-pavlom-proksom\/\" aria-label=\"Pre\u010d\u00edtajte si viac o Za bratom far\u00e1rom ThB.Pavlom Proksom\">\u010c\u00edta\u0165 viac<\/a><\/p>\n","protected":false},"author":4,"featured_media":0,"comment_status":"open","ping_status":"open","sticky":false,"template":"","format":"standard","meta":{"footnotes":""},"categories":[322],"tags":[],"class_list":["post-31196","post","type-post","status-publish","format-standard","hentry","category-nekrolog"],"_links":{"self":[{"href":"https:\/\/www.e-anjelik.sk\/index.php\/wp-json\/wp\/v2\/posts\/31196","targetHints":{"allow":["GET"]}}],"collection":[{"href":"https:\/\/www.e-anjelik.sk\/index.php\/wp-json\/wp\/v2\/posts"}],"about":[{"href":"https:\/\/www.e-anjelik.sk\/index.php\/wp-json\/wp\/v2\/types\/post"}],"author":[{"embeddable":true,"href":"https:\/\/www.e-anjelik.sk\/index.php\/wp-json\/wp\/v2\/users\/4"}],"replies":[{"embeddable":true,"href":"https:\/\/www.e-anjelik.sk\/index.php\/wp-json\/wp\/v2\/comments?post=31196"}],"version-history":[{"count":7,"href":"https:\/\/www.e-anjelik.sk\/index.php\/wp-json\/wp\/v2\/posts\/31196\/revisions"}],"predecessor-version":[{"id":31211,"href":"https:\/\/www.e-anjelik.sk\/index.php\/wp-json\/wp\/v2\/posts\/31196\/revisions\/31211"}],"wp:attachment":[{"href":"https:\/\/www.e-anjelik.sk\/index.php\/wp-json\/wp\/v2\/media?parent=31196"}],"wp:term":[{"taxonomy":"category","embeddable":true,"href":"https:\/\/www.e-anjelik.sk\/index.php\/wp-json\/wp\/v2\/categories?post=31196"},{"taxonomy":"post_tag","embeddable":true,"href":"https:\/\/www.e-anjelik.sk\/index.php\/wp-json\/wp\/v2\/tags?post=31196"}],"curies":[{"name":"wp","href":"https:\/\/api.w.org\/{rel}","templated":true}]}}