{"id":31220,"date":"2017-02-21T08:05:33","date_gmt":"2017-02-21T07:05:33","guid":{"rendered":"http:\/\/e-anjelik.sk\/?p=31220"},"modified":"2017-02-21T08:05:33","modified_gmt":"2017-02-21T07:05:33","slug":"najvyssi-sud-rozhodne-rozhodne","status":"publish","type":"post","link":"https:\/\/www.e-anjelik.sk\/index.php\/2017\/02\/21\/najvyssi-sud-rozhodne-rozhodne\/","title":{"rendered":"Najvy\u0161\u0161\u00ed s\u00fad rozhodne rozhodne"},"content":{"rendered":"<p>Fejt\u00f3n &#8211; Novovzniknut\u00e1 N\u00e1rodn\u00e1 protiteroristick\u00e1 jednotka m\u00e1 za sebou prv\u00fd \u00faspe\u0161n\u00fd z\u00e1sah. Kde inde, ako v niekdaj\u0161om srdci SNP a v teraj\u0161om srdci strany Marianovcov. Nezasiahli v\u0161ak proti tvrd\u00fdm mu\u017eom z Marianovej strany, ani proti vyveseniu fa\u0161istick\u00fdch symbolov, dokonca ani proti verejn\u00e9mu p\u00e1leniu vlajky EU, ktorej je mimochodom Slovensko \u010dlenom, ba ani proti pomerne roz\u0161\u00edren\u00e9mu p\u00e1leniu ( slivovice na\u010dierno). &nbsp; &nbsp;&nbsp;Zasiahli proti Sheile Sz. &#8211; podnecovate\u013eke k \u201cn\u00e1rodnostnej (ozaj, ktorej n\u00e1rodnosti? ) rasovej ( odpus\u0165te, ale neviem si spomen\u00fa\u0165 na to, proti ktorej rase)  \u010di etnickej( fakt neviem, proti ktor\u00e9mu etniku) nen\u00e1visti.<\/p>\n<p>NPK teda dok\u00e1zala, svoju opodstatnenos\u0165. P\u00e1n R.Fico mal \u201cdobr\u00fd \u010duch\u201d, v\u00e1\u0161 skutok neomylne vopred zavo\u0148al a zav\u010dasu zalo\u017eil nov\u00fa NPJ. (Mo\u017eno sa svoj\u00edm \u010duchometrom blysol p\u00e1n minister vn\u00fatra, ke\u010f\u017ee razie u Ba\u0161tern\u00e1ka zatia\u013e nevych\u00e1dzaj\u00fa a prokur\u00e1tor m\u00f4\u017ee pokojne spa\u0165).&nbsp;<\/p>\n<p>Tu v\u0161ak bol v pohotovosti aj prokur\u00e1tor, ktor\u00fd hne\u010f vedel, \u010do robi\u0165 a aj urobil, ba dokonca &#8211; a toto fakt kvitujem &#8211; aj sudca \u0160pecializovan\u00e9ho trestn\u00e9ho s\u00fadu v B.B. konal okam\u017eite. \u017diadne prie\u0165ahy, \u017eiadne tvrdenie, \u201cskutok sa nestal\u201d, \u017eiadne pochybenie org\u00e1nov \u010dinn\u00fdch v trestnom konan\u00ed a prepustenie p\u00e1chate\u013ea (ky) na slobodu. Tu vid\u00edme, \u017ee to iba zl\u00e9 jazyky opakuj\u00fa a tvrdia, \u017ee s\u00fady a prokurat\u00fara nekonaj\u00fa, ke\u010f kona\u0165 maj\u00fa. Oni konaj\u00fa a chr\u00e1nia pr\u00e1vo a spravodlivos\u0165 &#8211; padni, komu padni.&nbsp;<\/p>\n<p>A aj hovorky\u0148a pol\u00edcie Denisa Balagov\u00e1 si zasl\u00fa\u017eila svoju mzdu, lebo uistila, \u017ee pol\u00edcia \u201cpri ka\u017edom podozren\u00ed z trestnej \u010dinnosti bude postupova\u0165 v zmysle platnej legislat\u00edvy\u201d. Kto by nejasal, kto by nevzdal hold, \u017ee pol\u00edcia &#8211; nielen v tomto pr\u00edpade, ke\u010f nezodpovedn\u00e9 p\u00e1lenie a cikanie ohrozilo bezpe\u010dnos\u0165 \u0161t\u00e1tu, &#8211; bude postupova\u0165 v zmysle platnej legislat\u00edvy. Toto uistenie Slovensko potrebuje ako so\u013e.<\/p>\n<p>Dvere basy sa m\u00f4\u017eu za mladou \u017eenou zatvori\u0165 a\u017e na \u0161es\u0165 rokov, \u010do by org\u00e1ny v trestnom konan\u00ed u\u017e boli aj zrealizovali, keby sa doty\u010dn\u00e1 nebola neodvolala. A tak rozhodne rozhodne Najvy\u0161\u0161\u00ed s\u00fad.&nbsp;<\/p>\n<p>Matovi\u010dovo podanie na \u00daS, \u010di mo\u017eno slobodne hovori\u0165 a ukazova\u0165 obr\u00e1zky v parlamente bude musie\u0165 po\u010dka\u0165 &#8211;  napokon to u\u017e vie ka\u017ed\u00fd, politici koal\u00edcie, novin\u00e1ri a najm\u00e4 kapit\u00e1n Danko, \u017ee: rozhodne sa obr\u00e1zky ukazova\u0165 nesm\u00fa, lebo je to nemor\u00e1lne!<\/p>\n<p>O tom, \u010do t\u00e1to pani uk\u00e1zala a vykonala sa mohol tie\u017e na vlastn\u00e9 o\u010di ka\u017ed\u00fd presved\u010di\u0165 ( \u0161koda, \u017ee to nebolo nato\u010den\u00e9 kvalitnej\u0161ie). Pani tvrdila, \u017ee\u201d trhala str\u00e1nky z knihy The Quran &#8211; kor\u00e1nu(?), n\u00e1sledne ich zap\u00e1lila a omo\u010dila\u201d. Spom\u00ednan\u00fd sled udalost\u00ed by mohla by\u0165 azda aj po\u013eah\u010duj\u00faca okolnos\u0165, lebo ak by ohn\u00edk nehasila, mohla by by\u0165 obvinen\u00e1 aj z verejn\u00e9ho ohrozenia bezpe\u010dnosti podpa\u013ea\u010dstvom.&nbsp;<\/p>\n<p>Jej sprievodn\u00e9 v\u00fdroky na adresu inoveriacich (\u201cparaziti a svrab\u201d) s\u00fa v\u0161ak \u0161kared\u00e9 a zov\u0161eobec\u0148uj\u00face. Ur\u010dite nie v\u0161etci s\u00fa tak\u00ed. Nie v\u0161etci s\u00fa aj napr.teroristi.<\/p>\n<p>P\u00e1lenie n\u00e1bo\u017eensk\u00fdch kn\u00edh je v\u0161ak zau\u017e\u00edvan\u00e9 odd\u00e1vna. V stredoveku sa napr\u00edklad ist\u00fd jezuita, p\u00e1ter Koni\u00e1\u0161, presl\u00e1vil p\u00e1len\u00edm Bibli\u00ed a in\u00fdch n\u00e1bo\u017eensk\u00fdch kn\u00edh z obsahom ktor\u00fdch nes\u00fahlasil. Aj tak to v\u0161ak bol pokrok &#8211; leb to rozhodne bolo hum\u00e1nnej\u0161ie, ako p\u00e1lenie \u013eud\u00ed. Nie tak d\u00e1vno sa pripom\u00ednalo napr. up\u00e1lenie J\u00e1na Husa a Jeron\u00fdma Pra\u017esk\u00e9ho. Vtedy to vyvolalo revol\u00faciu v \u010cech\u00e1ch a \u00fato\u010dn\u00e9 kri\u017eiacke v\u00fdpravy celej Eur\u00f3py proti cel\u00fdm \u010cech\u00e1m.&nbsp;<\/p>\n<p>&nbsp;Preto dnes mnoh\u00ed odborn\u00edci dobre vedia, \u010do by tak\u00e9to p\u00e1lenie a omo\u010denie mohlo sp\u00f4sobi\u0165! To, \u017ee rusk\u00e9 kazetov\u00e9 bomby padaj\u00fa v S\u00fdrii aj na nemocnice &#8211; to je in\u00e9! Oni presne vedia, koho treba sp\u00e1li\u0165 a zni\u010di\u0165. Amerika je vo vojne s islamom prinajmen\u0161om od \u00fatoku na dvoji\u010dky (iste\u017ee aj sk\u00f4r, ale 11.september sa stal medzn\u00edkom), vo Franc\u00fazku v\u00fdnimo\u010dn\u00fd stav pre ur\u010dit\u00e9 udalosti st\u00e1le trv\u00e1. S\u00fa to na\u0161i spojenci a sme spolu aj v Nato.<\/p>\n<p>&nbsp;Chcem sa V\u00e1s, pani Sheila Sz. sp\u00fdta\u0165 verejne: chceli ste si iba u\u013eavi\u0165, alebo sa chcete rovno zap\u00edsa\u0165 do dej\u00edn nov\u00fdm medzn\u00edkom?<\/p>\n<p>Na za\u010diatku je Va\u0161e mo\u010denie, ale odveta pravdepodobne vyvol\u00e1 teroristick\u00fd \u00fatok. Potom za\u00fato\u010d\u00ed slovensk\u00e1 arm\u00e1da v S\u00fdrii a ned\u00e1 sa vyl\u00fa\u010di\u0165 stret na\u0161ich troch MIGov 29 s rusk\u00fdmi a potom\u2026A kde ich budeme v\u0161etk\u00fdch pochov\u00e1va\u0165? Na to ste nemysleli?<\/p>\n<p>Preto rad\u0161ej zap\u00e1\u013ete nejak\u00fa Bibliu &#8211; to si nev\u0161imne nikto!&nbsp;<\/p>\n<p>A ak sa pri tom vykon\u00e1te mal\u00fa potrebu pred kamerou, bude na Slovensku iba viac smiechu a veselosti, aj j\u00e1j. Rozhodne nebude kona\u0165 ani NPJ, ani NKA, ani PS, ani \u0160TS a rozhodne nebude kona\u0165 ani n\u00e1\u0161 Najvy\u0161\u0161\u00ed s\u00fad. Mo\u017eno len s\u00fad Posledn\u00fd.<\/p>\n","protected":false},"excerpt":{"rendered":"<p>Fejt\u00f3n &#8211; Novovzniknut\u00e1 N\u00e1rodn\u00e1 protiteroristick\u00e1 jednotka m\u00e1 za sebou prv\u00fd \u00faspe\u0161n\u00fd z\u00e1sah. Kde inde, ako v niekdaj\u0161om srdci SNP a v teraj\u0161om srdci strany Marianovcov. Nezasiahli v\u0161ak proti tvrd\u00fdm mu\u017eom z Marianovej strany, ani proti vyveseniu fa\u0161istick\u00fdch symbolov, dokonca ani proti verejn\u00e9mu p\u00e1leniu vlajky EU, ktorej je mimochodom Slovensko \u010dlenom, ba ani proti pomerne roz\u0161\u00edren\u00e9mu &#8230; <a title=\"Najvy\u0161\u0161\u00ed s\u00fad rozhodne rozhodne\" class=\"read-more\" href=\"https:\/\/www.e-anjelik.sk\/index.php\/2017\/02\/21\/najvyssi-sud-rozhodne-rozhodne\/\" aria-label=\"Pre\u010d\u00edtajte si viac o Najvy\u0161\u0161\u00ed s\u00fad rozhodne rozhodne\">\u010c\u00edta\u0165 viac<\/a><\/p>\n","protected":false},"author":1,"featured_media":0,"comment_status":"open","ping_status":"open","sticky":false,"template":"","format":"standard","meta":{"footnotes":""},"categories":[1],"tags":[],"class_list":["post-31220","post","type-post","status-publish","format-standard","hentry","category-adventna-modlitba"],"_links":{"self":[{"href":"https:\/\/www.e-anjelik.sk\/index.php\/wp-json\/wp\/v2\/posts\/31220","targetHints":{"allow":["GET"]}}],"collection":[{"href":"https:\/\/www.e-anjelik.sk\/index.php\/wp-json\/wp\/v2\/posts"}],"about":[{"href":"https:\/\/www.e-anjelik.sk\/index.php\/wp-json\/wp\/v2\/types\/post"}],"author":[{"embeddable":true,"href":"https:\/\/www.e-anjelik.sk\/index.php\/wp-json\/wp\/v2\/users\/1"}],"replies":[{"embeddable":true,"href":"https:\/\/www.e-anjelik.sk\/index.php\/wp-json\/wp\/v2\/comments?post=31220"}],"version-history":[{"count":1,"href":"https:\/\/www.e-anjelik.sk\/index.php\/wp-json\/wp\/v2\/posts\/31220\/revisions"}],"predecessor-version":[{"id":31221,"href":"https:\/\/www.e-anjelik.sk\/index.php\/wp-json\/wp\/v2\/posts\/31220\/revisions\/31221"}],"wp:attachment":[{"href":"https:\/\/www.e-anjelik.sk\/index.php\/wp-json\/wp\/v2\/media?parent=31220"}],"wp:term":[{"taxonomy":"category","embeddable":true,"href":"https:\/\/www.e-anjelik.sk\/index.php\/wp-json\/wp\/v2\/categories?post=31220"},{"taxonomy":"post_tag","embeddable":true,"href":"https:\/\/www.e-anjelik.sk\/index.php\/wp-json\/wp\/v2\/tags?post=31220"}],"curies":[{"name":"wp","href":"https:\/\/api.w.org\/{rel}","templated":true}]}}