{"id":31315,"date":"2017-04-22T21:55:06","date_gmt":"2017-04-22T19:55:06","guid":{"rendered":"http:\/\/e-anjelik.sk\/?p=31315"},"modified":"2022-04-25T14:24:19","modified_gmt":"2022-04-25T12:24:19","slug":"zeleny-stvrtok-ustanovenie-vp","status":"publish","type":"post","link":"https:\/\/www.e-anjelik.sk\/index.php\/2017\/04\/22\/zeleny-stvrtok-ustanovenie-vp\/","title":{"rendered":"Zelen\u00fd \u0161tvrtok  &#8211; ustanovenie VP"},"content":{"rendered":"<p><b>Zelen\u00fd \u0161tvrtok\u00a0 \u00a0 \u00a0 <\/b><\/p>\n<p>( Pr\u00edprava k spovedi a VP)<\/p>\n<p><b>1 K 11, 23 &#8211; 32:<\/b><\/p>\n<p><i>\u201cLebo ja som prijal od P\u00c1NA, \u010do som v\u00e1m aj odovzdal: P\u00e1n Je\u017ei\u0161 v t\u00fa noc, ke\u010f bol zraden\u00fd, vzal chlieb (24) a ke\u010f dobrore\u010dil, l\u00e1mal a riekol: Vezmite, jedzte, toto je telo moje, ktor\u00e9 sa v\u00e1s vyd\u00e1va; to \u010di\u0148te na moju pamiatku! (25) Podobne po ve\u010deri (vzal) aj kalich a riekol: tento kalich je nov\u00e1 zmluva v mojej krvi: to \u010di\u0148te, kedyko\u013evek budete pi\u0165, na moju pamiatku! (26) Lebo kedyko\u013evek by ste jedli tento chlieb a pili z kalicha, zvestujete smr\u0165 P\u00e1novu, dokia\u013e nepr\u00edde. (27) Preto ktoko\u013evek by nehodne jedol chlieb alebo pil z kalicha P\u00e1novho, previn\u00ed sa proti telu a krvi P\u00e1novej.(28) Sk\u00famaj sa teda, \u010dlove\u010de, a tak jedz z chleba a pi z kalicha;\u00a0 (29) lebo kto nehodne je a pije, ods\u00fadenie si je a pije, lebo nerozozn\u00e1va telo P\u00e1novo. (30) Preto je medzi vami mnoho slab\u00fdch a nemocn\u00fdch, a mnoh\u00ed odumieraj\u00fa. (31) Keby sme sa toti\u017e sami s\u00fadili, neboli by sme s\u00faden\u00ed; (32) t\u00fdm v\u0161ak, \u017ee sme s\u00faden\u00ed, P\u00e1n n\u00e1s vychov\u00e1va, aby sme neboli ods\u00faden\u00ed so svetom\u201d. Amen<\/i><\/p>\n<p><b>\u00a0 \u00a0 \u00a0 \u00a0 \u00a0 \u00a0 \u00a0 \u00a0 <\/b>Mil\u00ed priatelia, bratia a sestry v P\u00e1nu!<\/p>\n<p>\u010casto sa m\u00f4\u017eeme stretn\u00fa\u0165 s \u013eu\u010fmi, ktor\u00ed sa chv\u00e1lia, \u017ee dostali pozvanie na sl\u00e1vnostn\u00fa ve\u010deru do tzv.\u201dvy\u0161\u0161\u00edch kruhov\u201d &#8211; k prim\u00e1torovi, gener\u00e1lnemu riadite\u013eovi, ministorvi, alebo aj k samotn\u00e9mu prezidentovi. Ak tak\u00fdch \u013eud\u00ed nestret\u00e1me priamo, stret\u00e1vame sa s nimi aspo\u0148 na telev\u00edznej obrazovke. Mo\u017eno im niekto aj z\u00e1vid\u00ed a povie si: Ak\u00e9 to mus\u00ed by\u0165 \u0161\u0165astie a ak\u00e9 \u00fa\u017easn\u00e9 vyznamenanie je, dosta\u0165 tak\u00e9to pozvanie! Hovor\u00ed sa tomu: Jes\u0165 ve\u013ekou ly\u017eicou\u2026<\/p>\n<p><b>Zelen\u00fd \u0161tvrtok <\/b>je pre n\u00e1s tradi\u010dne br\u00e1nou k ve\u013ekono\u010dn\u00fdm sviatkom. Ale z\u00e1rove\u0148 je pre n\u00e1s aj ve\u013ek\u00fdm pozvan\u00edm! Pozvan\u00edm na sl\u00e1vnostn\u00fa a v\u00fdznamn\u00fa Ve\u010deru. Pod\u00e1va ju &#8211; nikto nie men\u0161\u00ed ako Bo\u017e\u00ed Syn. On ju pripravil a On n\u00e1s poz\u00fdva na svoju sv\u00e4t\u00fa Ve\u010deru.<\/p>\n<p>Najsk\u00f4r by sme si mali uvedomi\u0165 a treba to zd\u00f4razni\u0165, \u017ee Ten, ktor\u00fd n\u00e1s poz\u00fdva a ktor\u00fd n\u00e1s vo v\u0161etkom prevy\u0161uje, rob\u00ed to ve\u013emi r\u00e1d a s ve\u013ekou l\u00e1skou. Nie je v tom nijak\u00e1 vypo\u010d\u00edtavos\u0165, ako to niekedy b\u00fdva u \u013eud\u00ed. Za t\u00fdmto pozvan\u00edm je iba \u010dist\u00e1 a ni\u010d\u00edm nemotivovan\u00e1 l\u00e1ska Toho, ktor\u00fd pri\u0161iel, aby h\u013eadal a zachr\u00e1nil, \u010do by inak naveky zahynulo. Prie\u0161iel, aby sme mali \u010do naj\u0161\u0165astnej\u0161\u00ed a najpokojnej\u0161\u00ed \u017eivot v tejto \u010dasnosti a tie\u017e aj vo ve\u010dnosti.(J 10, 10)\u00a0Tak, ako P\u00e1n Je\u017ei\u0161 pozval k hodu bar\u00e1nka (pasche) svojich u\u010den\u00edkov slovami: <i>\u201d T\u00fa\u017eobne som si \u017eelal jes\u0165 s vami tohto ve\u013ekono\u010dn\u00e9ho bar\u00e1nka sk\u00f4r, ako by som trpel\u2026\u201d, (Lk 22, 15) <\/i>tak l\u00e1skavo poz\u00fdva aj n\u00e1s. S rovnakou t\u00fabou n\u00e1m chce udeli\u0165 dary svojho Sv\u00e4t\u00e9ho Ducha.<\/p>\n<p>Apo\u0161tol Pavel spom\u00edna, \u017ee P\u00e1n Je\u017ei\u0161 ustanovil svoju sv\u00e4t\u00fa Ve\u010deru <i>\u201cv t\u00fa noc, ke\u010f bol zraden\u00fd\u201d. <\/i>Uvedomujeme si, \u017ee \u013eudia zr\u00e1dzaj\u00fa Je\u017ei\u0161a \u010dasto. V\u017edy znova, v ka\u017edej gener\u00e1cii sa opakuje ten ist\u00fd z\u00e1pas o prijatie Je\u017ei\u0161a vierou, ale aj s\u00fad na N\u00edm. V\u017edy nanovo je tu \u00a0 skupina \u013eud\u00ed, ktor\u00ed Ho s \u013eahk\u00fdm srdcom opustia a zr\u00e1dzaj\u00fa, ale v\u017edy je tu aj skupina t\u00fdch, ktor\u00ed predsa len vyzn\u00e1vaj\u00fa: <i>\u201dPane, ku komu p\u00f4jdeme, slov\u00e1 ve\u010dn\u00e9ho \u017eivota m\u00e1\u0161 a d\u00e1va\u0161 a my sme uverili a poznali, \u017ee Ty si ten sv\u00e4t\u00fd, Bo\u017e\u00ed\u201d. <\/i>S\u00fa tu v\u017edy aj tak\u00ed, ktor\u00ed si uvedomuj\u00fa, \u017ee nie On stoj\u00ed pred na\u0161\u00edm s\u00fadom: s\u00fadom na\u0161ich n\u00e1zorov, hodnoten\u00ed a krit\u00e9ri\u00ed, ale \u017ee my stoj\u00edme pred Jeho s\u00fadom. A to u\u017e teraz v \u010dasnosti a raz aj pre s\u00fadom posledn\u00fdm.<\/p>\n<p>Postavi\u0165 sa pred P\u00e1na a prija\u0165 miesto pri Jeho stole, pok\u013eakn\u00fa\u0165 pri olt\u00e1ri, kde On pod\u00e1va svoju sv\u00e4t\u00fa Ve\u010deru, kde pod\u00e1va seba ako prav\u00fd pokrm a n\u00e1poj, vy\u017eaduje od \u010dloveka ur\u010dit\u00fa mieru sebakritiky a pok\u00e1nia. V postoji kaj\u00facnika (publik\u00e1na) m\u00e1 si ka\u017ed\u00fd uvedomi\u0165, \u017ee stoj\u00edme pred Jeho s\u00fadom na\u0161ich \u010dinov, vz\u0165ahov a l\u00e1sky.<\/p>\n<p>Bratia a sestry, mil\u00ed priatelia!<\/p>\n<p>Mnoh\u00ed prich\u00e1dzate k Ve\u010deri P\u00e1novej na Zelen\u00fd \u0161tvrtok rok \u010do rok. Nielen ako jednotlivci, ale ste tu mnoh\u00ed aj so svojimi rodinami. Ako man\u017eelia, rodi\u010dia s de\u0165mi i s\u00farodenci. Ver\u00edm, \u017ee v\u0161etk\u00fdm n\u00e1m ide o to ist\u00e9: Aby na\u0161e rodiny boli o\u00e1zami pokoja, porozumenia, l\u00e1sky a d\u00f4very. A v\u0161eci c\u00edtime, \u017ee ma\u0165 dobr\u00fa rodinu, alebo man\u017eelstvo, je ve\u013ek\u00e9 po\u017eehnanie. Ak nie\u010do v tomto smere zlyh\u00e1va, bol\u00ed n\u00e1s to.<\/p>\n<p>P\u00e1n Je\u017ei\u0161 n\u00e1s chce aj dnes posilni\u0165 v na\u0161ich t\u00fa\u017ebach svojou pr\u00edtomnos\u0165ou. Svoj\u00edm sv\u00e4t\u00fdm telom i krvou, ktor\u00e9 obetoval za n\u00e1s.\u00a0Aby sme na\u0161li silu a schopnos\u0165 k vz\u00e1jomn\u00e9mu odpusteniu a k odp\u00fa\u0161\u0165aniu ka\u017edodenn\u00e9mu, tak ako aj Boh<i> \u201codpustil n\u00e1m v Kristu\u201d. <\/i>Aby sme sa milovali, kde sme najviac v l\u00e1ske dl\u017en\u00ed a povinn\u00ed, ako n\u00e1s prv On miloval. A aby sme dok\u00e1zali aj prosi\u0165 o odpustenie na\u0161ich drah\u00fdch a tak predstupova\u0165 pred P\u00e1na s prosbou: Bo\u017ee bu\u010f n\u00e1m milostiv\u00fd!<\/p>\n<p>S\u00fa aj in\u00e9 d\u00f4vody aby sme prijali vz\u00e1cne pozvanie. Sme v\u0161elijako chor\u00ed a slab\u00ed. Apo\u0161tol Pavel aj korintsk\u00fdm kres\u0165anom pripom\u00ednal, aby sa kajali a s vierou prij\u00edmali telo a krv P\u00e1novu. Musel v\u0161ak podotkn\u00fa\u0165, \u017ee nie v\u0161etci tak robili a preto dolo\u017eil: <i>\u201dPreto je medzi vami mnoho slab\u00fdch a nemocn\u00fdch a mnoh\u00ed odumieraj\u00fa\u201d. <\/i>T\u00e1to Pavlova diagn\u00f3za plat\u00ed aj dnes o mnoh\u00fdch.<\/p>\n<p>P\u00e1n Je\u017ei\u0161 povedal:\u201d Nepotrebuj\u00fa lek\u00e1ra zdrav\u00ed, ale chor\u00ed\u201d. Tieto slov\u00e1 si pripom\u00edname preto, aby sme nev\u00e1hali, nielen dnes, v pam\u00e4tn\u00fd de\u0148 ustanovenia Jeho sv\u00e4tej ve\u010dere, ale v\u017edy znova prija\u0165 jeho l\u00e1skav\u00e9 pozvanie.<\/p>\n<p>Bratia a sestry, mil\u00ed priatelia!<\/p>\n<p>Viete si predstavi\u0165 chor\u00e9ho \u010dloveka, ktor\u00fd je pozvan\u00fd k lek\u00e1rovi, alebo je poslan\u00fd na d\u00f4le\u017eit\u00e9 vy\u0161etrenie a lie\u010dbu, a on by povedal:\u00a0\u201c To sa v\u00f4bec neodv\u00e1\u017eim. V takomto stave \u00eds\u0165 k doktorovi? Ve\u010f som v\u00e1\u017ene chor\u00fd! Najsk\u00f4r sa mus\u00ed m\u00f4j stav trochu zlep\u0161i\u0165!\u201d<\/p>\n<p>Ve\u013ea \u013eud\u00ed, ale aj kres\u0165anov si mysl\u00ed nie\u010do podobn\u00e9, ke\u010f s\u00fa pozvan\u00ed k Lek\u00e1rovi nebesk\u00e9mu. Mnoh\u00ed sa c\u00edtia nehodn\u00ed, ale odkladaj\u00fa s pok\u00e1n\u00edm a lie\u010dbou, lebo si myslia, \u017ee najsk\u00f4r sa musia sami akosi polep\u0161i\u0165 a duchovne zosilnie\u0165 a zmocnie\u0165. Je to v\u0161ak ve\u013ek\u00e9 nepochopenie milosti Bo\u017eej a Kristovej, ktor\u00fa n\u00e1m d\u00e1va vo sviatosti, ku ktorej sme pozvan\u00ed.\u00a0Preto vy, ktor\u00ed ste prijali dnes pozvanie a pri\u0161li k spovedi a Ve\u010deri P\u00e1novej, pristupujte s pokornou d\u00f4verou k tr\u00f3nu milosti a tak aj k P\u00e1novmu stolu, aby ste prijali Jeho sv\u00e4t\u00e9 telo a vyliatu krv na Golgote za n\u00e1s. Tak\u00e1to viera a d\u00f4vera je rozhoduj\u00faca pre hodn\u00e9 a prav\u00e9 prij\u00edmanie Jeho sviatosti. Slovami n\u00e1bo\u017enej piesne vyzn\u00e1vajte:<\/p>\n<p><i>\u201cNa Krista svoje hriechy<\/i><\/p>\n<p><i>som zlo\u017eil u\u017e cele.<\/i><\/p>\n<p><i>Ve\u010f On, Bar\u00e1nok tich\u00fd,<\/i><\/p>\n<p><i>ich niesol na tele.<\/i><\/p>\n<p><i>M\u00f4j hriech a moju vinu,<\/i><\/p>\n<p><i>skryl On do svojich r\u00e1n,<\/i><\/p>\n<p><i>bez Neho du\u0161e hyn\u00fa,\u00a0<\/i><\/p>\n<p><i>ja v\u0161ak v \u0147om sp\u00e1su m\u00e1m :\/: \u201d\u00a0 ES 491,1<\/i><\/p>\n<p><i>\u00a0\u00a0 <\/i>Bratia a sestry v P\u00e1nu!<\/p>\n<p>Oslavujme aj dnes Bar\u00e1nka Bo\u017eieho, P\u00e1na Je\u017ei\u0161a Krista, ktor\u00fd n\u00e1s poz\u00fdva k sebe ako \u00fa\u010dastn\u00edkov Novej zmluvy, ktor\u00fa uzavrel s nami v Krste sv\u00e4tom, ktor\u00e1 je zmluvou milosti a ktor\u00fa podp\u00edsal svojou vyliatou sv\u00e4tou a nevinnou krvou a je trvalo platn\u00e1 z Bo\u017eej strany. Oslavujem radostne Toho, ktor\u00fd n\u00e1m d\u00e1va odvahu viery, nov\u00fa silu l\u00e1sky a obnovuje blahoslaven\u00fa n\u00e1dej v n\u00e1s. T\u00fdmito hodnotami Ducha Sv\u00e4t\u00e9ho sa m\u00f4\u017eeme posilni\u0165 a z nich sa te\u0161i\u0165 dnes i na veky vekov! Amen<\/p>\n<p>Soboti\u0161te 2001 \/17 \u00a0 \u00a0 \u00a0 \u00a0 \u00a0 \u00a0 \u00a0 \u00a0 \u00a0 \u00a0 \u00a0 \u00a0 \u00a0 \u00a0 \u00a0 \u00a0 \u00a0 \u00a0 \u00a0 \u00a0 \u00a0 \u00a0 \u00a0 \u00a0 \u00a0 \u00a0 \u00a0 \u00a0 \u00a0 \u00a0 \u00a0 \u00a0 \u00a0 \u00a0 \u00a0 \u013dubom\u00edr Batka st.<\/p>\n","protected":false},"excerpt":{"rendered":"<p>Zelen\u00fd \u0161tvrtok\u00a0 \u00a0 \u00a0 ( Pr\u00edprava k spovedi a VP) 1 K 11, 23 &#8211; 32: \u201cLebo ja som prijal od P\u00c1NA, \u010do som v\u00e1m aj odovzdal: P\u00e1n Je\u017ei\u0161 v t\u00fa noc, ke\u010f bol zraden\u00fd, vzal chlieb (24) a ke\u010f dobrore\u010dil, l\u00e1mal a riekol: Vezmite, jedzte, toto je telo moje, ktor\u00e9 sa v\u00e1s vyd\u00e1va; to &#8230; <a title=\"Zelen\u00fd \u0161tvrtok  &#8211; ustanovenie VP\" class=\"read-more\" href=\"https:\/\/www.e-anjelik.sk\/index.php\/2017\/04\/22\/zeleny-stvrtok-ustanovenie-vp\/\" aria-label=\"Pre\u010d\u00edtajte si viac o Zelen\u00fd \u0161tvrtok  &#8211; ustanovenie VP\">\u010c\u00edta\u0165 viac<\/a><\/p>\n","protected":false},"author":4,"featured_media":0,"comment_status":"open","ping_status":"open","sticky":false,"template":"","format":"standard","meta":{"footnotes":""},"categories":[121,95,541],"tags":[],"class_list":["post-31315","post","type-post","status-publish","format-standard","hentry","category-kazne","category-sobotiste","category-zeleny-stvrtok-post"],"_links":{"self":[{"href":"https:\/\/www.e-anjelik.sk\/index.php\/wp-json\/wp\/v2\/posts\/31315","targetHints":{"allow":["GET"]}}],"collection":[{"href":"https:\/\/www.e-anjelik.sk\/index.php\/wp-json\/wp\/v2\/posts"}],"about":[{"href":"https:\/\/www.e-anjelik.sk\/index.php\/wp-json\/wp\/v2\/types\/post"}],"author":[{"embeddable":true,"href":"https:\/\/www.e-anjelik.sk\/index.php\/wp-json\/wp\/v2\/users\/4"}],"replies":[{"embeddable":true,"href":"https:\/\/www.e-anjelik.sk\/index.php\/wp-json\/wp\/v2\/comments?post=31315"}],"version-history":[{"count":2,"href":"https:\/\/www.e-anjelik.sk\/index.php\/wp-json\/wp\/v2\/posts\/31315\/revisions"}],"predecessor-version":[{"id":33409,"href":"https:\/\/www.e-anjelik.sk\/index.php\/wp-json\/wp\/v2\/posts\/31315\/revisions\/33409"}],"wp:attachment":[{"href":"https:\/\/www.e-anjelik.sk\/index.php\/wp-json\/wp\/v2\/media?parent=31315"}],"wp:term":[{"taxonomy":"category","embeddable":true,"href":"https:\/\/www.e-anjelik.sk\/index.php\/wp-json\/wp\/v2\/categories?post=31315"},{"taxonomy":"post_tag","embeddable":true,"href":"https:\/\/www.e-anjelik.sk\/index.php\/wp-json\/wp\/v2\/tags?post=31315"}],"curies":[{"name":"wp","href":"https:\/\/api.w.org\/{rel}","templated":true}]}}