{"id":31319,"date":"2017-04-22T23:05:27","date_gmt":"2017-04-22T21:05:27","guid":{"rendered":"http:\/\/e-anjelik.sk\/?p=31319"},"modified":"2017-04-22T23:05:27","modified_gmt":"2017-04-22T21:05:27","slug":"golgota-najsvatejsia-bohosluzba","status":"publish","type":"post","link":"https:\/\/www.e-anjelik.sk\/index.php\/2017\/04\/22\/golgota-najsvatejsia-bohosluzba\/","title":{"rendered":"Golgota &#8211; najsv\u00e4tej\u0161ia Bohoslu\u017eba"},"content":{"rendered":"<p><i>\u00a0 \u00a0 \u00a0 \u00a0 \u00a0 \u00a0 \u00a0 \u00a0 \u00a0 \u00a0 \u00a0 \u00a0 \u00a0 \u00a0 \u00a0 \u00a0 \u00a0 \u00a0 \u00a0 \u00a0 \u00a0 \u00a0 \u00a0 \u00a0 \u00a0 \u00a0 \u00a0<\/i>Golgota &#8211; najsv\u00e4tej\u0161ia Bohoslu\u017eba<\/p>\n<p><i>\u00d3, mu\u017e bolesti,<\/i><\/p>\n<p><i>Kriste n\u00e1\u0161,<\/i><\/p>\n<p><i>na kr\u00ed\u017ei trp\u00ed\u0161 &#8211;<\/i><\/p>\n<p><i>umiera\u0161.<\/i><\/p>\n<p><i>Pre na\u0161u nepr\u00e1vos\u0165<\/i><\/p>\n<p><i>\u00fapie\u0161 s\u00e1m\u2026<\/i><\/p>\n<p><i>\u00d3, Pane, Kriste,<\/i><\/p>\n<p><i>odpus\u0165 n\u00e1m. Amen (MR)<\/i><\/p>\n<p><b>Iz 53, 1-12:<\/b><\/p>\n<p><i>\u00a0\u00a0 \u201cKto uveril na\u0161ej zvesti a na kom bol vyjaven\u00fd z\u00e1sah Hospodinov? (2) Vyr\u00e1stol pred nami ako v\u00fdhonok a ako kore\u0148 z vyprahlej zeme. Nemal postavy ani d\u00f4stojnosti, aby sma ho obdivovali, ani v\u00fdzor, aby sme po \u0148om t\u00fa\u017eili. (3) Opovrhnut\u00fd bol a opusten\u00fd \u013eu\u010fmi, mu\u017e bolesti, ktor\u00fd poznal nemoci a ako niekto, pred k\u00fdm si \u013eudia skr\u00fdvaj\u00fa tv\u00e1r, opovrhnut\u00fd bol, a nev\u00e1\u017eili sme si ho.<\/i><\/p>\n<p><i>(4) Ale on niesol na\u0161e nemoci, vzal na seba na\u0161e bolesti. My sme sa nazdali, \u017ee je zasiahnut\u00fd, Bohom bit\u00fd a str\u00e1pen\u00fd. (5) Ale on bol prebodnut\u00fd pre na\u0161e priestupky, zmu\u010den\u00fd pre na\u0161e nepr\u00e1vosti.\u00a0<\/i><i>On zn\u00e1\u0161al trest za n\u00e1\u0161 pokoj, jeho jazvami sa n\u00e1m dostalo uzdravenia.<\/i><\/p>\n<p><i>(6) My v\u0161etci sme bl\u00fadli ako ovce, v\u0161etci sm echodili vlastnou cestou. Hospodin sp\u00f4sobil, aby ho zasiahla nepr\u00e1vos\u0165 v\u0161etk\u00fdch n\u00e1s. (7) Str\u00e1pen\u00fd pokorne trpel a neotvoril \u00fasta ako ovca ako bar\u00e1nok veden\u00fd na zabitie a neotvoril \u00fasta ako ovca, ktor\u00e1 um\u013akne pred svojimi striha\u010dmi. (8) V\u00e4zen\u00edm a s\u00fadom bol odstr\u00e1nen\u00fd, ale kto sa star\u00e1 o jeho \u00fadel? Lebo bol vy\u0165at\u00fd z krajiny \u017eiv\u00fdch, pre vinu svojho \u013eudu bol zbit\u00fd. (9) Dali mu hrob s bezbo\u017en\u00edkmi a so zlo\u010dincami, ke\u010f zomrel, hoci nesp\u00e1chal n\u00e1silie a nebolo \u013esti v jeho \u00fastach.<\/i><\/p>\n<p><i>(10) Ale Hospodinu sa za\u013e\u00fabilo rani\u0165 ho nemocou. Ak polo\u017eil \u017eivot v obe\u0165 za vinu, mal by vidie\u0165 potomstvo a dlho \u017ei\u0165, skrze neho zdari\u0165 sa m\u00e1, \u010do chce Hospodin. (11) Pre n\u00e1mahu svojho \u017eivota uzrie svetlo. Svoj\u00edm pozn\u00edm m\u00f4j spravodliv\u00fd sluha d\u00e1 spravodlivos\u0165 mnoh\u00fdm a ich nepr\u00e1vosti vezme na seba. (12) Preto mu d\u00e1m podiel s ve\u013ek\u00fdmi a s mocn\u00fdmi sa bude deli\u0165 o koris\u0165, preto\u017ee obetoval svoj \u017eivot na smr\u0165 a po\u010d\u00edtan\u00fd bol s priestupn\u00edkmi, hoci on zniesol hriechy mnoh\u00fdch a zast\u00fapil priestupn\u00edkov.\u201d Amen<\/i><\/p>\n<p><b>\u00a0\u00a0 <\/b>Bratia a sestry v Kristu, P\u00e1novi!<\/p>\n<p>Op\u00e4\u0165 sme vypo\u010duli pa\u0161ie a v duchu prem\u00fd\u0161\u013eame nad udalos\u0165ami Ve\u013ek\u00e9ho Piatku. V\u00e4\u010d\u0161ina z n\u00e1s ich po\u010dula mnohokr\u00e1t, no napriek tomu, &#8211; \u010di azda pr\u00e1ve preto &#8211; ich po\u010d\u00favame v\u017edy z ve\u013ek\u00fdm zaujat\u00edm.\u00a0Pr\u00edbeh Je\u017ei\u0161a z Nazaretu nie je oby\u010dajnou trag\u00e9diou \u010dloveka, ale m\u00e1 vz\u0165ah a dosah pre ka\u017ed\u00e9ho zn\u00e1s. Oslovuj\u00fa n\u00e1s nielen jednotliv\u00e9 udalosti P\u00e1novho utrpenia, ale aj sp\u00f4sob, ako ho zn\u00e1\u0161al a slov\u00e1, ktor\u00e9 pri tom povedal. Tie\u017e aj cel\u00e1 t\u00e1 zvl\u00e1\u0161tna atmosf\u00e9ra, ktor\u00e1 Ho obklopovala na kr\u00ed\u017ei a ktor\u00e1 sa hlboko vr\u00fdva do pam\u00e4ti \u010dloveka.<\/p>\n<p>Nie je to v\u0161ak iba hr\u00f4za dan\u00e9ho okamihu, \u010do s\u00favis\u00ed s Kristovou smr\u0165ou. Pri pozornom po\u010d\u00favan\u00ed svedectiev evanjelistov si m\u00f4\u017eeme uvedomi\u0165, \u017ee opisuj\u00fa Kristova smr\u0165 nie ako trag\u00e9diu, ale sk\u00f4r ako nie\u010do, \u010do pripom\u00edna zlomov\u00fd okamih dej\u00edn a atmosf\u00e9ru bohoslu\u017eby.<\/p>\n<p>Na svete sa udialo ve\u013emi mnoho surov\u00fdch vr\u00e1\u017ed, i justi\u010dn\u00fdch fra\u0161iek. Prelialo sa ve\u013ea krvi a \u013eudstvo pre\u017eilo ve\u013ea utrpenia a trag\u00e9di\u00ed. V na\u0161ej s\u00fa\u010dasnosti to nie je inak. Vid\u00edme v\u0161ak, \u017ee \u013eudia s\u00fa pomerne m\u00e1lo citliv\u00ed na nie\u010do, \u010do sa ich priamo net\u00fdka. Tak\u00fdmi s\u00fa napr\u00edklad aj s\u00fa\u010dasn\u00fa teroristick\u00e9 \u00fatoky sp\u00e1chan\u00e9 na nevinn\u00fdch \u013eu\u010foch v Eur\u00f3pe, no najm\u00e4 dva v\u00fdbuchy islamsk\u00fdch samovra\u017eedn\u00fdch atent\u00e1nikov v dvoch kostoloch medzi koptsk\u00fdmi kres\u0165ami v Egypte na Kvetn\u00fa nede\u013eu. Tieto \u010diny mo\u017eno pova\u017eova\u0165 za nezmyseln\u00e9 prejavy islamsk\u00e9ho n\u00e1silia, ktor\u00e9 \u013eudia s\u00edce ods\u00fadia, ale \u010doskoro na tie nezn\u00e1me obete zabudn\u00fa.<\/p>\n<p>Ale na Golgote\u00a0 sa odohralo nie\u010do, na \u010do nemo\u017eno len tak \u013eahko zabudn\u00fa\u0165. Udalos\u0165 Ve\u013ek\u00e9ho Piatku je in\u00e1 preto, \u017ee ju opr\u00e1vnene \u013eudia v\u0161etk\u00fdch \u010dias vn\u00edmaj\u00fa ako obe\u0165 Je\u017ei\u0161a, ktor\u00e1 s nami, s ka\u017ed\u00fdm z n\u00e1s priamo s\u00favis\u00ed. To spoznali u\u017e t\u00ed, ktor\u00ed boli na Golgote s je\u017ei\u0161om. Dokonca aj niekotr\u00ed zo slu\u017ebu konaj\u00facich vojakov, a dokonca aj zlo\u010dinec, ktor\u00fd trpel a zomieral s\u00fa\u010dasne s Kristom.<\/p>\n<p>Je\u017ei\u0161ovi nebol \u013eahostajn\u00fd \u017eiaden \u010dlovek. Nebol \u013eahostajn\u00fd k t\u00fdm,\u00a0 \u010do trpeli r\u00f4znymi neduhmi telesn\u00fdmi, alebo duchovn\u00fdmi. V\u0161\u00edmal si biedu \u013eud\u00ed duchovn\u00fa i mor\u00e1lnu. Jeho \u017eivot bol zameran\u00fd na v\u0161etk\u00fdch, ktor\u00ed potrebovali ak\u00fako\u013evek pomoc. A aj Jeho smr\u0165 na kr\u00ed\u017ei m\u00f4\u017eeme vn\u00edma\u0165 ako slu\u017ebu pre v\u0161etk\u00fdch, ktor\u00ed <i>\u201csa nam\u00e1haj\u00fa a s\u00fa pre\u0165a\u017een\u00ed\u201d,<\/i> aby im dal odpo\u010dinutie.<\/p>\n<p>Popri samotnom opise a svedectve evanjelistov o trpiacom Je\u017ei\u0161ovi sme si pre\u010d\u00edtali aj opis utrpenia slu\u017eobn\u00edka Bo\u017eieho z knihy proroka Izai\u00e1\u0161a. Toto svedectvo bolo nap\u00edsan\u00e9 vy\u0161e 500 rokov pred Je\u017ei\u0161ov\u00fdm naroden\u00edm. Ak\u00fd je s\u00favis medzi t\u00fdmito dvomi opismi\u00a0 utrpenia?<\/p>\n<p>Odpove\u010f n\u00e1m pom\u00e1ha n\u00e1js\u0165 ist\u00fd bohat\u00fd mu\u017e z Eti\u00f3pie, spr\u00e1vca pokladu princeznej Kand\u00e1ces. Ke\u010f sa vracal z n\u00e1v\u0161tevy Jeruzalema, sedel na voze a \u010d\u00edtal si nahlas text, ktor\u00fd sme aj my vypo\u010duli. Vtedy sa pripojil k nemu diakon Filip, ktor\u00fd sa ho op\u00fdtal: <i>\u201d\u010ci aj rozumie\u0161, \u010do \u010d\u00edta\u0161? \u201d<\/i> Eti\u00f3p\u010dan odpovedal: <i>\u201cAko\u017ee by som rozumel, ak mi to niekto nevysvetl\u00ed! O kom hovor\u00ed prorok: O sebe a \u010di o niekom inom?\u201d<\/i><\/p>\n<p><i>\u00a0<\/i>\u00a0 \u00a0 \u013dud Starej zmluvy, a po \u0148om i novozmluvn\u00e1 cirkev tieto slov\u00e1 pochopili a opatrovali ako tak\u00e9, ktor\u00e9 hovoria o trpiacom Bo\u017eom slu\u017eobn\u00edkovi, v ktorom cirkev vid\u00ed a spozn\u00e1va pr\u00e1ve Je\u017ei\u0161a Krista. S\u00fa to teda prorock\u00e9 slov\u00e1 o Kristovi. S\u00fa in\u0161pirovan\u00e9 Duchom Bo\u017e\u00edm a vy\u017eaduj\u00fa vieru v P\u00e1na Boha a Bo\u017eie konanie.<\/p>\n<p>T\u00fa ist\u00fa vieru vy\u017eaduj\u00fa aj slov\u00e1 evanjelistov z pa\u0161i\u00ed, ak maj\u00fa by\u0165 pochopen\u00e9 a viden\u00e9 sp\u00e1vne. Je\u017ei\u0161 z Nazareta nie je iba jeden z mnoh\u00fdch trpiacich \u013eud\u00ed na zemi, ale v Jeho utrpen\u00ed a smrti je pri diele s\u00e1m Otec nebesk\u00fd. Na Golgote skuto\u010dne i\u0161lo o Bo\u017eie konanie a o z\u00e1sah Hospodinov pre \u010dloveka a pre cel\u00fd svet. Nie iba pre niekoho, alebo pre nieko\u013ek\u00fdch \u013eud\u00ed, ale pre v\u0161etk\u00fdch.<\/p>\n<p>Bratia a sestry v P\u00e1nu!<\/p>\n<p><i>\u201cTak predsa si Kr\u00e1\u013e ?\u201d &#8211; <\/i>sp\u00fdtal sa vzru\u0161ene Pil\u00e1t, ke\u010f vypo\u010d\u00faval Je\u017ei\u0161a. Ten, ktor\u00fd trpel a zomrel, bol Slu\u017eobn\u00edk Hospodinov a bol \u201cpredsa\u201d &#8211; aj Kr\u00e1\u013e. Stal sa na\u0161\u00edm sluhom, ale kto Jeho slu\u017ebu prij\u00edma, st\u00e1va sa \u010dlenom Jeho kr\u00e1\u013eovstva.<\/p>\n<p>Je\u017ei\u0161\u00a0 \u201c<i>vyr\u00e1stol pred nami ako v\u00fdhonok z vyprahlej zeme\u201d, <\/i>predpovedal prorok Izai\u00e1\u0161.<i> <\/i>Poch\u00e1dzal toti\u017e z kore\u0148a kedysi mocn\u00e9ho d\u00e1vidovsk\u00e9ho rodu.Tento Je\u017ei\u0161 na zemi skuto\u010dne nosil meno <i>\u201cV\u00fdhonok<\/i>\u201d &#8211; toti\u017e t\u00fdm, \u017ee bol z Nazaretu, naz\u00fdvali Ho \u201cNazaretsk\u00fd\u201d.<\/p>\n<p>Vieme, \u017ee bol tes\u00e1r a ako tes\u00e1r nemal na sebe ni\u010d momriadne pr\u00ed\u0165a\u017eliv\u00e9. Povedan\u00e9 dne\u0161nou re\u010dou, \u201c<i>nemal \u017eiaden imid\u017e<\/i>\u201d, pre ktor\u00fd by si Ho mal niekto osobitne v\u0161imn\u00fa\u0165. Nemal ani v\u00fdnimo\u010dn\u00fa postavu, ani v\u00fdnimo\u010dn\u00e9 postavenie. Na Golgote sa uk\u00e1zalo, \u017ee skuto\u010dne bol, ako prorok predpovedal: <i>\u201cMu\u017eom bolesti, pred ktor\u00fdm si \u013eudia skr\u00fdvaj\u00fa tv\u00e1r, od ktor\u00e9ho sa odvracaj\u00fa\u2026 a ktor\u00e9mu mohli aj p\u013euvn\u00fa\u0165 do tv\u00e1re\u2026<\/i><\/p>\n<p>Bratia a sestry!<\/p>\n<p>Mo\u017eno by sme naozaj na\u0161li mnoho \u013eud\u00ed s podobn\u00fdm \u00fadelom. Mo\u017eno aj mnoho tak\u00fdch, ktor\u00fdm v\u010dera privol\u00e1vali z\u00e1stupy: Hosana a dnes u\u017e sk\u00f4r to druh\u00e9: Ukri\u017euj ho! Iste bolo aj ve\u013ea tak\u00fdch, ktor\u00fdm sa in\u00ed posmievali v ich utrpen\u00ed.<\/p>\n<p>Preto si v\u00e1\u017ene kladieme dnes ot\u00e1zku:<\/p>\n<p>Bol Je\u017ei\u0161 Ten, ktor\u00fd niesol aj na\u0161e nemoce?<\/p>\n<p>Bol a je Ten, ktor\u00fd vzal na seba na\u0161e nepr\u00e1vosti?<\/p>\n<p>Bol prebodnut\u00fd aj pre na\u0161e priestupky?<\/p>\n<p>Ver\u00edme, \u017ee On zn\u00e1\u0161al trest za n\u00e1\u0161 pokoj pred Bohom, Otcom?<\/p>\n<p>D\u00f4verujeme, ako emausk\u00ed u\u010den\u00edci, ktor\u00ed si v\u0161imli Jeho jazvy a stopy po klincoch na Jeho ruk\u00e1ch, \u017ee pr\u00e1ve tieto rany n\u00e1s m\u00f4\u017eu uzdravi\u0165 a da\u0165 n\u00e1m \u017eivot tej najvy\u0161\u0161ej mo\u017enej kvality, toti\u017e \u017eivot ve\u010dn\u00fd?<\/p>\n<p>Pri t\u00fdchto ot\u00e1zkach sa n\u00e1zory \u013eud\u00ed r\u00f4znia a svet je pri odpovediach na ne trvalo rozdelen\u00fd. Viera aj nevera m\u00e1 svojich apo\u0161tolov a svedkov. Viera, ale aj nevera m\u00e1 svojich vyznava\u010dov. Ku ktor\u00fdm sa prid\u00e1me my?<\/p>\n<p>Ver\u00edme, \u017ee pre Neho a pre Jeho krvav\u00e9 rany obstoj\u00edme pred P\u00e1nom Bohom dnes i potom na poslednom s\u00fade?\u00a0Ver\u00edme v Jeho sv\u00e4t\u00fa, \u010dist\u00fa a dostato\u010dn\u00fa obe\u0165 za n\u00e1s i ostan\u00fdch hre\u0161nikov? Ver\u00edme\u00a0 \u017ee <b>na Golgote <\/b>sa neodohrala len trag\u00e9dia jedn\u00e9ho \u010dloveka z mnoh\u00fdch, ale t\u00e1 <b>najsv\u00e4tej\u0161ia bohoslu\u017eba? \u00a0<\/b>\u017de tam Je\u017ei\u0161 krvou a \u017eivotom platil za n\u00e1s a na\u0161e hriechy i za hriechy sveta?<\/p>\n<p>Ak takto ver\u00edme, vieme, \u017ee tento svet a my v \u0148om &#8211; pri v\u0161etkej \u013eudskej \u00fabohosti a mor\u00e1lnemu \u00fapadku, m\u00e1 n\u00e1dej. M\u00e1 n\u00e1dej skrze obe\u0165 Toho bezvadn\u00e9ho Bar\u00e1nka, ktor\u00e9ho dal Otec ako v\u00fdkupn\u00e9 za v\u0161etk\u00fdch.<\/p>\n<p>Prajem v\u00e1m, aby sme tento de\u0148, pamiatku Kristovej vykupite\u013eskej smrti sv\u00e4tili s vyznan\u00edm Mal\u00e9ho Katechizmu Dr.M.Luthera:\u00a0 Je\u017ei\u0161 trpel, zomrel i vstal z m\u0155tvych i za m\u0148a &#8211;\u00a0 <i>\u201c aby som bol jeho vlastn\u00fd, \u017eil pod N\u00edm v Jeho kr\u00e1\u013eovstve a sl\u00fa\u017eil Mu v ustavi\u010dnej spravodlivosti, nevinnosti a bla\u017eenosti. To je iste vern\u00e1 pravda\u201d! Amen<\/i><\/p>\n<p>Prietr\u017e 2017 \u00a0 \u00a0 \u00a0 \u00a0 \u00a0 \u00a0 \u00a0 \u00a0 \u00a0 Ve\u013ek\u00fd Piatok\u00a0 \u00a0 \u00a0 \u00a0 \u00a0 \u00a0 \u00a0 \u00a0 \u013dubom\u00edr Batka st.<\/p>\n","protected":false},"excerpt":{"rendered":"<p>\u00a0 \u00a0 \u00a0 \u00a0 \u00a0 \u00a0 \u00a0 \u00a0 \u00a0 \u00a0 \u00a0 \u00a0 \u00a0 \u00a0 \u00a0 \u00a0 \u00a0 \u00a0 \u00a0 \u00a0 \u00a0 \u00a0 \u00a0 \u00a0 \u00a0 \u00a0 \u00a0Golgota &#8211; najsv\u00e4tej\u0161ia Bohoslu\u017eba \u00d3, mu\u017e bolesti, Kriste n\u00e1\u0161, na kr\u00ed\u017ei trp\u00ed\u0161 &#8211; umiera\u0161. Pre na\u0161u nepr\u00e1vos\u0165 \u00fapie\u0161 s\u00e1m\u2026 \u00d3, Pane, Kriste, odpus\u0165 n\u00e1m. Amen (MR) Iz 53, 1-12: &#8230; <a title=\"Golgota &#8211; najsv\u00e4tej\u0161ia Bohoslu\u017eba\" class=\"read-more\" href=\"https:\/\/www.e-anjelik.sk\/index.php\/2017\/04\/22\/golgota-najsvatejsia-bohosluzba\/\" aria-label=\"Pre\u010d\u00edtajte si viac o Golgota &#8211; najsv\u00e4tej\u0161ia Bohoslu\u017eba\">\u010c\u00edta\u0165 viac<\/a><\/p>\n","protected":false},"author":4,"featured_media":0,"comment_status":"open","ping_status":"open","sticky":false,"template":"","format":"standard","meta":{"footnotes":""},"categories":[121,152,72],"tags":[],"class_list":["post-31319","post","type-post","status-publish","format-standard","hentry","category-kazne","category-prietrz","category-v-piatok"],"_links":{"self":[{"href":"https:\/\/www.e-anjelik.sk\/index.php\/wp-json\/wp\/v2\/posts\/31319","targetHints":{"allow":["GET"]}}],"collection":[{"href":"https:\/\/www.e-anjelik.sk\/index.php\/wp-json\/wp\/v2\/posts"}],"about":[{"href":"https:\/\/www.e-anjelik.sk\/index.php\/wp-json\/wp\/v2\/types\/post"}],"author":[{"embeddable":true,"href":"https:\/\/www.e-anjelik.sk\/index.php\/wp-json\/wp\/v2\/users\/4"}],"replies":[{"embeddable":true,"href":"https:\/\/www.e-anjelik.sk\/index.php\/wp-json\/wp\/v2\/comments?post=31319"}],"version-history":[{"count":1,"href":"https:\/\/www.e-anjelik.sk\/index.php\/wp-json\/wp\/v2\/posts\/31319\/revisions"}],"predecessor-version":[{"id":31320,"href":"https:\/\/www.e-anjelik.sk\/index.php\/wp-json\/wp\/v2\/posts\/31319\/revisions\/31320"}],"wp:attachment":[{"href":"https:\/\/www.e-anjelik.sk\/index.php\/wp-json\/wp\/v2\/media?parent=31319"}],"wp:term":[{"taxonomy":"category","embeddable":true,"href":"https:\/\/www.e-anjelik.sk\/index.php\/wp-json\/wp\/v2\/categories?post=31319"},{"taxonomy":"post_tag","embeddable":true,"href":"https:\/\/www.e-anjelik.sk\/index.php\/wp-json\/wp\/v2\/tags?post=31319"}],"curies":[{"name":"wp","href":"https:\/\/api.w.org\/{rel}","templated":true}]}}