{"id":3133,"date":"2010-11-01T08:30:58","date_gmt":"2010-11-01T08:30:58","guid":{"rendered":"http:\/\/e-anjelik.sk\/?p=3133"},"modified":"2010-11-01T08:30:58","modified_gmt":"2010-11-01T08:30:58","slug":"kedy-si-pripominaju-pamiatku-reformacie-vo-svedsku","status":"publish","type":"post","link":"https:\/\/www.e-anjelik.sk\/index.php\/2010\/11\/01\/kedy-si-pripominaju-pamiatku-reformacie-vo-svedsku\/","title":{"rendered":"Kedy si pripom\u00ednaj\u00fa Pamiatku reform\u00e1cie vo \u0160v\u00e9dsku?"},"content":{"rendered":"<p>31. okt&oacute;ber si vo v&auml;\u010d&scaron;ine nielen luter&aacute;nskych, ale aj in&yacute;ch protestantsk&yacute;ch cirkv&iacute; na celom svete pripom&iacute;naj&uacute; ako Pamiatku reform&aacute;cie, kedy M. Luther pribil 95 v&yacute;poved&iacute; proti predaju odpustkov na dvere z&aacute;mock&eacute;ho chr&aacute;mu vo Wittenbergu. No nie v&scaron;etky luter&aacute;nske cirkvi si Reform&aacute;ciu pripom&iacute;naj&uacute; v tento de\u0148. V&yacute;nimku tvor&iacute; napr. &Scaron;v&eacute;dska cirkev. Najv&auml;\u010d&scaron;ia lut. cirkev vo svete&nbsp; mala do r. 1983 &nbsp;De\u0148 reform&aacute;cie v jednu nede\u013eu v m&aacute;ji. Evangelienboken z 2003&nbsp;uv&aacute;dza nede\u013eu Sexagesimae ako De\u0148 reform&aacute;cie (Reformationdagen).<\/p>\n","protected":false},"excerpt":{"rendered":"<p>31. okt&oacute;ber si vo v&auml;\u010d&scaron;ine nielen luter&aacute;nskych, ale aj in&yacute;ch protestantsk&yacute;ch cirkv&iacute; na celom svete pripom&iacute;naj&uacute; ako Pamiatku reform&aacute;cie, kedy M. Luther pribil 95 v&yacute;poved&iacute; proti predaju odpustkov na dvere z&aacute;mock&eacute;ho chr&aacute;mu vo Wittenbergu. No nie v&scaron;etky luter&aacute;nske cirkvi si Reform&aacute;ciu pripom&iacute;naj&uacute; v tento de\u0148. V&yacute;nimku tvor&iacute; napr. &Scaron;v&eacute;dska cirkev. Najv&auml;\u010d&scaron;ia lut. cirkev vo svete&nbsp; &#8230; <a title=\"Kedy si pripom\u00ednaj\u00fa Pamiatku reform\u00e1cie vo \u0160v\u00e9dsku?\" class=\"read-more\" href=\"https:\/\/www.e-anjelik.sk\/index.php\/2010\/11\/01\/kedy-si-pripominaju-pamiatku-reformacie-vo-svedsku\/\" aria-label=\"Pre\u010d\u00edtajte si viac o Kedy si pripom\u00ednaj\u00fa Pamiatku reform\u00e1cie vo \u0160v\u00e9dsku?\">\u010c\u00edta\u0165 viac<\/a><\/p>\n","protected":false},"author":22,"featured_media":0,"comment_status":"open","ping_status":"open","sticky":false,"template":"","format":"standard","meta":{"footnotes":""},"categories":[26],"tags":[],"class_list":["post-3133","post","type-post","status-publish","format-standard","hentry","category-pamiatka-reformacie"],"_links":{"self":[{"href":"https:\/\/www.e-anjelik.sk\/index.php\/wp-json\/wp\/v2\/posts\/3133","targetHints":{"allow":["GET"]}}],"collection":[{"href":"https:\/\/www.e-anjelik.sk\/index.php\/wp-json\/wp\/v2\/posts"}],"about":[{"href":"https:\/\/www.e-anjelik.sk\/index.php\/wp-json\/wp\/v2\/types\/post"}],"author":[{"embeddable":true,"href":"https:\/\/www.e-anjelik.sk\/index.php\/wp-json\/wp\/v2\/users\/22"}],"replies":[{"embeddable":true,"href":"https:\/\/www.e-anjelik.sk\/index.php\/wp-json\/wp\/v2\/comments?post=3133"}],"version-history":[{"count":0,"href":"https:\/\/www.e-anjelik.sk\/index.php\/wp-json\/wp\/v2\/posts\/3133\/revisions"}],"wp:attachment":[{"href":"https:\/\/www.e-anjelik.sk\/index.php\/wp-json\/wp\/v2\/media?parent=3133"}],"wp:term":[{"taxonomy":"category","embeddable":true,"href":"https:\/\/www.e-anjelik.sk\/index.php\/wp-json\/wp\/v2\/categories?post=3133"},{"taxonomy":"post_tag","embeddable":true,"href":"https:\/\/www.e-anjelik.sk\/index.php\/wp-json\/wp\/v2\/tags?post=3133"}],"curies":[{"name":"wp","href":"https:\/\/api.w.org\/{rel}","templated":true}]}}