{"id":31331,"date":"2017-05-01T00:12:41","date_gmt":"2017-04-30T22:12:41","guid":{"rendered":"http:\/\/e-anjelik.sk\/?p=31331"},"modified":"2017-05-01T00:13:03","modified_gmt":"2017-04-30T22:13:03","slug":"svedectvo-petra-vzkrieseni","status":"publish","type":"post","link":"https:\/\/www.e-anjelik.sk\/index.php\/2017\/05\/01\/svedectvo-petra-vzkrieseni\/","title":{"rendered":"Svedectvo Petra o vzkriesen\u00ed"},"content":{"rendered":"<p><b>Svedectvo Petra o vzkriesen\u00ed\u00a0<\/b><\/p>\n<p><i>Pre v\u0161etk\u00fdch, Kriste, vstal si z hrobu,<\/i><\/p>\n<p><i>a vst\u00e1va\u0161 zas &#8211;<\/i><\/p>\n<p><i>\u00f3, vsta\u0148 i v n\u00e1s<\/i><\/p>\n<p><i>a posil\u0148 svojich, jak v t\u00fa sl\u00e1vnu dobu.<\/i><\/p>\n<p><i>Nech c\u00edtime i v \u0165a\u017ekom \u017eitia boji,<\/i><\/p>\n<p><i>\u017ee v\u017edy sme Tvoji, i my sme Tvoji,<\/i><\/p>\n<p><i>na nich t\u00e1 Tvoja l\u00e1ska spom\u00edna &#8211;<\/i><\/p>\n<p><i>velik\u00e1, \u0161\u0165astn\u00e1, Bo\u017eia rodina. Amen<\/i><\/p>\n<p><b>Sk 10, 39 &#8211; 43:<\/b><\/p>\n<p><i>\u201c A my same svedkami v\u0161etk\u00e9ho, \u010do \u010dinil v Judskej krajine a v Jeruzaleme, ako Ho aj zamordovali, povesiac Ho na drevo. (40) Toho Boh vzkriesil v tret\u00ed de\u0148 a dal Mu zjavova\u0165 sa\u00a0 (41) nie v\u0161etk\u00e9mu \u013eudu, ale svedkom, Bohom vopred vyvolen\u00fdm, n\u00e1m, ktor\u00ed sme s N\u00edm jedli a pili po Jeho zm\u0155tvychvstan\u00ed. (42) A s\u00e1m prik\u00e1zal zvestova\u0165 \u013eudu a sved\u010di\u0165, \u017ee On je ten Bohom ustanoven\u00fd sudca \u017eiv\u00fdch a m\u0155tvych. (43) O \u0147om sved\u010dia v\u0161etci proroci, \u017ee pre Jeho meno dosiahne odpustenie hriechov ka\u017ed\u00fd, kto ver\u00ed v Neho\u201d. Amen\u00a0<\/i><\/p>\n<p>Bratia a sestry v P\u00e1nu!<\/p>\n<p><b>\u00a0\u00a0 <\/b>Kres\u0165anom je zn\u00e1me stvorite\u013esk\u00e9 Bo\u017eie slovo, ktor\u00e9 ako prv\u00e9 zaznelo z \u00fast Stvorite\u013ea: <i>\u201cBu\u010f svetlo\u201d<\/i>!\u00a0 O tomto prvom stvoren\u00ed je nap\u00edsan\u00e9: <i>\u201cBoh riekol &#8211; a stalo sa\u201d<\/i>. Vzkriesenie Je\u017ei\u0161a Krista, ktor\u00e9 aj dnes sl\u00e1vime, m\u00f4\u017eeme ozna\u010di\u0165 za nov\u00fd Bo\u017e\u00ed stvorite\u013esk\u00fd \u010din, za nov\u00e9 stvorite\u013esk\u00e9 dielo a vznik nov\u00e9ho \u017eivota.<\/p>\n<p>Tak, ako zaznelo pri prvom stvoren\u00ed slovo: <i>\u201cBu\u010f svetlo\u201d<\/i> a odvtedy sa \u0161\u00edri a napl\u0148uje vesm\u00edr a nestr\u00e1ca sa, tak aj Svetlo, ktor\u00e9 sa \u0161\u00edri z otvoren\u00e9ho hrobu Je\u017ei\u0161ovho sa \u0161\u00edri v tomto svete a osvecuje ka\u017ed\u00e9ho \u010dloveka, prich\u00e1dzaj\u00faceho na svet. Pr\u00edtomnos\u0165 svetla si niekedy ani neuvedomujeme. \u010casto ho vn\u00edmame ako nie\u010do samozrejm\u00e9 a prirodzen\u00e9. P\u00e1n Boh nestvoril tmu, ale svetlo! Tma je iba nedostatok svetla.<\/p>\n<p>Aj duchovn\u00e1 tma, ktor\u00e9 oh\u013eadom svetla Vzkriesen\u00e9ho Krista\u00a0 niekde panuje, je iba nedostatkom prav\u00e9ho svetla a Jeho pr\u00edtomnosti. Kde Kristus nie je prij\u00edman\u00fd vierou, kde Mu \u010dlovek vo svojom srdci nechce da\u0165 nijak\u00e9 miesto a priestor, tam je duchovn\u00e1 tma. Aby sa tak nedialo, ale aby Kristus vieru preb\u00fdval v \u013eudsk\u00fdch srdciach a mysliach, ka\u017ed\u00fd potrebuje niekoho, kto mu o tomto svetle sved\u010d\u00ed. Niekoho, kto \u010dloveka na Neho upozorn\u00ed a povzbud\u00ed k prijatiu Toho, ktor\u00fd bol a je Svetlom sveta.<\/p>\n<p>S Martinom Lutherom opr\u00e1vnene vyzn\u00e1vame aj dnes slovo duchovn\u00e9ho poznania z Mal\u00e9ho Katechizmu: <i>\u201dVer\u00edm, \u017ee ja zo svojho vlastn\u00e9ho rozumu a zo svojej sily nem\u00f4\u017eem v Je\u017ei\u0161a Krista, m\u00f4jho P\u00e1na veri\u0165, ani k Nemu pr\u00eds\u0165, ale \u017ee ma Duch Sv\u00e4t\u00fd evanjeliom povolal, svojimi darmi osvietil, v pravej viere posv\u00e4til a zachoval\u2026\u201d.\u00a0<\/i><\/p>\n<p>Zves\u0165 evanjelia, radostn\u00e9ho posolstva o Kristu, V\u00ed\u0165azovi nad smr\u0165ou a na\u0161om Spasite\u013eovi je t\u00fdm prostriedkom, skrze ktor\u00fd Kristus je zvidite\u013enen\u00fd, pozn\u00e1van\u00fd a prij\u00edman\u00fd v \u017eivote \u013eud\u00ed. Ka\u017ed\u00fd z n\u00e1s preto potrebuje nejak\u00e9ho svedka, zvestovate\u013ea, alebo Bo\u017eieho posla, ktor\u00fd n\u00e1m o Kristu m\u00f4\u017ee spr\u00e1vne sved\u010di\u0165. Ktor\u00fd n\u00e1s upozorn\u00ed\u00a0 vidie\u0165 Ho ako duchovn\u00e9 svetlo, ktor\u00e9 neoslepuje o\u010di, ale o\u010di otv\u00e1ra. Evanjelium Ho zjavuje ako \u017eiv\u00e9ho a pr\u00edtomn\u00e9ho P\u00e1na.<\/p>\n<p>Druh\u00fd sviatok ve\u013ekono\u010dn\u00fd n\u00e1m chce pripomen\u00fa\u0165, \u017ee P\u00e1n Boh u\u017e v\u0161etko rozhoduj\u00face a d\u00f4le\u017eit\u00e9 pre svet a z\u00e1chranu hrie\u0161nikov vykonal vo vzkriesenom Kristovi, ale my Ho ako prav\u00e9 Svetlo sveta m\u00e1me prija\u0165 a plne Mu d\u00f4verova\u0165. Ve\u013ekono\u010dn\u00e1 viera a d\u00f4vera vo Vzkriesen\u00e9ho sa nerodila \u013eahko ani v srdciach zbo\u017en\u00fdch \u017eien, ani v srdciach Je\u017ei\u0161ov\u00fdch u\u010den\u00edkov. Evanjelista Marek pripom\u00edna, \u017ee \u017eeny spo\u010diatku:<i> \u201d \u2026Nikomu ni\u010d nepovedali, lebo sa b\u00e1li\u201d<\/i>. Ani u\u010den\u00edci neboli hne\u010f po vzkriesen\u00ed svojho Majstra a P\u00e1na Jeho svedkami a Jeho apo\u0161tolmi. Preverovali si spr\u00e1vu \u017eien, sk\u00famali zves\u0165 o zjaven\u00ed P\u00e1na emausk\u00fdm u\u010den\u00edkom a \u010dakali na osobn\u00e9 stretnutie so Vzkriesen\u00fdm. Iba tak sa mohla narodi\u0165 ich viera a iba tak sa mohli sta\u0165 d\u00f4veryhodn\u00fdmi svedkami Vzkriesen\u00e9ho.<\/p>\n<p>Ke\u010f\u017ee vieme, \u017ee <i>\u201cviera je z po\u010d\u00favania a po\u010d\u00favanie skrze slovo Kristovo\u201d, <\/i>mus\u00ed n\u00e1s tr\u00e1pi\u0165, ak sa zves\u0165 ve\u013ekono\u010dn\u00e9ho evanjelia nedost\u00e1va k \u013eu\u010fom a k na\u0161im bl\u00ed\u017enym. Nie v\u0161etci pokrsten\u00ed\u00a0 dost\u00e1vaj\u00fa dostato\u010dn\u00e9 svedecvo o Kristu. Nie v\u0161ade prenik\u00e1 svetlo od Kristovho otvoren\u00e9ho hrobu. Nie v\u0161etci kres\u0165ania prijali sviatos\u0165 Ve\u010dere P\u00e1novej a tak \u010dist\u00e9ho evanjelia, aby ich viera bola n\u00edm posilnen\u00e1, zregenerovan\u00e1 a \u017eiv\u00e1.<\/p>\n<p>Bratia a sestry v P\u00e1nu!<\/p>\n<p>Vypo\u010duli sve slov\u00e1 zo Sutkov apo\u0161tolov, ktor\u00e9 hovoria o tom, \u017ee slovo o Kristu m\u00e1 pr\u00eds\u0165 naozaj ku v\u0161etk\u00fdm \u013eu\u010fom: k \u017didom i pohanom! T\u00e1to vec spo\u010diatku nebola samozrejm\u00e1 ani pre apo\u0161tola Petra. Po\u010duli sme text, ktor\u00fd je vzat\u00fd z v\u00e4\u010d\u0161ieho odseku, v ktorom sa hovor\u00ed o tom, ako pomaly a postupne viera v evanjeium rastie a \u0161\u00edri sa medzi \u013eu\u010fmi.<\/p>\n<p>Svedectv\u00e1 viery apo\u0161tolov nezaznievali v ich \u010dasoch a dob\u00e1ch v chr\u00e1moch, ale v dom\u00e1cnostiach. Evajelium zvesotvali sk\u00f4r v mal\u00fdch skupin\u00e1ch, ako vo ve\u013ek\u00fdch zhroma\u017edeniach. Odstup \u017didov od pohanov, ale aj opa\u010dne, odstup pohanov od \u017didov bol zna\u010dn\u00fd. Jedni druh\u00fdch sa ob\u00e1vali a t\u00fdmi druh\u00fdmi poh\u0155dali.<\/p>\n<p>Dne\u0161n\u00fd \u00faryvok hovor\u00ed o tom, ako bol apo\u0161tol Peter pozvan\u00fd do domu pohansk\u00e9ho vojaka Korn\u00e9lia a mal v jeho dome, medzi jeho pr\u00edbuzn\u00fdmi a priate\u013emi sved\u010di\u0165 o Kristu. Peter, povzbuden\u00fd zvl\u00e1\u0161tnym viden\u00edm, ktor\u00e9 mal, a hlasom, ktor\u00fd po\u010dul ako hlas Kristov, napokon hovoril a sved\u010dil o Kristovi zhroma\u017eden\u00edm u Korn\u00e9lia. Svoje svedetvo za\u010d\u00ednal priamo pouk\u00e1zan\u00edm na smr\u0165 Kristovu. Hovoril pr\u00edtomn\u00fdm, ako <i>\u201cJe\u017ei\u0161a zamordovali, povesiac Ho na drevo\u201d<\/i>. A potom hne\u010f sved\u010d\u00ed o tom, \u017ee Ho Boh vzkriesil v tret\u00ed de\u0148 a ako sa potom zjavoval vyvolen\u00fdm svedkom. T\u00fdm, ktor\u00fdch si vyvolil a ktor\u00fdch aj po zm\u0155tvychvstan\u00ed pozval k svojej Ve\u010deri, aby poznali a pochopili, \u017ee aj na\u010falej bude pr\u00e1ve tak\u00fdmto sp\u00f4sobom, vo sviatosti, so svojimi u\u010den\u00edkmi a apo\u0161tolmi.<\/p>\n<p>Peter bol ten, ktor\u00fd bol v dome Korn\u00e9liovom prekvapen\u00fd najviac. Prekvapen\u00fd bol z novej sk\u00fasenosti, \u017ee aj pohania uverili. Bolo to zrejm\u00e9 z prijatia, ktor\u00e9ho sa mu dostalo. Ale i z v\u010faky a radosti, ktor\u00fa pre\u017e\u00edvali pr\u00edtomn\u00ed pohania spolu s n\u00edm, ke\u010f sa radovali z odpustenia hriechov. Ich srdcia boli pln\u00e9 radosti a chv\u00e1ly z daru viery a prav\u00e9ho poznania o pr\u00edtomnom a konaj\u00facom P\u00e1novi medzi nimi.\u00a0Peter vtedy vvznal: <i>\u201dVpravde, teraz pozn\u00e1vam, \u017ee Boh nie je prij\u00edma\u010dom os\u00f4b, ale \u017ee Mu je pr\u00edjemn\u00fd, kto v ktoromko\u013evek n\u00e1rode sa Ho boj\u00ed a kon\u00e1 spravodlivo\u201d. (v.35) <\/i>Pokoj, ktor\u00fd Kristus P\u00e1n priniesol a prin\u00e1\u0161a aj dnes sa narodil z viery v zm\u0155tvychvstal\u00e9ho Je\u017ei\u0161a. Ak svet, alebo ktoko\u013evek z \u013eud\u00ed h\u013ead\u00e1 pokoj, porozumnie, odpustenie a zmierenie, n\u00e1jde ich v Kristu, P\u00e1novi.<\/p>\n<p>Ak vierou pr\u00edjmeme svedectvo evanjelistov a apo\u0161tolov o Kristu a dovol\u00edme Duchu Sv\u00e4t\u00e9mu p\u00f4sobi\u0165 v n\u00e1s, budeme m\u00f4c\u0165 prij\u00edma\u0165 aj Jeho dary, ktor\u00e9 pre n\u00e1s m\u00e1 a ktor\u00fdmi n\u00e1s chce naplni\u0165, po\u017eehna\u0165\u00a0 a obohati\u0165. Pritom je na pov\u0161imnutie, \u017ee Kristove dary s\u00fa darmi nielen pre jednotliv\u00e9 osoby, ale aj pre rodiny a rodiaci sa cirkevn\u00fd zbor v Korn\u00e9liovom dome. Pov\u0161imnutia hodn\u00fa s\u00fa aj slov\u00e1, ktor\u00e9 tu \u010d\u00edtame: <i>\u201d Prosili Petra, aby pobudol s nimi nieko\u013eko dn\u00ed\u201d<\/i>.<\/p>\n<p>Svedectvo viery c\u00edtili a pre\u017e\u00edvali silne a bolo im zrejm\u00e9, \u017ee si ho m\u00f4\u017eu zachova\u0165 pr\u00e1ve a len v spolo\u010denstve veriacich. Tak, ako horiaci uhl\u00edk m\u00e1 dlh\u00fa \u017eivotnos\u0165 a hor\u00fa\u010dos\u0165 vtedy, ak zost\u00e1va v pahrebe. Ale ak sa z nej uvo\u013en\u00ed, ak z nej vypadne, r\u00fdchlo hasne.\u00a0Tak aj veriaci \u010dlovek si vieru udr\u017e\u00ed len v spolo\u010denstve veriacich. Kto ho opust\u00ed, ve\u013emi skoro duchovne hasne, duchovne v\u00e4dne a usych\u00e1.<\/p>\n<p>Bratia a sestry v Kristu!<\/p>\n<p>Prosme dnes vzkriesen\u00e9ho a \u017eiv\u00e9ho P\u00e1na, aby bol s nami a uprostred n\u00e1s aj po skon\u010den\u00ed sl\u00e1vnostn\u00fdch dn\u00ed. Aby na\u0161e rodiny zost\u00e1vali tak\u00fdmi, v ktor\u00fdch p\u00f4sob\u00ed a kon\u00e1 On, vzkriesen\u00fd Kristus, skrze slovo a sviatosti.\u00a0Ve\u013ekono\u010dn\u00e9 sviatky sa r\u00fdchlo pomin\u00fa a za\u010dn\u00fa op\u00e4\u0165 v\u0161edn\u00e9 dni. Nebud\u00fa v\u0161ak v\u0161edn\u00e9, ak v nich bude svieti\u0165 svetlo Kristovo. Svetlo evanjelia o Vzkriesenom, ktor\u00e9 prin\u00e1\u0161a tich\u00fa, ale prav\u00fa rados\u0165 n\u00e1m, a n\u00e1dej a silu k svedectvu na\u0161im bl\u00edzkym a bl\u00ed\u017enym. Amen<\/p>\n<p>&nbsp;<\/p>\n<p>2. sl\u00e1vnos\u0165 ve\u013ekono\u010dn\u00e1 \u00a0 \u00a0 \u00a0 Prietr\u017e 2017 \u00a0 \u00a0 \u013dubom\u00edr Batka st.<\/p>\n","protected":false},"excerpt":{"rendered":"<p>Svedectvo Petra o vzkriesen\u00ed\u00a0 Pre v\u0161etk\u00fdch, Kriste, vstal si z hrobu, a vst\u00e1va\u0161 zas &#8211; \u00f3, vsta\u0148 i v n\u00e1s a posil\u0148 svojich, jak v t\u00fa sl\u00e1vnu dobu. Nech c\u00edtime i v \u0165a\u017ekom \u017eitia boji, \u017ee v\u017edy sme Tvoji, i my sme Tvoji, na nich t\u00e1 Tvoja l\u00e1ska spom\u00edna &#8211; velik\u00e1, \u0161\u0165astn\u00e1, Bo\u017eia rodina. Amen &#8230; <a title=\"Svedectvo Petra o vzkriesen\u00ed\" class=\"read-more\" href=\"https:\/\/www.e-anjelik.sk\/index.php\/2017\/05\/01\/svedectvo-petra-vzkrieseni\/\" aria-label=\"Pre\u010d\u00edtajte si viac o Svedectvo Petra o vzkriesen\u00ed\">\u010c\u00edta\u0165 viac<\/a><\/p>\n","protected":false},"author":4,"featured_media":0,"comment_status":"open","ping_status":"open","sticky":false,"template":"","format":"standard","meta":{"footnotes":""},"categories":[1],"tags":[],"class_list":["post-31331","post","type-post","status-publish","format-standard","hentry","category-adventna-modlitba"],"_links":{"self":[{"href":"https:\/\/www.e-anjelik.sk\/index.php\/wp-json\/wp\/v2\/posts\/31331","targetHints":{"allow":["GET"]}}],"collection":[{"href":"https:\/\/www.e-anjelik.sk\/index.php\/wp-json\/wp\/v2\/posts"}],"about":[{"href":"https:\/\/www.e-anjelik.sk\/index.php\/wp-json\/wp\/v2\/types\/post"}],"author":[{"embeddable":true,"href":"https:\/\/www.e-anjelik.sk\/index.php\/wp-json\/wp\/v2\/users\/4"}],"replies":[{"embeddable":true,"href":"https:\/\/www.e-anjelik.sk\/index.php\/wp-json\/wp\/v2\/comments?post=31331"}],"version-history":[{"count":2,"href":"https:\/\/www.e-anjelik.sk\/index.php\/wp-json\/wp\/v2\/posts\/31331\/revisions"}],"predecessor-version":[{"id":31333,"href":"https:\/\/www.e-anjelik.sk\/index.php\/wp-json\/wp\/v2\/posts\/31331\/revisions\/31333"}],"wp:attachment":[{"href":"https:\/\/www.e-anjelik.sk\/index.php\/wp-json\/wp\/v2\/media?parent=31331"}],"wp:term":[{"taxonomy":"category","embeddable":true,"href":"https:\/\/www.e-anjelik.sk\/index.php\/wp-json\/wp\/v2\/categories?post=31331"},{"taxonomy":"post_tag","embeddable":true,"href":"https:\/\/www.e-anjelik.sk\/index.php\/wp-json\/wp\/v2\/tags?post=31331"}],"curies":[{"name":"wp","href":"https:\/\/api.w.org\/{rel}","templated":true}]}}