{"id":3134,"date":"2010-11-01T09:08:15","date_gmt":"2010-11-01T09:08:15","guid":{"rendered":"http:\/\/e-anjelik.sk\/?p=3134"},"modified":"2010-11-01T09:08:15","modified_gmt":"2010-11-01T09:08:15","slug":"zaverecna-sprava-luteransko-katolickych-rozhovorov-v-usa","status":"publish","type":"post","link":"https:\/\/www.e-anjelik.sk\/index.php\/2010\/11\/01\/zaverecna-sprava-luteransko-katolickych-rozhovorov-v-usa\/","title":{"rendered":"Z\u00e1vere\u010dn\u00e1 spr\u00e1va luter\u00e1nsko -katol\u00edckych rozhovorov v USA"},"content":{"rendered":"<p>V&nbsp;USA bude 15. novembra t.r. pre verejnos\u0165 zverejnen&aacute; 65-stranov&aacute; z&aacute;vere\u010dn&aacute; spr&aacute;va dial&oacute;gu z&aacute;stupcov ELCA a r&iacute;mskokatol&iacute;ckej biskupskej konferencie USA k t&eacute;me &quot;N&aacute;dej ve\u010dn&eacute;ho \u017eivota.&quot; Rozhovory trvali &scaron;tyri a pol roka a financovali ju obe strany. Pozvan&iacute; boli aj z&aacute;stupcovcia LCMS. Na rozhovoroch boli dvaja z&aacute;stupcovia tejto konzervat&iacute;vnej lut. cirkvi USA, ale z&aacute;vere\u010dn&yacute; dokument nepodpisovali. Rozhovory sa t&yacute;kali s&uacute;vislost&iacute; s kres\u0165ansk&yacute;m \u017eivotom po smrti, spolo\u010denstva sv&auml;t&yacute;ch,vzkriesenia po smrti a&nbsp;n&aacute;slednom s&uacute;de, ako aj historicky rozdielnych ot&aacute;zok ako s&uacute; o\u010distec, odpustky, modlitby za m\u0155tvych.<\/p>\n<p>(<a href=\"http:\/\/www.elca.org\">www.elca.org<\/a>)<\/p>\n","protected":false},"excerpt":{"rendered":"<p>V&nbsp;USA bude 15. novembra t.r. pre verejnos\u0165 zverejnen&aacute; 65-stranov&aacute; z&aacute;vere\u010dn&aacute; spr&aacute;va dial&oacute;gu z&aacute;stupcov ELCA a r&iacute;mskokatol&iacute;ckej biskupskej konferencie USA k t&eacute;me &quot;N&aacute;dej ve\u010dn&eacute;ho \u017eivota.&quot; Rozhovory trvali &scaron;tyri a pol roka a financovali ju obe strany. Pozvan&iacute; boli aj z&aacute;stupcovcia LCMS. Na rozhovoroch boli dvaja z&aacute;stupcovia tejto konzervat&iacute;vnej lut. cirkvi USA, ale z&aacute;vere\u010dn&yacute; dokument nepodpisovali. Rozhovory &#8230; <a title=\"Z\u00e1vere\u010dn\u00e1 spr\u00e1va luter\u00e1nsko -katol\u00edckych rozhovorov v USA\" class=\"read-more\" href=\"https:\/\/www.e-anjelik.sk\/index.php\/2010\/11\/01\/zaverecna-sprava-luteransko-katolickych-rozhovorov-v-usa\/\" aria-label=\"Pre\u010d\u00edtajte si viac o Z\u00e1vere\u010dn\u00e1 spr\u00e1va luter\u00e1nsko -katol\u00edckych rozhovorov v USA\">\u010c\u00edta\u0165 viac<\/a><\/p>\n","protected":false},"author":22,"featured_media":0,"comment_status":"open","ping_status":"open","sticky":false,"template":"","format":"standard","meta":{"footnotes":""},"categories":[46,2,10],"tags":[],"class_list":["post-3134","post","type-post","status-publish","format-standard","hentry","category-amerika","category-ekumena","category-zo-sveta"],"_links":{"self":[{"href":"https:\/\/www.e-anjelik.sk\/index.php\/wp-json\/wp\/v2\/posts\/3134","targetHints":{"allow":["GET"]}}],"collection":[{"href":"https:\/\/www.e-anjelik.sk\/index.php\/wp-json\/wp\/v2\/posts"}],"about":[{"href":"https:\/\/www.e-anjelik.sk\/index.php\/wp-json\/wp\/v2\/types\/post"}],"author":[{"embeddable":true,"href":"https:\/\/www.e-anjelik.sk\/index.php\/wp-json\/wp\/v2\/users\/22"}],"replies":[{"embeddable":true,"href":"https:\/\/www.e-anjelik.sk\/index.php\/wp-json\/wp\/v2\/comments?post=3134"}],"version-history":[{"count":0,"href":"https:\/\/www.e-anjelik.sk\/index.php\/wp-json\/wp\/v2\/posts\/3134\/revisions"}],"wp:attachment":[{"href":"https:\/\/www.e-anjelik.sk\/index.php\/wp-json\/wp\/v2\/media?parent=3134"}],"wp:term":[{"taxonomy":"category","embeddable":true,"href":"https:\/\/www.e-anjelik.sk\/index.php\/wp-json\/wp\/v2\/categories?post=3134"},{"taxonomy":"post_tag","embeddable":true,"href":"https:\/\/www.e-anjelik.sk\/index.php\/wp-json\/wp\/v2\/tags?post=3134"}],"curies":[{"name":"wp","href":"https:\/\/api.w.org\/{rel}","templated":true}]}}