{"id":3135,"date":"2010-11-01T09:22:18","date_gmt":"2010-11-01T09:22:18","guid":{"rendered":"http:\/\/e-anjelik.sk\/?p=3135"},"modified":"2010-11-01T09:22:18","modified_gmt":"2010-11-01T09:22:18","slug":"evanjelicko-luteranska-cirkev-v-severnom-nemecku","status":"publish","type":"post","link":"https:\/\/www.e-anjelik.sk\/index.php\/2010\/11\/01\/evanjelicko-luteranska-cirkev-v-severnom-nemecku\/","title":{"rendered":"Evanjelicko-luter\u00e1nska cirkev v Severnom Nemecku"},"content":{"rendered":"<p>Toto &uacute;radn&eacute; pomenovanie ponesie nov&aacute; spojen&aacute; cirkev na Severe Nemecka od Letn&iacute;c 2012. Vznikne zl&uacute;\u010den&iacute;m troch doteraj&scaron;&iacute;ch krajinsk&yacute;ch cirkv&iacute;: Severn&eacute;ho Polabia, Meklenburska a Pomoranska. Rozhodla o tom spojen&aacute; &uacute;stavodarn&aacute; synoda 266 z&aacute;stupcov t&yacute;chto troch cirkv&iacute; v Travemuende 31. okt. 2010. M&ocirc;\u017ee nies\u0165 aj kr&aacute;tke pomenovanie Nordkirche &#8211; Severn&aacute; cirkev. Spojen&aacute; cirkev bude ma\u0165 dovedna 2,4 mili&oacute;na \u010dlenov. O\u010dak&aacute;vaj&uacute; sa nielen pozit&iacute;va a harm&oacute;nia, ale aj spory, napr. z toho, \u017ee ide o jednu z&aacute;padn&uacute; a dve v&yacute;chodn&eacute;, dve luter&aacute;nske a jednu uniovan&uacute; a pod.<\/p>\n<p>(<a href=\"http:\/\/www.idea.de\">www.idea.de<\/a>)<\/p>\n","protected":false},"excerpt":{"rendered":"<p>Toto &uacute;radn&eacute; pomenovanie ponesie nov&aacute; spojen&aacute; cirkev na Severe Nemecka od Letn&iacute;c 2012. Vznikne zl&uacute;\u010den&iacute;m troch doteraj&scaron;&iacute;ch krajinsk&yacute;ch cirkv&iacute;: Severn&eacute;ho Polabia, Meklenburska a Pomoranska. Rozhodla o tom spojen&aacute; &uacute;stavodarn&aacute; synoda 266 z&aacute;stupcov t&yacute;chto troch cirkv&iacute; v Travemuende 31. okt. 2010. M&ocirc;\u017ee nies\u0165 aj kr&aacute;tke pomenovanie Nordkirche &#8211; Severn&aacute; cirkev. Spojen&aacute; cirkev bude ma\u0165 dovedna 2,4 &#8230; <a title=\"Evanjelicko-luter\u00e1nska cirkev v Severnom Nemecku\" class=\"read-more\" href=\"https:\/\/www.e-anjelik.sk\/index.php\/2010\/11\/01\/evanjelicko-luteranska-cirkev-v-severnom-nemecku\/\" aria-label=\"Pre\u010d\u00edtajte si viac o Evanjelicko-luter\u00e1nska cirkev v Severnom Nemecku\">\u010c\u00edta\u0165 viac<\/a><\/p>\n","protected":false},"author":22,"featured_media":0,"comment_status":"open","ping_status":"open","sticky":false,"template":"","format":"standard","meta":{"footnotes":""},"categories":[9,10],"tags":[],"class_list":["post-3135","post","type-post","status-publish","format-standard","hentry","category-europa","category-zo-sveta"],"_links":{"self":[{"href":"https:\/\/www.e-anjelik.sk\/index.php\/wp-json\/wp\/v2\/posts\/3135","targetHints":{"allow":["GET"]}}],"collection":[{"href":"https:\/\/www.e-anjelik.sk\/index.php\/wp-json\/wp\/v2\/posts"}],"about":[{"href":"https:\/\/www.e-anjelik.sk\/index.php\/wp-json\/wp\/v2\/types\/post"}],"author":[{"embeddable":true,"href":"https:\/\/www.e-anjelik.sk\/index.php\/wp-json\/wp\/v2\/users\/22"}],"replies":[{"embeddable":true,"href":"https:\/\/www.e-anjelik.sk\/index.php\/wp-json\/wp\/v2\/comments?post=3135"}],"version-history":[{"count":0,"href":"https:\/\/www.e-anjelik.sk\/index.php\/wp-json\/wp\/v2\/posts\/3135\/revisions"}],"wp:attachment":[{"href":"https:\/\/www.e-anjelik.sk\/index.php\/wp-json\/wp\/v2\/media?parent=3135"}],"wp:term":[{"taxonomy":"category","embeddable":true,"href":"https:\/\/www.e-anjelik.sk\/index.php\/wp-json\/wp\/v2\/categories?post=3135"},{"taxonomy":"post_tag","embeddable":true,"href":"https:\/\/www.e-anjelik.sk\/index.php\/wp-json\/wp\/v2\/tags?post=3135"}],"curies":[{"name":"wp","href":"https:\/\/api.w.org\/{rel}","templated":true}]}}