{"id":31373,"date":"2017-07-05T12:16:18","date_gmt":"2017-07-05T10:16:18","guid":{"rendered":"http:\/\/e-anjelik.sk\/?p=31373"},"modified":"2017-07-05T12:16:18","modified_gmt":"2017-07-05T10:16:18","slug":"pozvanka-na-distriktualny-den-zd-2017","status":"publish","type":"post","link":"https:\/\/www.e-anjelik.sk\/index.php\/2017\/07\/05\/pozvanka-na-distriktualny-den-zd-2017\/","title":{"rendered":"Pozv\u00e1nka na Di\u0161triktu\u00e1lny de\u0148 ZD 2017"},"content":{"rendered":"<p>Bratia a sestry, Biskupsk\u00fd \u00farad ZD ECAV na Slovensku vo Zvolene, Myjavsk\u00fd senior\u00e1t a CZ ECAV Soboti\u0161te V\u00e1s srde\u010dne poz\u00fdvaj\u00fa na Di\u0161triktu\u00e1lny de\u0148 Z\u00e1padn\u00e9ho di\u0161triktu ECAV na Slovensku na hrade Bran\u010d 5. j\u00fala 2017 (streda). <\/p>\n<p>Na spomienkov\u00fdch sl\u00e1vnostn\u00fdch slu\u017eb\u00e1ch Bo\u017e\u00edch o 10.00 hod. budeme spom\u00edna\u0165 na na\u0161ich vierozvestov Cyrila a Metoda, Majstra Jana Husa i evanjelick\u00fdch mart\u00fdrov cirkvi.<\/p>\n<p> Kazate\u013eom slova Bo\u017eieho bude brat Mgr. Juraj B\u00e1lint, zborov\u00fd far\u00e1r z CZ Nadlak zo Slovensk\u00e9ho evanjelick\u00e9ho luter\u00e1nskeho senior\u00e1tu v Rumunsku.<\/p>\n<p> Sl\u00e1vnostn\u00e9 slu\u017eby Bo\u017eie bud\u00fa obohaten\u00e9 vyst\u00fapen\u00edm zborov\u00e9ho spevokolu EFATHA z CZ ECAV Ostr\u00e1 L\u00faka, detskej hudobnej skupiny z CZ ECAV S\u00e1sa a hudobnej skupiny \u201eSwitch On\u201c z CZ ECAV Vrbovce. <\/p>\n<p> Pre deti s\u00fa pripraven\u00e9 detsk\u00e9 slu\u017eby Bo\u017eie a r\u00f4zne anim\u00e1cie.<\/p>\n<p> Te\u0161\u00edme sa na spolo\u010dn\u00e9 stretnutie na Bran\u010di.<\/p>\n<p>Zdroj: ecav.sk<\/p>\n<p>Martina Krivdov\u00e1, B\u00da ZD vo Zvolene, vmv(at)zdecav.sk | 30.6.2017<\/p>\n","protected":false},"excerpt":{"rendered":"<p>Bratia a sestry, Biskupsk\u00fd \u00farad ZD ECAV na Slovensku vo Zvolene, Myjavsk\u00fd senior\u00e1t a CZ ECAV Soboti\u0161te V\u00e1s srde\u010dne poz\u00fdvaj\u00fa na Di\u0161triktu\u00e1lny de\u0148 Z\u00e1padn\u00e9ho di\u0161triktu ECAV na Slovensku na hrade Bran\u010d 5. j\u00fala 2017 (streda). Na spomienkov\u00fdch sl\u00e1vnostn\u00fdch slu\u017eb\u00e1ch Bo\u017e\u00edch o 10.00 hod. budeme spom\u00edna\u0165 na na\u0161ich vierozvestov Cyrila a Metoda, Majstra Jana Husa i &#8230; <a title=\"Pozv\u00e1nka na Di\u0161triktu\u00e1lny de\u0148 ZD 2017\" class=\"read-more\" href=\"https:\/\/www.e-anjelik.sk\/index.php\/2017\/07\/05\/pozvanka-na-distriktualny-den-zd-2017\/\" aria-label=\"Pre\u010d\u00edtajte si viac o Pozv\u00e1nka na Di\u0161triktu\u00e1lny de\u0148 ZD 2017\">\u010c\u00edta\u0165 viac<\/a><\/p>\n","protected":false},"author":1,"featured_media":0,"comment_status":"open","ping_status":"open","sticky":false,"template":"","format":"standard","meta":{"footnotes":""},"categories":[1,95],"tags":[],"class_list":["post-31373","post","type-post","status-publish","format-standard","hentry","category-adventna-modlitba","category-sobotiste"],"_links":{"self":[{"href":"https:\/\/www.e-anjelik.sk\/index.php\/wp-json\/wp\/v2\/posts\/31373","targetHints":{"allow":["GET"]}}],"collection":[{"href":"https:\/\/www.e-anjelik.sk\/index.php\/wp-json\/wp\/v2\/posts"}],"about":[{"href":"https:\/\/www.e-anjelik.sk\/index.php\/wp-json\/wp\/v2\/types\/post"}],"author":[{"embeddable":true,"href":"https:\/\/www.e-anjelik.sk\/index.php\/wp-json\/wp\/v2\/users\/1"}],"replies":[{"embeddable":true,"href":"https:\/\/www.e-anjelik.sk\/index.php\/wp-json\/wp\/v2\/comments?post=31373"}],"version-history":[{"count":2,"href":"https:\/\/www.e-anjelik.sk\/index.php\/wp-json\/wp\/v2\/posts\/31373\/revisions"}],"predecessor-version":[{"id":31388,"href":"https:\/\/www.e-anjelik.sk\/index.php\/wp-json\/wp\/v2\/posts\/31373\/revisions\/31388"}],"wp:attachment":[{"href":"https:\/\/www.e-anjelik.sk\/index.php\/wp-json\/wp\/v2\/media?parent=31373"}],"wp:term":[{"taxonomy":"category","embeddable":true,"href":"https:\/\/www.e-anjelik.sk\/index.php\/wp-json\/wp\/v2\/categories?post=31373"},{"taxonomy":"post_tag","embeddable":true,"href":"https:\/\/www.e-anjelik.sk\/index.php\/wp-json\/wp\/v2\/tags?post=31373"}],"curies":[{"name":"wp","href":"https:\/\/api.w.org\/{rel}","templated":true}]}}