{"id":31383,"date":"2017-07-01T14:19:59","date_gmt":"2017-07-01T12:19:59","guid":{"rendered":"http:\/\/e-anjelik.sk\/?p=31383"},"modified":"2019-02-22T16:01:14","modified_gmt":"2019-02-22T15:01:14","slug":"oslava-500-rocnice-reformacie-v-myjavskom-seniorate","status":"publish","type":"post","link":"https:\/\/www.e-anjelik.sk\/index.php\/2017\/07\/01\/oslava-500-rocnice-reformacie-v-myjavskom-seniorate\/","title":{"rendered":"Oslava 500.ro\u010dnice reform\u00e1cie v Myjavskom senior\u00e1te"},"content":{"rendered":"<p><b>&nbsp; &nbsp; &nbsp; &nbsp; &nbsp; &nbsp; &nbsp; &nbsp; &nbsp; &nbsp; &nbsp;Misijn\u00e9 podujatie k 500.v\u00fdro\u010diu reform\u00e1cie v Myjavskom senior\u00e1te<\/b><\/p>\n<p><b>&nbsp;&nbsp; &nbsp; <\/b>Pod heslom: <i>Osloboden\u00ed Bo\u017eou milos\u0165ou<\/i>, zi\u0161li sa <b>25. j\u00fana 2017<\/b>, (v 2. nede\u013eu po Sv\u00e4tej Trojici ) zbory MyS na sl\u00e1vnostn\u00fdch slu\u017eb\u00e1ch Bo\u017e\u00edch na Myjave. Pr\u00edprave sl\u00e1vnosti, po po\u010diato\u010dnom v\u00e1han\u00ed, venoval senior\u00e1t n\u00e1le\u017eit\u00fa pozornos\u0165. Oplatilo sa. P\u00e1n Boh po\u017eehnal toto \u00fasilie i samotn\u00e9 SLB, ako aj \u010fal\u0161\u00ed popolud\u0148aj\u0161\u00ed program.<\/p>\n<p>Hos\u0165ov priv\u00edtala ses.Zuzana M\u00e1lkov\u00e1 pr\u00edle\u017eitost\u0148ou b\u00e1s\u0148ou a dom\u00e1ci br.far\u00e1r S. Mi\u0161iak. K navodeniu sl\u00e1vnostnej atmosf\u00e9ry prispelo u\u017e \u00favodn\u00e9 prel\u00fadium pre tr\u00fabku a organ: <i>Jean &#8211; Jozeph Mouret: Rondeau from \u201dSimfonie de Fanfares\u201d.<\/i> \u00davodn\u00fd predspev <i>Najsv\u00e4tej\u0161\u00ed <\/i>zaspieval br.gen.biskup M.Kl\u00e1tik, uvodn\u00fa liturgiu vykonali: Monika \u010cernekov\u00e1, kons.Iveta Vachulov\u00e1 a kons. Peter \u0160vehla (\u017d 36, 6-11) Evanjelium spieval senior M.Hvo\u017e\u010fara (Lk 19, 1-10)<\/p>\n<p>Od \u00favodn\u00e9ho predspevu pod klenbami chr\u00e1mu znel radostn\u00fd, mohutn\u00fd a odu\u0161evnel\u00fd spev pr\u00edtomn\u00fdch, s v\u00fdborn\u00fdm organov\u00fdm doprovodom, doplnen\u00fd hrou na \u010fal\u0161ie hudobn\u00e9 n\u00e1stroje (husle, trubka). Po dlh\u0161om \u010dase sme mohli prec\u00edti\u0165 silu a kr\u00e1su na\u0161ich chor\u00e1lov, disciplinovan\u00fdm spevom ve\u013ek\u00e9ho zboru.<\/p>\n<p>Vynikaj\u00facu k\u00e1ze\u0148 ( R 1, 16) &#8211; po slovensky &#8211; povedal pr\u00edtomn\u00fd <b>br.biskup zo Sliezkej evanjelickej cirkvi v \u010cR<\/b> <b>Jan Waclawek.&nbsp;<\/b><\/p>\n<p><b>&nbsp;&nbsp; &nbsp; &nbsp; <\/b>Aj \u010fal\u0161ie vyst\u00fapenie, spev chor\u00e1lu: <i>Zachovaj n\u00e1s v svojom slove<\/i> &#8211; v podan\u00ed spojen\u00e9ho spevokolu Mys ( asi 86 spev\u00e1kov a spev\u00e1\u010diek zo spevokolov MyS) bolo siln\u00fdm, priam emot\u00edvnym z\u00e1\u017eitkom pre v\u0161etk\u00fdch pr\u00edtomn\u00fdch. M\u00e1loktor\u00e9 srdce ostalo nedotknut\u00e9 a oko such\u00e9\u2026<\/p>\n<p>Nasledovalo prisluhovanie <b>Ve\u010dere P\u00e1novej<\/b> ( senior a prisluhujuci biskupi M.Kl\u00e1tik, M.Krivda a S.Mi\u0161iak) a nebolo sa treba divi\u0165, \u017ee k P\u00e1novmu stolu prist\u00fapili temer v\u0161etci pr\u00edtomn\u00ed. Pri VP boli pou\u017eit\u00e9 historick\u00e9 kalichy: dar \u0161\u013eachtica Kaunitza z Prahy cirkevn\u00e9mu zboru v Skalici, ako v\u00fdraz v\u010faky za prich\u00fdlenie \u010denov Jednoty Bratskej, z ktor\u00e9ho \u201csub utraque\u201d prisluhoval v Skalici v roku <b>1650 aj J\u00e1n \u00c1mos Komensk\u00fd<\/b>. Druh\u00fd kalich bol z myjavsk\u00e9ho CZ, ktor\u00fd je replikou v nov\u0161\u00edch \u010dasoch pluhom vyoran\u00e9ho a prerezan\u00e9ho kalicha v myjavskom chot\u00e1ri. Tam ho stratili evanjelici v dlhoro\u010dnom prenasledovan\u00ed a skr\u00fdvan\u00ed sa pri SLB.<\/p>\n<p>Mohutne, sl\u00e1vnostne a odu\u0161enene znela hymna Hrad prepevn\u00fd po t\u00fdchto slu\u017eb\u00e1ch Bo\u017e\u00edch, kde sme jasne c\u00edtili, \u017ee n\u00e1m tu skuto\u010dne sl\u00fa\u017eil svojou milos\u0165ou Boh a n\u00e1\u0161 P\u00e1n skrze Ducha Sv\u00e4t\u00e9ho.<\/p>\n<p>Popolud\u0148aj\u0161\u00ed program pripraven\u00fd MyS bol tie\u017e pekne nav\u0161t\u00edven\u00fd evanjelikmi, ktor\u00ed prijali bohat\u00fa ponuku spevokolov, zvonkohry z Ko\u0161ar\u00edsk, b\u00e1se\u0148 i pr\u00edhovory. V r\u00e1mci sl\u00e1vnosti boli vyznamenan\u00ed pam\u00e4tnou medailou viacer\u00ed dobre zn\u00e1mi slu\u017eobn\u00edci cirkvi z MyS.<\/p>\n<p>Osobitn\u00fd progam bol pripraven\u00fd aj pre deti. Z\u00e1vere\u010dn\u00fdm koncertom&nbsp; (16. 00 -18. 00 h) ml\u00e1de\u017en\u00edckej skupiny L -+ Band a Mi\u0165o Bodn\u00e1r +Friends pri kostole a osloven\u00edm ml\u00e1de\u017ee sa n\u00e1dhern\u00e1 a po\u017eehnan\u00e1 sl\u00e1vnos\u0165 skon\u010dila.<\/p>\n<p>K pohosteniu prispeli v\u0161etky CZ MyS.<\/p>\n<p>Dom\u00e1ci, myjavsk\u00fd CZ vydal k tejto sl\u00e1vnosti jubilejn\u00fd zborov\u00fd \u010dasopis: <i>Dedi\u010dstvo Krmanovo<\/i> s podrobn\u00fdm \u017eivotopisom Daniela Krmana ml. a kr\u00e1tke dejiny CZ Myjava.<\/p>\n<p>&nbsp;<\/p>\n<p>Soli Deo Gloria! &nbsp; &nbsp; &nbsp; &nbsp; &nbsp; &nbsp; &nbsp; &nbsp; &nbsp; &nbsp; \u013dubom\u00edr Batka st.<\/p>\n","protected":false},"excerpt":{"rendered":"<p>&nbsp; &nbsp; &nbsp; &nbsp; &nbsp; &nbsp; &nbsp; &nbsp; &nbsp; &nbsp; &nbsp;Misijn\u00e9 podujatie k 500.v\u00fdro\u010diu reform\u00e1cie v Myjavskom senior\u00e1te &nbsp;&nbsp; &nbsp; Pod heslom: Osloboden\u00ed Bo\u017eou milos\u0165ou, zi\u0161li sa 25. j\u00fana 2017, (v 2. nede\u013eu po Sv\u00e4tej Trojici ) zbory MyS na sl\u00e1vnostn\u00fdch slu\u017eb\u00e1ch Bo\u017e\u00edch na Myjave. Pr\u00edprave sl\u00e1vnosti, po po\u010diato\u010dnom v\u00e1han\u00ed, venoval senior\u00e1t n\u00e1le\u017eit\u00fa pozornos\u0165. Oplatilo &#8230; <a title=\"Oslava 500.ro\u010dnice reform\u00e1cie v Myjavskom senior\u00e1te\" class=\"read-more\" href=\"https:\/\/www.e-anjelik.sk\/index.php\/2017\/07\/01\/oslava-500-rocnice-reformacie-v-myjavskom-seniorate\/\" aria-label=\"Pre\u010d\u00edtajte si viac o Oslava 500.ro\u010dnice reform\u00e1cie v Myjavskom senior\u00e1te\">\u010c\u00edta\u0165 viac<\/a><\/p>\n","protected":false},"author":4,"featured_media":0,"comment_status":"open","ping_status":"open","sticky":false,"template":"","format":"standard","meta":{"footnotes":""},"categories":[118,6],"tags":[523,522],"class_list":["post-31383","post","type-post","status-publish","format-standard","hentry","category-myjava","category-myjavsky-seniorat","tag-martin-luther","tag-reformacia"],"_links":{"self":[{"href":"https:\/\/www.e-anjelik.sk\/index.php\/wp-json\/wp\/v2\/posts\/31383","targetHints":{"allow":["GET"]}}],"collection":[{"href":"https:\/\/www.e-anjelik.sk\/index.php\/wp-json\/wp\/v2\/posts"}],"about":[{"href":"https:\/\/www.e-anjelik.sk\/index.php\/wp-json\/wp\/v2\/types\/post"}],"author":[{"embeddable":true,"href":"https:\/\/www.e-anjelik.sk\/index.php\/wp-json\/wp\/v2\/users\/4"}],"replies":[{"embeddable":true,"href":"https:\/\/www.e-anjelik.sk\/index.php\/wp-json\/wp\/v2\/comments?post=31383"}],"version-history":[{"count":3,"href":"https:\/\/www.e-anjelik.sk\/index.php\/wp-json\/wp\/v2\/posts\/31383\/revisions"}],"predecessor-version":[{"id":31408,"href":"https:\/\/www.e-anjelik.sk\/index.php\/wp-json\/wp\/v2\/posts\/31383\/revisions\/31408"}],"wp:attachment":[{"href":"https:\/\/www.e-anjelik.sk\/index.php\/wp-json\/wp\/v2\/media?parent=31383"}],"wp:term":[{"taxonomy":"category","embeddable":true,"href":"https:\/\/www.e-anjelik.sk\/index.php\/wp-json\/wp\/v2\/categories?post=31383"},{"taxonomy":"post_tag","embeddable":true,"href":"https:\/\/www.e-anjelik.sk\/index.php\/wp-json\/wp\/v2\/tags?post=31383"}],"curies":[{"name":"wp","href":"https:\/\/api.w.org\/{rel}","templated":true}]}}