{"id":31393,"date":"2017-07-06T19:54:04","date_gmt":"2017-07-06T17:54:04","guid":{"rendered":"http:\/\/e-anjelik.sk\/?p=31393"},"modified":"2017-07-06T19:54:04","modified_gmt":"2017-07-06T17:54:04","slug":"duch-svaty-parakletos","status":"publish","type":"post","link":"https:\/\/www.e-anjelik.sk\/index.php\/2017\/07\/06\/duch-svaty-parakletos\/","title":{"rendered":"Duch Sv\u00e4t\u00fd &#8211; Parakl\u00e9tos"},"content":{"rendered":"<p><i>\u00a0 \u00a0 \u00a0 \u00a0 \u00a0 \u00a0 \u00a0 \u00a0 \u00a0 \u00a0 \u00a0 \u00a0 \u00a0 \u00a0 \u00a0 \u00a0 \u00a0 \u00a0 \u00a0 \u00a0 \u00a0 \u00a0 \u00a0 \u00a0 \u00a0 \u00a0 \u00a0 \u00a0 \u00a0 \u00a0 \u00a0 \u00a0 \u00a0 \u00a0<\/i> Duch Sv\u00e4t\u00fd &#8211; Parakl\u00e9tos<\/p>\n<p><i>U\u010di\u0148 si pr\u00edbytok svoj v n\u00e1s, Pane,<\/i><\/p>\n<p><i>pre l\u00e1sku t\u00fa,<\/i><\/p>\n<p><i>t\u00fdm slovom Tvoj\u00edm v srdciach za\u017enut\u00fa,<\/i><\/p>\n<p><i>Pre Tvoje ve\u013ek\u00e9, ve\u013ek\u00e9 zmilovanie!<\/i><\/p>\n<p><i>Pre ve\u013ekos\u0165 b\u00f4\u013eu &#8211; diela,<\/i><\/p>\n<p><i>praj i n\u00e1m svojho Ducha Te\u0161ite\u013ea,<\/i><\/p>\n<p><i>chv\u00edle tejto pre velebu<\/i><\/p>\n<p><i>zdvihni nas z prachu zeme,<\/i><\/p>\n<p><i>zdvihni k nebu!\u00a0 Amen\u00a0 (M.R.)<\/i><\/p>\n<p>Sl\u00e1vnostn\u00e9 kres\u0165ansk\u00e9 zhroma\u017edenie, drah\u00ed bratia a sestry v P\u00e1novi!<\/p>\n<p>Sv\u00e4todu\u0161n\u00e9 sl\u00e1vnosti s\u00fa oslavou Ducha Sv\u00e4t\u00e9ho a Jeho diela. Spom\u00edname na pr\u00edchod Ducha Sv\u00e4t\u00e9ho k Je\u017ei\u0161ov\u00fdm u\u010den\u00edkom v Jeruzaleme, v p\u00e4\u0165desiaty de\u0148 po Jeho vzkriesen\u00ed. Spom\u00edname s\u00fa\u010dasne na mohutn\u00fa silu Ducha Sv\u00e4t\u00e9ho a jej prejavy. Na to, \u010do sp\u00f4sobil v ich \u017eivote, ale aj v \u017eivote mnoh\u00fdch \u013eud\u00ed. Najm\u00e4 na t\u00fa skuto\u010dnos\u0165, \u017ee Jeho p\u00f4sobenie viedlo k za\u010diatku kres\u0165anskej misie v Jeruzaleme, a potom \u201c<i>a\u017e do posledn\u00fdch kon\u010d\u00edn zeme\u201d. <\/i>P\u00f4soben\u00edm Ducha Sv\u00e4t\u00e9ho sa zrodila kres\u0165ansk\u00e1 cirkev. Spom\u00edname na s\u00favis zvestovan\u00e9ho Slova Bo\u017eieho apo\u0161tolom Petrom s Krstom Sv\u00e4t\u00fdm, ktor\u00fd prijalo okolo tritis\u00edc \u013eud\u00ed.<\/p>\n<p>T.G.Masaryk povedal, \u017ee \u201c<i>\u0161t\u00e1ty sa udr\u017euj\u00fa t\u00fdmi ist\u00fdmi prostriedkami, ktor\u00fdmi vznikli\u201d<\/i>.\u00a0 V\u0161imnime si, \u017ee to plat\u00ed naplno aj o kres\u0165anskej cirkvi, ktor\u00e1 bola po\u010dat\u00e1 dielom Ducha Sv\u00e4t\u00e9ho a skrze toho ist\u00e9ho Ducha \u017eije a\u017e dosia\u013e. Ak cirkev ne\u017eije z Ducha a pod\u013ea Ducha, prest\u00e1va \u017ei\u0165 a existova\u0165. Ak cirkev v\u00e4dne a str\u00e1ca niekedy svoju mlad\u00fa tv\u00e1r, svie\u017eos\u0165 a pr\u00ed\u0165a\u017elivos\u0165, je to preto, \u017ee sa st\u00e1va viac \u013eudskou in\u0161tit\u00faciou a organiz\u00e1ciou v ktorej sa chce viac uplatni\u0165 \u010dlovek, ako p\u00f4sobenie Ducha Sv\u00e4t\u00e9ho.<\/p>\n<p>Bolo by neporozumen\u00edm re\u010di a s\u013eubu P\u00e1na Je\u017ei\u0161a Krista, ak by sme o zoslan\u00ed Ducha Sv\u00e4t\u00e9ho hovorili a uva\u017eovali len ako o hist\u00f3rii. Ako o nie\u010dom, \u010do sa stalo v d\u00e1vnej minulosti a \u010do je neopakovate\u013en\u00e9. Zmyslom sviatkov sv\u00e4todu\u0161n\u00fdch je najm\u00e4 to, aby sme si uvedomili, \u017ee aj dnes plat\u00ed zas\u013e\u00fabenie a slovo n\u00e1\u0161ho P\u00e1na Je\u017ei\u0161a Krista. Ponuka darov Ducha Sv\u00e4t\u00e9ho je tu aj pre n\u00e1s a pre ka\u017ed\u00fa nov\u00fa gener\u00e1ciu kres\u0165anov. T\u00e1to ponuka plat\u00ed dokonca aj pre nekres\u0165anov. Je to ponuka pre cel\u00fd svet a pre ka\u017ed\u00e9ho \u010dloveka.<\/p>\n<p>O tejto ponuke a jej konkr\u00e9tnom v\u00fdznamen chceme v \u010fal\u0161om k\u00e1zan\u00ed sved\u010di\u0165. Chceme uva\u017eova\u0165 o tom, \u010do znamen\u00e1 tak\u00e1to ponuka darov Ducha sv\u00e4t\u00e9ho, \u010do On p\u00f4sob\u00ed a \u010do m\u00f4\u017eeme od Neho o\u010dak\u00e1va\u0165.\u00a0Sk\u00f4r, ako by sme o tom hovorili a sved\u010dili na z\u00e1klade Bo\u017eeho Slova, vy\u017eiadajme si k tomuto svedectvu a jeho prijatiu pomoci od Otca svetiel v modlitbe P\u00e1novej!<\/p>\n<p>O t \u010d e n \u00e1 \u0161 \u2026.<\/p>\n<p><b>J\u00e1n 14, 15-21, 26:<\/b><\/p>\n<p><i>\u201cAk ma milujete, zachov\u00e1vajte moje prik\u00e1zanie. (16) A ja budem prosi\u0165 Otca, a d\u00e1 v\u00e1m in\u00e9ho Radcu<\/i><b><i>,<\/i><\/b><i> aby bol s vami a\u017e naveky, &#8211; (17) Ducha pravdy, ktor\u00e9ho svet nem\u00f4\u017ee prija\u0165, preto\u017ee Ho nevid\u00ed, ani nezn\u00e1. Vy ho zn\u00e1te, preto\u017ee pri v\u00e1s ost\u00e1va a bude vo v\u00e1s. (18)\u00a0 Neopust\u00edm v\u00e1s ako siroty, pr\u00eddem k v\u00e1m. (19) E\u0161te m\u00e1li\u010dko, a svet ma viac neuvid\u00ed, ale vy ma uvid\u00edte, preto\u017ee ja \u017eijem, aj vy budete \u017ei\u0165. (20) V ten de\u0148 pozn\u00e1te, \u017ee ja som vo svojom Otcovi, a vy ste vo mne, ako ja som vo v\u00e1s. (21) Kto m\u00e1 moje prik\u00e1zania a zachov\u00e1va ich, ten ma miluje; a kto m\u0148a miluje, toho bude milova\u0165 aj m\u00f4j Otec, aj ja ho budem milova\u0165 a vyjav\u00edm mu seba sam\u00e9ho. &#8211; (26) Ale Radca, ten Duch Sv\u00e4t\u00fd, ktor\u00e9ho po\u0161le Otec v mojom mene, Ten nau\u010d\u00ed v\u00e1s v\u0161etk\u00e9mu a pripomenie v\u00e1m v\u0161etko, \u010do som v\u00e1m hovoril\u201d. Amen<\/i><\/p>\n<p><i>\u00a0 \u00a0 \u00a0 \u00a0 \u00a0<\/i> Bratia a sestry v P\u00e1novi !<\/p>\n<p><i>\u201cNa po\u010diatku bolo slovo\u201d, <\/i>sved\u010d\u00ed evanjelista J\u00e1n. Tento v\u00fdrok plat\u00ed nielen o stvoren\u00ed sveta a v\u0161ehom\u00edra. Hovor\u00ed nielen o existencii ve\u010dn\u00e9ho Slova, ktor\u00e9 sa v plnosti \u010dasu <i>\u201cstalo telom\u201d.<\/i> Plat\u00ed aj zoslan\u00ed Ducha Sv\u00e4t\u00e9ho na apo\u0161tolov.\u00a0Aj tam bolo na po\u010diatku slovo. Zoslanie Ducha toti\u017e predch\u00e1dzalo zas\u013e\u00fabenie P\u00e1na Je\u017ei\u0161a Krista u\u010den\u00edkom po Jeho vzkriesen\u00ed: <i>\u201dPr\u00edjmite Ducha Sv\u00e4t\u00e9ho\u201d.<\/i> Samotn\u00e9 zoslanie Ducha predch\u00e1dzala v\u00fdzva prija\u0165 Ho, ke\u010f t\u00e1to chv\u00ed\u013ea nastane a napln\u00ed sa \u010das. P\u00e1n Je\u017ei\u0161 t\u00fato v\u00fdzvu zopakoval viackr\u00e1t. Aj v \u00favodnom sv\u00e4tom texte Je\u017ei\u0161 hovor\u00ed:\u201d <i>Zachov\u00e1vajte moje prik\u00e1zanie. A ja budem prosi\u0165 Otca a d\u00e1 v\u00e1m in\u00e9ho Radcu, aby bol s vami a\u017e naveky &#8211; Ducha pravdy\u2026\u201d.\u00a0<\/i>Prik\u00e1zanie o\u010dak\u00e1va\u0165 zoslanie Ducha a s\u013eub, \u017ee sa tak stane sa naplnili a stali sa skuto\u010dnos\u0165ou. Samozrejme, najsk\u00f4r sa stali skuto\u010dnos\u0165ou v \u017eivote jeden\u00e1stich, ale potom aj v \u017eivote mnoh\u00fdch \u017didov a pohanov, ktor\u00ed vytvorili prvotn\u00fa cirkev a prv\u00fd cirkevn\u00fd zbor v Jeruzaleme.<\/p>\n<p>Rovnako v\u0161ak plat\u00ed aj pre v\u0161etk\u00fdch ostatn\u00fdch \u013eud\u00ed. Aby niekto mohol prija\u0165 do svojho ducha p\u00f4sobenie a po\u017eehnanie Ducha Sv\u00e4t\u00e9ho, mus\u00ed d\u00f4verova\u0165 tomuto Kristovmu slovu. <i>\u201dAk ma milujete, zachov\u00e1vajte moje prik\u00e1zanie. A ja budem prosi\u0165 Otca a d\u00e1 v\u00e1m in\u00e9ho Radcu, aby bol s vami a\u017e naveky\u201d.\u00a0<\/i>Aby \u010dlovek mohol prija\u0165 dar od Otca, vyprosen\u00fd Synom Je\u017ei\u0161om Kristom\u00a0 -mus\u00ed by\u0165 \u010dlovekom o\u010dak\u00e1vania. \u010clovek mus\u00ed dok\u00e1za\u0165, \u017ee Je\u017ei\u0161a a Jeho slovo a s\u013eub nepova\u017euje za nie\u010do bezcenn\u00e9 a pr\u00e1zdne, \u010di dokonca za klamstvo, ale za slovo pravdiv\u00e9.\u00a0Pritom Duch Sv\u00e4t\u00fd nie je na\u0161\u00edm vlastn\u00edctvom, ale aj On je P\u00e1nom, tak ako Je\u017ei\u0161 Kristus. Aj Duch Sv\u00e4t\u00fd je vo\u010di n\u00e1m suver\u00e9nny. Nie je niek\u00fdm, k\u00fdm mo\u017eno manipulova\u0165, alebo naklada\u0165 pod\u013ea na\u0161ej v\u00f4le. Plat\u00ed o \u0147om v\u00fdrok P\u00e1na Je\u017ei\u0161a, ktor\u00fd povedal Nikod\u00e9movi:<i> \u201dVietor veje, kam chce, \u010duje\u0161 jeho hlas, ale nevie\u0161 odkia\u013e prich\u00e1dza a kam ide: tak je s ka\u017ed\u00fdm, kto sa narodil z Ducha\u201d. (J 3,8) <\/i>Preto u\u010den\u00edci \u010dakali trpezlivo a verne na naplnenie P\u00e1novho pr\u00edkazu. To je nie\u010do, \u010do si mus\u00edme aj my ako prv\u00e9 uvedomi\u0165. Ak Krista P\u00e1na milujeme, m\u00e1me zachov\u00e1va\u0165 Jeho prik\u00e1zania. Patr\u00ed k nim aj trpezlivos\u0165 v \u010dak\u00e1van\u00ed na p\u00f4sobenie Ducha Sv\u00e4t\u00e9ho v na\u0161om \u017eivote.<\/p>\n<p>V kres\u0165anstve, v cirkvi neraz po\u010dujeme hovori\u0165, \u017ee sa m\u00e1me modli\u0165 za dar Ducha Sv\u00e4t\u00e9ho a prosi\u0165 Ho, aby p\u00f4sobil v n\u00e1s, medzi nami i v\u0161etk\u00fdmi \u013eu\u010fmi. Iste by to bolo dobr\u00e9 a vz\u00e1cne. Svet Ho v\u0161ak nem\u00f4\u017ee prija\u0165, preto\u017ee Ho nepozn\u00e1 a ani nepln\u00ed Kristov pr\u00edkaz trpezliv\u00e9ho \u010dakania. V skuto\u010dnosti je to tak, \u017ee rozhoduj\u00face je to, \u010do hovor\u00ed Je\u017ei\u0161: <i>\u201d Ja budem prosi\u0165 Otca a d\u00e1 v\u00e1m in\u00e9ho Radcu, aby bol s vami a\u017e naveky\u201d. <\/i>Neraz sa v\u0161ak st\u00e1va, \u017ee Ducha Sv\u00e4t\u00e9ho neprij\u00edmame vtedy, ke\u010f On s\u00e1m prich\u00e1dza a je zoslan\u00fd, lebo si mysl\u00edme si, \u017ee na\u0161a modlitba a prosba je rozhoduj\u00faca pri Jeho p\u00f4soben\u00ed a vyliat\u00ed.<\/p>\n<p>Bratia a sestry v P\u00e1novi!<\/p>\n<p>P\u00e1n Je\u017ei\u0161 naz\u00fdva Ducha sv\u00e4t\u00e9ho menom Radca a Duch pravdy.<\/p>\n<p>O tohoto Radcu svet \u010dasto ani nestoj\u00ed. Ale ak by o Jeho radu aj st\u00e1l, P\u00e1n Je\u017ei\u0161 hovor\u00ed, \u017ee ho svet Ho <i>\u201cnem\u00f4\u017ee prija\u0165, preto\u017ee Ho nevid\u00ed, ani nezn\u00e1\u201d<\/i>. \u00a0Ko\u013eko kr\u00e1t sme to po\u010duli z \u00fast neveriach a det\u00ed tohto sveta: Videl si Ho? &#8211; Ja ak neuvid\u00edm, neuver\u00edm, hovoria s pochybuj\u00facim Tom\u00e1\u0161om mnoh\u00ed. Niektor\u00ed dolo\u017eia: ak neuvid\u00edm, alebo ak sa Ho nedotknem &#8211; v\u00f4bec neuver\u00edm.\u00a0\u010clovek sa ani Boha Otca, ani vzkriesen\u00e9ho Syna, ani Ducha Sv\u00e4t\u00e9ho zrakom, alebo hmatom dot\u00fdka\u0165 nem\u00f4\u017ee. To je fakt. Ale P\u00e1n Je\u017ei\u0161 hovor\u00ed, \u017ee On, ten nebesk\u00fd Radca je \u201cDuchom pravdy\u201d.<b> <\/b>Na rozdiel od n\u00e1s, od sveta a \u010dloveka On v\u0161etko vid\u00ed a pozn\u00e1 pravdivo. Pozn\u00e1 svoje stvorenstvo, lebo je Stvorite\u013e a P\u00f4vodca v\u0161etk\u00e9ho &#8211; okrem hriechu.<\/p>\n<p>Je to tak, ako ke\u010f nejak\u00fd majster alebo odborn\u00edk vytvor\u00ed nejak\u00fd zlo\u017eit\u00fd stroj. Iba on mu najlep\u0161ie rozumie a najlep\u0161ie pozn\u00e1 dokonale jeho fungovanie. Ak treba nie\u010do opravi\u0165, nahradi\u0165 alebo zrenovova\u0165, je najlep\u0161ie \u00a0 obr\u00e1ti\u0165 sa na v\u00fdrobcu a na pr\u00edslu\u0161n\u00e9ho odborn\u00edka. Ke\u010f Je\u017ei\u0161 hovor\u00ed, \u017ee Duch Sv\u00e4t\u00fd je Duchom pravdy, znamen\u00e1 to to\u013eko, \u017ee On pozn\u00e1 aj tento svet a rozumie mu. Rozumie ekosyst\u00e9mu, ktor\u00fd stvoril, ale aj n\u00e1m a na\u0161ej \u013eudskej du\u0161i i telu. Pozn\u00e1 n\u00e1s lep\u0161ie ako my sami a rozumie n\u00e1m lep\u0161ie, ako my sami sebe rozumieme. Vie, \u010do je d\u00f4le\u017eit\u00e9, alebo rozhoduj\u00face. To je d\u00f4vod, pre\u010do m\u00e1 v na\u0161om duchu a du\u0161i ma\u0165 miesto, svoj \u201cpr\u00edbytok\u201d a rozhodova\u0165 Duch Sv\u00e4t\u00fd, aby n\u00e1s <i>\u201cosvecoval i posv\u00e4coval\u201d <\/i>a \u201cuv\u00e1dzal do v\u0161etkej pravdy.<\/p>\n<p>V dne\u0161nom biblickom texte evanjelista dva kr\u00e1t menuje Ducha Sv\u00e4t\u00e9ho slovom: Radca. P\u00f4vodn\u00e9 slovo P\u00edsma, ktor\u00e9 je vzat\u00e9 z gr\u00e9\u010dtiny tu pou\u017e\u00edva ve\u013emi jedine\u010dn\u00fd pojem, ktor\u00fd sa ned\u00e1 do sloven\u010diny prelo\u017ei\u0165 iba t\u00fdmto jedn\u00fdm v\u00fdrazom. To pomenovanie po gr\u00e9cky znie Parakl\u00e9tos a s\u00fa\u010dasne znamen\u00e1 aj Pomocn\u00edk, Obranca a Ute\u0161ite\u013e. V na\u0161ej NZ tieto v\u00fdrazy s\u00fa uveden\u00e9 len pod \u010diarou, ale v\u0161etky s\u00fa rovnako d\u00f4le\u017eit\u00e9. Ak nechceme v \u017eivote bl\u00fadi\u0165 a skon\u010di\u0165 v tme &#8211; \u010dasnej, alebo ve\u010dnej, iste potrebujem aj Radcu, ktor\u00fd je viac ako ak\u00fdko\u013evek \u013eudsk\u00fd radca, \u010di poradca. Iba On n\u00e1s vie a m\u00f4\u017ee vies\u0165 tak, aby sme \u017eili a zostali de\u0165mi svetla a cestou nezahynuli.<\/p>\n<p>Bratia a sestry v Kristu P\u00e1nu!<\/p>\n<p>Duch Sv\u00e4t\u00fd je s\u00fa\u010dasne aj Pomocn\u00edkom. Je Pomocn\u00edkom v tom, \u010do mu je\u00a0 vlastn\u00e9 a bytostn\u00e9. To je predov\u0161etk\u00fdm l\u00e1ska. T\u00e1 Bo\u017eia l\u00e1ska je najozaj <i>\u201cp\u00e1skou dokonalosti\u201d,<\/i> ako to vyjadril apo\u0161tol Pavel. L\u00e1ska Bo\u017eia dokonale sp\u00e1ja Otca, Syna a Ducha Sv\u00e4t\u00e9ho v jednotu &#8211; ale pom\u00e1ha aj n\u00e1m k jednote v l\u00e1ske. Nezab\u00fadajme na J\u00e1nov v\u00fdrok o l\u00e1ske, ktor\u00fd je &#8211; takpovediac-\u00a0 z\u00e1kladn\u00fd: <i>\u201dMy milujeme, preto\u017ee On prv miloval n\u00e1s!\u00a0<\/i>On je teda skuto\u010dn\u00fdm darcom l\u00e1sky, aby aj na\u0161e vz\u0165ahy boli a mohli by\u0165 viazan\u00e9 touto p\u00e1skou dokonalosti. Vieme, \u017ee \u010dasto sme v sejbe tejto l\u00e1sky\u00a0 slab\u00ed a \u010dasto zlyh\u00e1vame. Zlyh\u00e1vaj\u00fa a uvo\u013e\u0148uj\u00fa sa na\u0161e vz\u0165ahy rodinn\u00e9, man\u017eelsk\u00e9 i medzi\u013eudsk\u00e9 v\u00f4bec.<\/p>\n<p>Duch Sv\u00e4t\u00fd, ktor\u00fd je Parakl\u00e9tos\u00a0 &#8211; je nielen Radca, ale aj Pomocn\u00edk pre \u010dloveka, aby sa dok\u00e1zal vymani\u0165 z paz\u00farov onoho star\u00e9ho nepriate\u013ea, ktor\u00fd n\u00e1s chce zni\u010di\u0165 &#8211; nel\u00e1skou, \u010di\u017ee nen\u00e1vis\u0165ou. P\u00fa\u0161te a polop\u00fa\u0161te \u013eudsk\u00fdch s\u0155dc, bezcitnos\u0165 a mno\u017estvo hriechov zalo\u017een\u00fdch na egocentrizme, sebel\u00e1ske &#8211;\u00a0 to je priestor, v ktorom \u017eijeme. Je to v\u0161ak priestor a miesto, kde ako \u201c<i>rosa zhora<\/i>\u201d m\u00f4\u017ee a m\u00e1 prich\u00e1dza\u0165 Duch Sv\u00e4t\u00fd, aby obnovoval i nanovo budoval to, \u010do je pekn\u00e9, mil\u00e9 a vz\u00e1cne na\u0161im o\u010diam.<\/p>\n<p>Bratia a sestry!<\/p>\n<p>Aj tie u\u017e pomerne mali\u010dk\u00e9 o\u00e1zy duchovnej zelene v srdciach \u013eud\u00ed potrebuj\u00fa rosu zhora, ako vyschnut\u00e1 p\u00f4da m\u00e1jov\u00fd d\u00e1\u017e\u010f. V\u0161etci sme tu odk\u00e1zan\u00ed na Pomoc a Dar z nebies.\u00a0Preto je tak vz\u00e1cne uistenie a pote\u0161ite\u013en\u00e9 a n\u00e1dejn\u00e9 slovo P\u00e1novo, ktor\u00fd hovor\u00ed:<i> \u201d Neopust\u00edm v\u00e1s, ako siroty, pr\u00eddem k v\u00e1m.<\/i> \u201c Svet &#8211; \u017eia\u013e , Krista naozaj nevid\u00ed, nepo\u010duje, alebo N\u00edm a jeho slovom a prik\u00e1zaniami poh\u0155da. Pravda, t\u00fdm bolestnej\u0161ie postr\u00e1da i rozumn\u00fa radu a pomoc v tom, ako m\u00e1 \u017ei\u0165 a dosahova\u0165 \u017eivota pokoj.<\/p>\n<p>Na druhej strane P\u00e1n zas\u013eubuje\u00a0 t\u00fdm, ktor\u00ed na Jeho pr\u00edhovory a orodovanie u Otca o\u010dak\u00e1vaj\u00fa s d\u00f4verou a trpezlivo: <i>\u201cPreto\u017ee ja \u017eijem, aj vy budete \u017ei\u0165\u201d .\u00a0<\/i>On je s\u00fa\u010dasne aj na\u0161\u00edm Obr\u00e1ncom, ke\u010f na n\u00e1s \u00fato\u010dia ohniv\u00e9 \u0161\u00edpy toho star\u00e9ho nepriate\u013ea a ne\u0161\u013eachetn\u00edka, satana. S\u00e1m sa mu neubr\u00e1ni nikto, ale s N\u00edm, s Kristom, v\u0161ak nakoniec v\u017edycky zv\u00ed\u0165az\u00edme.<\/p>\n<p><i>\u00a0\u00a0 <\/i>\u00a0 Bratia a sestry v Kristu, P\u00e1novi!<\/p>\n<p>Duch Sv\u00e4t\u00fd bol dan\u00fd apo\u0161tolom i cirkvi na po\u010diatku a potom v\u017edy aj ako prav\u00fd Ute\u0161ite\u013e. Op\u00e4\u0165 plat\u00ed, \u017ee aj n\u00e1m pon\u00faka t\u00fato svoju svoju pomoc. Aj dnes a v na\u0161ej pr\u00edtomnosti je Ducha Sv\u00e4t\u00fd Ten, \u010do pote\u0161uje. Tam, kde je na\u0161e \u013eudsk\u00e9 slovo slab\u00e9, nevhodn\u00e9, mo\u017eno viac zra\u0148uj\u00face, ako posil\u0148uj\u00face a kde potrebujemem slovo skuto\u010dne hojace v\u0161elijak\u00e9 bolesti a rany s\u0155dc a du\u0161\u00ed,\u00a0je pote\u0161en\u00edm s\u013eub a prosba P\u00e1na Je\u017ei\u0161a o zoslan\u00ed nebesk\u00e9ho Parakl\u00e9ta v\u0161etk\u00fdm trpiacim.\u00a0\u00a0Duch Sv\u00e4t\u00fd ako prav\u00fd Ute\u0161ite\u013e \u013eudsk\u00fdch s\u0155dc a du\u0161\u00ed je na\u0161ou jedinou n\u00e1dejou. Nie my sme te\u0161itelia. Nie my sme t\u00ed, ktor\u00ed s\u00fa siln\u00ed a s\u00fa\u010dasne pln\u00ed milosti. Je to Duch Sv\u00e4t\u00fd, ktor\u00fd nielen m\u00f4\u017ee, ale aj kon\u00e1 v na\u0161ich srdciach a v na\u0161ich du\u0161iach. On v n\u00e1s vie a chce aj takto p\u00f4sobi\u0165 &#8211; a my sa mu m\u00f4\u017eeme v odvahe viery otvori\u0165 a zveri\u0165.<\/p>\n<p>Takto hovoril Je\u017ei\u0161 k u\u010den\u00edkom a takto st\u00e1le hovor\u00ed: <i>\u201cRadca, ten Duch Sv\u00e4t\u00fd, ktor\u00e9ho po\u0161le Otec v mojom mene, Ten nau\u010d\u00ed a pripomenie v\u00e1m v\u0161etko, \u010do som v\u00e1m hovoril\u201d. <\/i>Iste sme u\u017e aj my mnoho P\u00e1nov\u00fdch slov po\u010duli.\u00a0 Ale mnoho sme ich aj zabudli a in\u00fdm sme nie spr\u00e1vne porozumeli. Sv\u00e4todu\u0161n\u00e9 sviatky s\u00fa vz\u00e1cne preto, lebo obnovuj\u00fa na\u0161e poznanie, na\u0161u vieru a d\u00f4veru. U\u010dia n\u00e1s, \u017ee cirkev je P\u00e1nova a aj my v nej m\u00e1me by\u0165 a patri\u0165 P\u00e1novi a na Jeho milos\u0165 sa v\u017edy spolieha\u0165.<\/p>\n<p>V cirkvi, v rodin\u00e1ch i vo svete je ve\u013ea sm\u00fatku, pesimizmu, bezn\u00e1deje i z\u00fafalstva. Na jednej strane n\u00e1s to usved\u010duje z toho, \u017ee sme mo\u017eno radcov, pomocn\u00edkov a te\u0161ite\u013eov h\u013eadali viac v \u010dloveku a v \u013eu\u010foch, alebo dokonca v tom, \u010do je pominute\u013en\u00e9, ako v Tom, ktor\u00fd pros\u00ed za n\u00e1s a n\u00e1m hovor\u00ed: \u010cakajte, o\u010dak\u00e1vajte na Hospodina a na Jeho p\u00f4sobenie skrze Ducha sv\u00e4t\u00e9ho!<\/p>\n<p>Takto vznikla cirkev, takto ona trv\u00e1 a takto m\u00f4\u017ee obst\u00e1\u0165 a odolola\u0165 v zl\u00fd de\u0148 &#8211; a v nej ka\u017ed\u00fd z n\u00e1s. Kie\u017e n\u00e1s tieto sv\u00e4todu\u0161n\u00e9 sviatky rozvla\u017eia a ob\u010derstvia hojn\u00fdm a bohat\u00fdm p\u00f4soben\u00edm Ducha Sv\u00e4t\u00e9ho, ako Radcu, Ducha Pravdy, Pomocn\u00edka, Obrancu a Ute\u0161ite\u013ea!\u00a0 Amen<\/p>\n<p><i>\u00a0 \u00a0 1.sl\u00e1vnos\u0165 sv\u00e4todu\u0161n\u00e1\u00a0 \u00a0 \u00a0 &#8211;\u00a0 Prietr\u017e\u00a0 2017 \u00a0 \u00a0 \u00a0 &#8211; \u00a0 \u00a0 \u013dubom\u00edr Batka st.<\/i><\/p>\n","protected":false},"excerpt":{"rendered":"<p>\u00a0 \u00a0 \u00a0 \u00a0 \u00a0 \u00a0 \u00a0 \u00a0 \u00a0 \u00a0 \u00a0 \u00a0 \u00a0 \u00a0 \u00a0 \u00a0 \u00a0 \u00a0 \u00a0 \u00a0 \u00a0 \u00a0 \u00a0 \u00a0 \u00a0 \u00a0 \u00a0 \u00a0 \u00a0 \u00a0 \u00a0 \u00a0 \u00a0 \u00a0 Duch Sv\u00e4t\u00fd &#8211; Parakl\u00e9tos U\u010di\u0148 si pr\u00edbytok svoj v n\u00e1s, Pane, pre l\u00e1sku t\u00fa, t\u00fdm slovom Tvoj\u00edm v srdciach za\u017enut\u00fa, Pre &#8230; <a title=\"Duch Sv\u00e4t\u00fd &#8211; Parakl\u00e9tos\" class=\"read-more\" href=\"https:\/\/www.e-anjelik.sk\/index.php\/2017\/07\/06\/duch-svaty-parakletos\/\" aria-label=\"Pre\u010d\u00edtajte si viac o Duch Sv\u00e4t\u00fd &#8211; Parakl\u00e9tos\">\u010c\u00edta\u0165 viac<\/a><\/p>\n","protected":false},"author":4,"featured_media":0,"comment_status":"open","ping_status":"open","sticky":false,"template":"","format":"standard","meta":{"footnotes":""},"categories":[147,121,152,108],"tags":[],"class_list":["post-31393","post","type-post","status-publish","format-standard","hentry","category-duch-svaty","category-kazne","category-prietrz","category-svatodusne-sviatky"],"_links":{"self":[{"href":"https:\/\/www.e-anjelik.sk\/index.php\/wp-json\/wp\/v2\/posts\/31393","targetHints":{"allow":["GET"]}}],"collection":[{"href":"https:\/\/www.e-anjelik.sk\/index.php\/wp-json\/wp\/v2\/posts"}],"about":[{"href":"https:\/\/www.e-anjelik.sk\/index.php\/wp-json\/wp\/v2\/types\/post"}],"author":[{"embeddable":true,"href":"https:\/\/www.e-anjelik.sk\/index.php\/wp-json\/wp\/v2\/users\/4"}],"replies":[{"embeddable":true,"href":"https:\/\/www.e-anjelik.sk\/index.php\/wp-json\/wp\/v2\/comments?post=31393"}],"version-history":[{"count":1,"href":"https:\/\/www.e-anjelik.sk\/index.php\/wp-json\/wp\/v2\/posts\/31393\/revisions"}],"predecessor-version":[{"id":31394,"href":"https:\/\/www.e-anjelik.sk\/index.php\/wp-json\/wp\/v2\/posts\/31393\/revisions\/31394"}],"wp:attachment":[{"href":"https:\/\/www.e-anjelik.sk\/index.php\/wp-json\/wp\/v2\/media?parent=31393"}],"wp:term":[{"taxonomy":"category","embeddable":true,"href":"https:\/\/www.e-anjelik.sk\/index.php\/wp-json\/wp\/v2\/categories?post=31393"},{"taxonomy":"post_tag","embeddable":true,"href":"https:\/\/www.e-anjelik.sk\/index.php\/wp-json\/wp\/v2\/tags?post=31393"}],"curies":[{"name":"wp","href":"https:\/\/api.w.org\/{rel}","templated":true}]}}